{"id":9076,"date":"2021-11-21T20:14:52","date_gmt":"2021-11-21T20:14:52","guid":{"rendered":"http:\/\/przedszkole8.pl\/?p=9076"},"modified":"2021-11-21T20:14:52","modified_gmt":"2021-11-21T20:14:52","slug":"kraina-misiow-w-kapeluszach-2","status":"publish","type":"post","link":"https:\/\/przedszkole8.pl\/?p=9076","title":{"rendered":"Kraina Misi\u00f3w w Kapeluszach"},"content":{"rendered":"<p>W tym tygodniu grupa II zamieni\u0142a si\u0119 w Krain\u0119 Misi\u00f3w w Kapeluszach<\/p>\n<p><a href=\"https:\/\/i0.wp.com\/przedszkole8.pl\/wp-content\/uploads\/2021\/11\/IMG-20211119-WA0000.jpg?ssl=1\"><img data-recalc-dims=\"1\" loading=\"lazy\" decoding=\"async\" src=\"https:\/\/i0.wp.com\/przedszkole8.pl\/wp-content\/uploads\/2021\/11\/IMG-20211119-WA0000-225x300.jpg?resize=225%2C300&#038;ssl=1\" alt=\"img-20211119-wa0000\" width=\"225\" height=\"300\" class=\"alignnone size-medium wp-image-9057\" \/><\/a><\/p>\n","protected":false},"excerpt":{"rendered":"<p>W tym tygodniu grupa II zamieni\u0142a si\u0119 w Krain\u0119 Misi\u00f3w w Kapeluszach<\/p>\n","protected":false},"author":1,"featured_media":0,"comment_status":"closed","ping_status":"closed","sticky":false,"template":"","format":"standard","meta":{"jetpack_post_was_ever_published":false,"_jetpack_newsletter_access":"","_jetpack_dont_email_post_to_subs":false,"_jetpack_newsletter_tier_id":0,"_jetpack_memberships_contains_paywalled_content":false,"_jetpack_memberships_contains_paid_content":false,"footnotes":"","jetpack_publicize_message":"","jetpack_publicize_feature_enabled":true,"jetpack_social_post_already_shared":true,"jetpack_social_options":{"image_generator_settings":{"template":"highway","default_image_id":0,"font":"","enabled":false},"version":2}},"categories":[33],"tags":[],"class_list":["post-9076","post","type-post","status-publish","format-standard","hentry","category-uszatki-2021-2022"],"jetpack_publicize_connections":[],"jetpack_featured_media_url":"","jetpack_sharing_enabled":true,"jetpack_shortlink":"https:\/\/wp.me\/p7NQjT-2mo","jetpack-related-posts":[],"_links":{"self":[{"href":"https:\/\/przedszkole8.pl\/index.php?rest_route=\/wp\/v2\/posts\/9076","targetHints":{"allow":["GET"]}}],"collection":[{"href":"https:\/\/przedszkole8.pl\/index.php?rest_route=\/wp\/v2\/posts"}],"about":[{"href":"https:\/\/przedszkole8.pl\/index.php?rest_route=\/wp\/v2\/types\/post"}],"author":[{"embeddable":true,"href":"https:\/\/przedszkole8.pl\/index.php?rest_route=\/wp\/v2\/users\/1"}],"replies":[{"embeddable":true,"href":"https:\/\/przedszkole8.pl\/index.php?rest_route=%2Fwp%2Fv2%2Fcomments&post=9076"}],"version-history":[{"count":1,"href":"https:\/\/przedszkole8.pl\/index.php?rest_route=\/wp\/v2\/posts\/9076\/revisions"}],"predecessor-version":[{"id":9077,"href":"https:\/\/przedszkole8.pl\/index.php?rest_route=\/wp\/v2\/posts\/9076\/revisions\/9077"}],"wp:attachment":[{"href":"https:\/\/przedszkole8.pl\/index.php?rest_route=%2Fwp%2Fv2%2Fmedia&parent=9076"}],"wp:term":[{"taxonomy":"category","embeddable":true,"href":"https:\/\/przedszkole8.pl\/index.php?rest_route=%2Fwp%2Fv2%2Fcategories&post=9076"},{"taxonomy":"post_tag","embeddable":true,"href":"https:\/\/przedszkole8.pl\/index.php?rest_route=%2Fwp%2Fv2%2Ftags&post=9076"}],"curies":[{"name":"wp","href":"https:\/\/api.w.org\/{rel}","templated":true}]}}