{"id":9071,"date":"2021-11-21T20:11:29","date_gmt":"2021-11-21T20:11:29","guid":{"rendered":"http:\/\/przedszkole8.pl\/?p=9071"},"modified":"2021-11-21T20:11:29","modified_gmt":"2021-11-21T20:11:29","slug":"kraina-pszczolek-roznej-grubosci","status":"publish","type":"post","link":"https:\/\/przedszkole8.pl\/?p=9071","title":{"rendered":"Kraina Pszcz\u00f3\u0142ek R\u00f3\u017cnej Grubo\u015bci"},"content":{"rendered":"<p>W tym tygodniu sala grupy V zmieni\u0142a si\u0119 w Krain\u0119 Pszcz\u00f3\u0142ek R\u00f3\u017cnej Grubo\u015bci. W <strong>poniedzia\u0142ek<\/strong> dekorowali\u015bmy nasz\u0105 sal\u0119:<\/p>\n<p><a href=\"https:\/\/i0.wp.com\/przedszkole8.pl\/wp-content\/uploads\/2021\/11\/20211119_111440.jpg?ssl=1\"><img data-recalc-dims=\"1\" loading=\"lazy\" decoding=\"async\" src=\"https:\/\/i0.wp.com\/przedszkole8.pl\/wp-content\/uploads\/2021\/11\/20211119_111440-300x169.jpg?resize=300%2C169&#038;ssl=1\" alt=\"20211119_111440\" width=\"300\" height=\"169\" class=\"alignnone size-medium wp-image-9058\" \/><\/a><\/p>\n<p><a href=\"https:\/\/i0.wp.com\/przedszkole8.pl\/wp-content\/uploads\/2021\/11\/20211119_111454.jpg?ssl=1\"><img data-recalc-dims=\"1\" loading=\"lazy\" decoding=\"async\" src=\"https:\/\/i0.wp.com\/przedszkole8.pl\/wp-content\/uploads\/2021\/11\/20211119_111454-300x169.jpg?resize=300%2C169&#038;ssl=1\" alt=\"20211119_111454\" width=\"300\" height=\"169\" class=\"alignnone size-medium wp-image-9060\" \/><\/a><\/p>\n<p><a href=\"https:\/\/i0.wp.com\/przedszkole8.pl\/wp-content\/uploads\/2021\/11\/20211119_111556.jpg?ssl=1\"><img data-recalc-dims=\"1\" loading=\"lazy\" decoding=\"async\" src=\"https:\/\/i0.wp.com\/przedszkole8.pl\/wp-content\/uploads\/2021\/11\/20211119_111556-300x169.jpg?resize=300%2C169&#038;ssl=1\" alt=\"20211119_111556\" width=\"300\" height=\"169\" class=\"alignnone size-medium wp-image-9061\" \/><\/a><\/p>\n<p><a href=\"https:\/\/i0.wp.com\/przedszkole8.pl\/wp-content\/uploads\/2021\/11\/20211119_111626.jpg?ssl=1\"><img data-recalc-dims=\"1\" loading=\"lazy\" decoding=\"async\" src=\"https:\/\/i0.wp.com\/przedszkole8.pl\/wp-content\/uploads\/2021\/11\/20211119_111626-300x169.jpg?resize=300%2C169&#038;ssl=1\" alt=\"20211119_111626\" width=\"300\" height=\"169\" class=\"alignnone size-medium wp-image-9062\" \/><\/a><\/p>\n<p><a href=\"https:\/\/i0.wp.com\/przedszkole8.pl\/wp-content\/uploads\/2021\/11\/20211119_111708.jpg?ssl=1\"><img data-recalc-dims=\"1\" loading=\"lazy\" decoding=\"async\" src=\"https:\/\/i0.wp.com\/przedszkole8.pl\/wp-content\/uploads\/2021\/11\/20211119_111708-300x169.jpg?resize=300%2C169&#038;ssl=1\" alt=\"20211119_111708\" width=\"300\" height=\"169\" class=\"alignnone size-medium wp-image-9063\" \/><\/a><\/p>\n<p><a href=\"https:\/\/i0.wp.com\/przedszkole8.pl\/wp-content\/uploads\/2021\/11\/20211119_111604.jpg?ssl=1\"><img data-recalc-dims=\"1\" loading=\"lazy\" decoding=\"async\" src=\"https:\/\/i0.wp.com\/przedszkole8.pl\/wp-content\/uploads\/2021\/11\/20211119_111604-300x169.jpg?resize=300%2C169&#038;ssl=1\" alt=\"20211119_111604\" width=\"300\" height=\"169\" class=\"alignnone size-medium wp-image-9064\" \/><\/a><\/p>\n<p>We <strong>wtorek<\/strong> musieli\u015bmy zrobi\u0107 specjalne zadanie, kt\u00f3rym by\u0142a zamiana pani Agnieszki w pszczo\u0142\u0119:<\/p>\n<p><a href=\"https:\/\/i0.wp.com\/przedszkole8.pl\/wp-content\/uploads\/2021\/11\/wtorek.jpg?ssl=1\"><img data-recalc-dims=\"1\" loading=\"lazy\" decoding=\"async\" src=\"https:\/\/i0.wp.com\/przedszkole8.pl\/wp-content\/uploads\/2021\/11\/wtorek-165x300.jpg?resize=165%2C300&#038;ssl=1\" alt=\"wtorek\" width=\"165\" height=\"300\" class=\"alignnone size-medium wp-image-9074\" \/><\/a><\/p>\n<p>W <strong>\u015brod\u0119<\/strong> ta\u0144czyli\u015bmy do piosenki pt. &#8222;Taniec Mai&#8221;<\/p>\n<div style=\"width: 550px;\" class=\"wp-video\"><!--[if lt IE 9]><script>document.createElement('video');<\/script><![endif]-->\n<video class=\"wp-video-shortcode\" id=\"video-9071-1\" width=\"550\" height=\"309\" preload=\"metadata\" controls=\"controls\"><source type=\"video\/mp4\" src=\"https:\/\/przedszkole8.pl\/wp-content\/uploads\/2021\/11\/20211117_110929.mp4?_=1\" \/><a href=\"https:\/\/przedszkole8.pl\/wp-content\/uploads\/2021\/11\/20211117_110929.mp4\">https:\/\/przedszkole8.pl\/wp-content\/uploads\/2021\/11\/20211117_110929.mp4<\/a><\/video><\/div>\n<p>W <strong>czwartek<\/strong> organizowali\u015bmy teatrzyk:<\/p>\n<p><a href=\"https:\/\/i0.wp.com\/przedszkole8.pl\/wp-content\/uploads\/2021\/11\/20211118_101317.jpg?ssl=1\"><img data-recalc-dims=\"1\" loading=\"lazy\" decoding=\"async\" src=\"https:\/\/i0.wp.com\/przedszkole8.pl\/wp-content\/uploads\/2021\/11\/20211118_101317-300x169.jpg?resize=300%2C169&#038;ssl=1\" alt=\"20211118_101317\" width=\"300\" height=\"169\" class=\"alignnone size-medium wp-image-9070\" \/><\/a><\/p>\n<p><a href=\"https:\/\/i0.wp.com\/przedszkole8.pl\/wp-content\/uploads\/2021\/11\/20211118_102307.jpg?ssl=1\"><img data-recalc-dims=\"1\" loading=\"lazy\" decoding=\"async\" src=\"https:\/\/i0.wp.com\/przedszkole8.pl\/wp-content\/uploads\/2021\/11\/20211118_102307-300x169.jpg?resize=300%2C169&#038;ssl=1\" alt=\"20211118_102307\" width=\"300\" height=\"169\" class=\"alignnone size-medium wp-image-9069\" \/><\/a><\/p>\n<p><a href=\"https:\/\/i0.wp.com\/przedszkole8.pl\/wp-content\/uploads\/2021\/11\/20211118_102147.jpg?ssl=1\"><img data-recalc-dims=\"1\" loading=\"lazy\" decoding=\"async\" src=\"https:\/\/i0.wp.com\/przedszkole8.pl\/wp-content\/uploads\/2021\/11\/20211118_102147-300x169.jpg?resize=300%2C169&#038;ssl=1\" alt=\"20211118_102147\" width=\"300\" height=\"169\" class=\"alignnone size-medium wp-image-9068\" \/><\/a><\/p>\n<p><a href=\"https:\/\/i0.wp.com\/przedszkole8.pl\/wp-content\/uploads\/2021\/11\/20211118_101937.jpg?ssl=1\"><img data-recalc-dims=\"1\" loading=\"lazy\" decoding=\"async\" src=\"https:\/\/i0.wp.com\/przedszkole8.pl\/wp-content\/uploads\/2021\/11\/20211118_101937-300x169.jpg?resize=300%2C169&#038;ssl=1\" alt=\"20211118_101937\" width=\"300\" height=\"169\" class=\"alignnone size-medium wp-image-9067\" \/><\/a><\/p>\n<p><a href=\"https:\/\/i0.wp.com\/przedszkole8.pl\/wp-content\/uploads\/2021\/11\/20211118_102044.jpg?ssl=1\"><img data-recalc-dims=\"1\" loading=\"lazy\" decoding=\"async\" src=\"https:\/\/i0.wp.com\/przedszkole8.pl\/wp-content\/uploads\/2021\/11\/20211118_102044-300x169.jpg?resize=300%2C169&#038;ssl=1\" alt=\"20211118_102044\" width=\"300\" height=\"169\" class=\"alignnone size-medium wp-image-9066\" \/><\/a><\/p>\n<p>A w <strong>pi\u0105tek<\/strong> zrobili\u015bmy makiet\u0119 naszej Pszczelej Krainy:<\/p>\n<p><a href=\"https:\/\/i0.wp.com\/przedszkole8.pl\/wp-content\/uploads\/2021\/11\/20211119_103447.jpg?ssl=1\"><img data-recalc-dims=\"1\" loading=\"lazy\" decoding=\"async\" src=\"https:\/\/i0.wp.com\/przedszkole8.pl\/wp-content\/uploads\/2021\/11\/20211119_103447-300x169.jpg?resize=300%2C169&#038;ssl=1\" alt=\"20211119_103447\" width=\"300\" height=\"169\" class=\"alignnone size-medium wp-image-9059\" \/><\/a><\/p>\n","protected":false},"excerpt":{"rendered":"<p>W tym tygodniu sala grupy V zmieni\u0142a si\u0119 w Krain\u0119 Pszcz\u00f3\u0142ek R\u00f3\u017cnej Grubo\u015bci. W poniedzia\u0142ek dekorowali\u015bmy nasz\u0105 sal\u0119: We wtorek musieli\u015bmy zrobi\u0107 specjalne zadanie, kt\u00f3rym by\u0142a zamiana pani Agnieszki w pszczo\u0142\u0119: W \u015brod\u0119 ta\u0144czyli\u015bmy do piosenki pt. &#8222;Taniec Mai&#8221; W czwartek organizowali\u015bmy teatrzyk: A w pi\u0105tek zrobili\u015bmy makiet\u0119 naszej Pszczelej Krainy:<\/p>\n","protected":false},"author":1,"featured_media":0,"comment_status":"closed","ping_status":"closed","sticky":false,"template":"","format":"standard","meta":{"jetpack_post_was_ever_published":false,"_jetpack_newsletter_access":"","_jetpack_dont_email_post_to_subs":false,"_jetpack_newsletter_tier_id":0,"_jetpack_memberships_contains_paywalled_content":false,"_jetpack_memberships_contains_paid_content":false,"footnotes":"","jetpack_publicize_message":"","jetpack_publicize_feature_enabled":true,"jetpack_social_post_already_shared":true,"jetpack_social_options":{"image_generator_settings":{"template":"highway","default_image_id":0,"font":"","enabled":false},"version":2}},"categories":[36],"tags":[],"class_list":["post-9071","post","type-post","status-publish","format-standard","hentry","category-niedzwiadki-2021-2022"],"jetpack_publicize_connections":[],"jetpack_featured_media_url":"","jetpack_sharing_enabled":true,"jetpack_shortlink":"https:\/\/wp.me\/p7NQjT-2mj","jetpack-related-posts":[],"_links":{"self":[{"href":"https:\/\/przedszkole8.pl\/index.php?rest_route=\/wp\/v2\/posts\/9071","targetHints":{"allow":["GET"]}}],"collection":[{"href":"https:\/\/przedszkole8.pl\/index.php?rest_route=\/wp\/v2\/posts"}],"about":[{"href":"https:\/\/przedszkole8.pl\/index.php?rest_route=\/wp\/v2\/types\/post"}],"author":[{"embeddable":true,"href":"https:\/\/przedszkole8.pl\/index.php?rest_route=\/wp\/v2\/users\/1"}],"replies":[{"embeddable":true,"href":"https:\/\/przedszkole8.pl\/index.php?rest_route=%2Fwp%2Fv2%2Fcomments&post=9071"}],"version-history":[{"count":2,"href":"https:\/\/przedszkole8.pl\/index.php?rest_route=\/wp\/v2\/posts\/9071\/revisions"}],"predecessor-version":[{"id":9075,"href":"https:\/\/przedszkole8.pl\/index.php?rest_route=\/wp\/v2\/posts\/9071\/revisions\/9075"}],"wp:attachment":[{"href":"https:\/\/przedszkole8.pl\/index.php?rest_route=%2Fwp%2Fv2%2Fmedia&parent=9071"}],"wp:term":[{"taxonomy":"category","embeddable":true,"href":"https:\/\/przedszkole8.pl\/index.php?rest_route=%2Fwp%2Fv2%2Fcategories&post=9071"},{"taxonomy":"post_tag","embeddable":true,"href":"https:\/\/przedszkole8.pl\/index.php?rest_route=%2Fwp%2Fv2%2Ftags&post=9071"}],"curies":[{"name":"wp","href":"https:\/\/api.w.org\/{rel}","templated":true}]}}