{"id":7795,"date":"2021-05-26T13:53:13","date_gmt":"2021-05-26T13:53:13","guid":{"rendered":"http:\/\/przedszkole8.pl\/?p=7795"},"modified":"2021-05-26T13:53:13","modified_gmt":"2021-05-26T13:53:13","slug":"wazne-informacje-2","status":"publish","type":"post","link":"https:\/\/przedszkole8.pl\/?p=7795","title":{"rendered":"Wa\u017cne informacje"},"content":{"rendered":"<p>Informacje dotycz\u0105 spraw organizacyjnych w dniach 31 maja, 1 i 2 czerwca:<\/p>\n<p>1) W poniedzia\u0142ek 31 maja grupy przedszkolne bior\u0105 udzia\u0142 w maratonie w ramach og\u00f3lnopolskiego projektu &#8222;Sprintem do maratonu&#8221;. Druga strefa, czyli grupy III, IV i V biegn\u0105 w maratonie na wyznaczonej trasie w lesie. Prosimy o sportowy str\u00f3j dla dzieci, odpowiednie obuwie, w miar\u0119 mo\u017cliwo\u015bci \u017c\u00f3\u0142t\u0105 koszulk\u0119\/bluz\u0119, odpowiednio do pogody.<\/p>\n<p>2) We wtorek 1 czerwca obchodzimy Dzie\u0144 Dziecka w naszym przedszkolu, organizujemy festyn dla dzieci ze strefy drugiej, czyli grup III, IV i V, po obiedzie w ogrodzie przedszkolnym. W programie przewidziane s\u0105 zabawy z animatorem, pokaz baniek mydlanych, zabawa w \u017cyw\u0105 maskotk\u0119, &#8222;dmuchaniec&#8221;.<\/p>\n<p>3) W \u015brod\u0119 nagrywamy niespodziank\u0119 dla Rodzic\u00f3w dzieci z grupy IV i prosimy o stroje do przedstawienia, o kt\u00f3rych ju\u017c by\u0142a mowa.<\/p>\n<p>Prosimy o obecno\u015b\u0107 wszystkich dzieci od poniedzia\u0142ku do \u015brody nie tylko ze wzgl\u0119du na atrakcje jakie je czekaj\u0105, ale r\u00f3wnie\u017c z konieczno\u015bci prze\u0107wiczenia programu artystycznego dla Pa\u0144stwa, nad kt\u00f3rym pracowali\u015bmy od dawna i ze wzgl\u0119du na dotychczasow\u0105 nieobecno\u015b\u0107 dzieci nie jest on dopracowany.<\/p>\n","protected":false},"excerpt":{"rendered":"<p>Informacje dotycz\u0105 spraw organizacyjnych w dniach 31 maja, 1 i 2 czerwca: 1) W poniedzia\u0142ek 31 maja grupy przedszkolne bior\u0105 udzia\u0142 w maratonie w ramach og\u00f3lnopolskiego projektu &#8222;Sprintem do maratonu&#8221;. Druga strefa, czyli grupy III, IV i V biegn\u0105 w maratonie na wyznaczonej trasie w lesie. Prosimy o sportowy str\u00f3j dla dzieci, odpowiednie obuwie, w<\/p>\n","protected":false},"author":20,"featured_media":0,"comment_status":"closed","ping_status":"closed","sticky":false,"template":"","format":"standard","meta":{"jetpack_post_was_ever_published":false,"_jetpack_newsletter_access":"","_jetpack_dont_email_post_to_subs":false,"_jetpack_newsletter_tier_id":0,"_jetpack_memberships_contains_paywalled_content":false,"_jetpack_memberships_contains_paid_content":false,"footnotes":"","jetpack_publicize_message":"","jetpack_publicize_feature_enabled":true,"jetpack_social_post_already_shared":true,"jetpack_social_options":{"image_generator_settings":{"template":"highway","default_image_id":0,"font":"","enabled":false},"version":2}},"categories":[25],"tags":[],"class_list":["post-7795","post","type-post","status-publish","format-standard","hentry","category-gumisie-2020-2021"],"jetpack_publicize_connections":[],"jetpack_featured_media_url":"","jetpack_sharing_enabled":true,"jetpack_shortlink":"https:\/\/wp.me\/p7NQjT-21J","jetpack-related-posts":[],"_links":{"self":[{"href":"https:\/\/przedszkole8.pl\/index.php?rest_route=\/wp\/v2\/posts\/7795","targetHints":{"allow":["GET"]}}],"collection":[{"href":"https:\/\/przedszkole8.pl\/index.php?rest_route=\/wp\/v2\/posts"}],"about":[{"href":"https:\/\/przedszkole8.pl\/index.php?rest_route=\/wp\/v2\/types\/post"}],"author":[{"embeddable":true,"href":"https:\/\/przedszkole8.pl\/index.php?rest_route=\/wp\/v2\/users\/20"}],"replies":[{"embeddable":true,"href":"https:\/\/przedszkole8.pl\/index.php?rest_route=%2Fwp%2Fv2%2Fcomments&post=7795"}],"version-history":[{"count":1,"href":"https:\/\/przedszkole8.pl\/index.php?rest_route=\/wp\/v2\/posts\/7795\/revisions"}],"predecessor-version":[{"id":7803,"href":"https:\/\/przedszkole8.pl\/index.php?rest_route=\/wp\/v2\/posts\/7795\/revisions\/7803"}],"wp:attachment":[{"href":"https:\/\/przedszkole8.pl\/index.php?rest_route=%2Fwp%2Fv2%2Fmedia&parent=7795"}],"wp:term":[{"taxonomy":"category","embeddable":true,"href":"https:\/\/przedszkole8.pl\/index.php?rest_route=%2Fwp%2Fv2%2Fcategories&post=7795"},{"taxonomy":"post_tag","embeddable":true,"href":"https:\/\/przedszkole8.pl\/index.php?rest_route=%2Fwp%2Fv2%2Ftags&post=7795"}],"curies":[{"name":"wp","href":"https:\/\/api.w.org\/{rel}","templated":true}]}}