{"id":7767,"date":"2021-05-24T18:40:57","date_gmt":"2021-05-24T18:40:57","guid":{"rendered":"http:\/\/przedszkole8.pl\/?p=7767"},"modified":"2021-05-24T18:40:57","modified_gmt":"2021-05-24T18:40:57","slug":"nasze-rodziny","status":"publish","type":"post","link":"https:\/\/przedszkole8.pl\/?p=7767","title":{"rendered":"Nasze rodziny"},"content":{"rendered":"<p>W ubieg\u0142ym tygodniu rozmawiali\u015bmy o rodzinie. Ch\u0119tne dzieci przynios\u0142y zdj\u0119cia swoich rodzin i opowiedzia\u0142y o nich pozosta\u0142ym dzieciom. Wsp\u00f3lnie stworzyli\u015bmy tak\u017ce k\u0105cik, w kt\u00f3rym znajdowa\u0142y si\u0119 fotografie Misi\u00f3w i ich rodzin oraz stworzone przez nich rysunki. Dzi\u0119kujemy rodzicom za udost\u0119pnienie rodzinnych pami\u0105tek \ud83d\ude42<\/p>\n<p><a href=\"https:\/\/i0.wp.com\/przedszkole8.pl\/wp-content\/uploads\/2021\/05\/20210518_093150.jpg?ssl=1\"><img data-recalc-dims=\"1\" loading=\"lazy\" decoding=\"async\" class=\"alignnone size-medium wp-image-7768\" src=\"https:\/\/i0.wp.com\/przedszkole8.pl\/wp-content\/uploads\/2021\/05\/20210518_093150-300x169.jpg?resize=300%2C169&#038;ssl=1\" alt=\"20210518_093150\" width=\"300\" height=\"169\" \/><\/a> <a href=\"https:\/\/i0.wp.com\/przedszkole8.pl\/wp-content\/uploads\/2021\/05\/20210517_104849.jpg?ssl=1\"><img data-recalc-dims=\"1\" loading=\"lazy\" decoding=\"async\" class=\"alignnone size-medium wp-image-7769\" src=\"https:\/\/i0.wp.com\/przedszkole8.pl\/wp-content\/uploads\/2021\/05\/20210517_104849-300x169.jpg?resize=300%2C169&#038;ssl=1\" alt=\"20210517_104849\" width=\"300\" height=\"169\" \/><\/a> <a href=\"https:\/\/i0.wp.com\/przedszkole8.pl\/wp-content\/uploads\/2021\/05\/20210518_093410.jpg?ssl=1\"><img data-recalc-dims=\"1\" loading=\"lazy\" decoding=\"async\" class=\"alignnone size-medium wp-image-7770\" src=\"https:\/\/i0.wp.com\/przedszkole8.pl\/wp-content\/uploads\/2021\/05\/20210518_093410-300x169.jpg?resize=300%2C169&#038;ssl=1\" alt=\"20210518_093410\" width=\"300\" height=\"169\" \/><\/a> <a href=\"https:\/\/i0.wp.com\/przedszkole8.pl\/wp-content\/uploads\/2021\/05\/20210518_093258.jpg?ssl=1\"><img data-recalc-dims=\"1\" loading=\"lazy\" decoding=\"async\" class=\"alignnone size-medium wp-image-7771\" src=\"https:\/\/i0.wp.com\/przedszkole8.pl\/wp-content\/uploads\/2021\/05\/20210518_093258-300x169.jpg?resize=300%2C169&#038;ssl=1\" alt=\"20210518_093258\" width=\"300\" height=\"169\" \/><\/a> <a href=\"https:\/\/i0.wp.com\/przedszkole8.pl\/wp-content\/uploads\/2021\/05\/20210518_093424.jpg?ssl=1\"><img data-recalc-dims=\"1\" loading=\"lazy\" decoding=\"async\" class=\"alignnone size-medium wp-image-7772\" src=\"https:\/\/i0.wp.com\/przedszkole8.pl\/wp-content\/uploads\/2021\/05\/20210518_093424-300x169.jpg?resize=300%2C169&#038;ssl=1\" alt=\"20210518_093424\" width=\"300\" height=\"169\" \/><\/a> <a href=\"https:\/\/i0.wp.com\/przedszkole8.pl\/wp-content\/uploads\/2021\/05\/20210517_105510.jpg?ssl=1\"><img data-recalc-dims=\"1\" loading=\"lazy\" decoding=\"async\" class=\"alignnone size-medium wp-image-7773\" src=\"https:\/\/i0.wp.com\/przedszkole8.pl\/wp-content\/uploads\/2021\/05\/20210517_105510-300x169.jpg?resize=300%2C169&#038;ssl=1\" alt=\"20210517_105510\" width=\"300\" height=\"169\" \/><\/a> <a href=\"https:\/\/i0.wp.com\/przedszkole8.pl\/wp-content\/uploads\/2021\/05\/20210517_104944.jpg?ssl=1\"><img data-recalc-dims=\"1\" loading=\"lazy\" decoding=\"async\" class=\"alignnone size-medium wp-image-7774\" src=\"https:\/\/i0.wp.com\/przedszkole8.pl\/wp-content\/uploads\/2021\/05\/20210517_104944-300x169.jpg?resize=300%2C169&#038;ssl=1\" alt=\"20210517_104944\" width=\"300\" height=\"169\" \/><\/a> <a href=\"https:\/\/i0.wp.com\/przedszkole8.pl\/wp-content\/uploads\/2021\/05\/20210517_104555.jpg?ssl=1\"><img data-recalc-dims=\"1\" loading=\"lazy\" decoding=\"async\" class=\"alignnone size-medium wp-image-7775\" src=\"https:\/\/i0.wp.com\/przedszkole8.pl\/wp-content\/uploads\/2021\/05\/20210517_104555-300x169.jpg?resize=300%2C169&#038;ssl=1\" alt=\"20210517_104555\" width=\"300\" height=\"169\" \/><\/a> <a href=\"https:\/\/i0.wp.com\/przedszkole8.pl\/wp-content\/uploads\/2021\/05\/20210517_105602.jpg?ssl=1\"><img data-recalc-dims=\"1\" loading=\"lazy\" decoding=\"async\" class=\"alignnone size-medium wp-image-7776\" src=\"https:\/\/i0.wp.com\/przedszkole8.pl\/wp-content\/uploads\/2021\/05\/20210517_105602-300x169.jpg?resize=300%2C169&#038;ssl=1\" alt=\"20210517_105602\" width=\"300\" height=\"169\" \/><\/a> <a href=\"https:\/\/i0.wp.com\/przedszkole8.pl\/wp-content\/uploads\/2021\/05\/20210517_105708.jpg?ssl=1\"><img data-recalc-dims=\"1\" loading=\"lazy\" decoding=\"async\" class=\"alignnone size-medium wp-image-7777\" src=\"https:\/\/i0.wp.com\/przedszkole8.pl\/wp-content\/uploads\/2021\/05\/20210517_105708-300x169.jpg?resize=300%2C169&#038;ssl=1\" alt=\"20210517_105708\" width=\"300\" height=\"169\" \/><\/a> <a href=\"https:\/\/i0.wp.com\/przedszkole8.pl\/wp-content\/uploads\/2021\/05\/20210517_105828.jpg?ssl=1\"><img data-recalc-dims=\"1\" loading=\"lazy\" decoding=\"async\" class=\"alignnone size-medium wp-image-7778\" src=\"https:\/\/i0.wp.com\/przedszkole8.pl\/wp-content\/uploads\/2021\/05\/20210517_105828-300x169.jpg?resize=300%2C169&#038;ssl=1\" alt=\"20210517_105828\" width=\"300\" height=\"169\" \/><\/a> <a href=\"https:\/\/i0.wp.com\/przedszkole8.pl\/wp-content\/uploads\/2021\/05\/20210517_104710.jpg?ssl=1\"><img data-recalc-dims=\"1\" loading=\"lazy\" decoding=\"async\" class=\"alignnone size-medium wp-image-7779\" src=\"https:\/\/i0.wp.com\/przedszkole8.pl\/wp-content\/uploads\/2021\/05\/20210517_104710-300x169.jpg?resize=300%2C169&#038;ssl=1\" alt=\"20210517_104710\" width=\"300\" height=\"169\" \/><\/a> <a href=\"https:\/\/i0.wp.com\/przedszkole8.pl\/wp-content\/uploads\/2021\/05\/20210517_105138.jpg?ssl=1\"><img data-recalc-dims=\"1\" loading=\"lazy\" decoding=\"async\" class=\"alignnone size-medium wp-image-7780\" src=\"https:\/\/i0.wp.com\/przedszkole8.pl\/wp-content\/uploads\/2021\/05\/20210517_105138-300x169.jpg?resize=300%2C169&#038;ssl=1\" alt=\"20210517_105138\" width=\"300\" height=\"169\" \/><\/a> <a href=\"https:\/\/i0.wp.com\/przedszkole8.pl\/wp-content\/uploads\/2021\/05\/20210517_105849.jpg?ssl=1\"><img data-recalc-dims=\"1\" loading=\"lazy\" decoding=\"async\" class=\"alignnone size-medium wp-image-7781\" src=\"https:\/\/i0.wp.com\/przedszkole8.pl\/wp-content\/uploads\/2021\/05\/20210517_105849-300x169.jpg?resize=300%2C169&#038;ssl=1\" alt=\"20210517_105849\" width=\"300\" height=\"169\" \/><\/a> <a href=\"https:\/\/i0.wp.com\/przedszkole8.pl\/wp-content\/uploads\/2021\/05\/20210517_105414.jpg?ssl=1\"><img data-recalc-dims=\"1\" loading=\"lazy\" decoding=\"async\" class=\"alignnone size-medium wp-image-7782\" src=\"https:\/\/i0.wp.com\/przedszkole8.pl\/wp-content\/uploads\/2021\/05\/20210517_105414-300x169.jpg?resize=300%2C169&#038;ssl=1\" alt=\"20210517_105414\" width=\"300\" height=\"169\" \/><\/a><\/p>\n","protected":false},"excerpt":{"rendered":"<p>W ubieg\u0142ym tygodniu rozmawiali\u015bmy o rodzinie. Ch\u0119tne dzieci przynios\u0142y zdj\u0119cia swoich rodzin i opowiedzia\u0142y o nich pozosta\u0142ym dzieciom. Wsp\u00f3lnie stworzyli\u015bmy tak\u017ce k\u0105cik, w kt\u00f3rym znajdowa\u0142y si\u0119 fotografie Misi\u00f3w i ich rodzin oraz stworzone przez nich rysunki. Dzi\u0119kujemy rodzicom za udost\u0119pnienie rodzinnych pami\u0105tek \ud83d\ude42<\/p>\n","protected":false},"author":24,"featured_media":0,"comment_status":"closed","ping_status":"closed","sticky":false,"template":"","format":"standard","meta":{"jetpack_post_was_ever_published":false,"_jetpack_newsletter_access":"","_jetpack_dont_email_post_to_subs":false,"_jetpack_newsletter_tier_id":0,"_jetpack_memberships_contains_paywalled_content":false,"_jetpack_memberships_contains_paid_content":false,"footnotes":"","jetpack_publicize_message":"","jetpack_publicize_feature_enabled":true,"jetpack_social_post_already_shared":true,"jetpack_social_options":{"image_generator_settings":{"template":"highway","default_image_id":0,"font":"","enabled":false},"version":2}},"categories":[27],"tags":[],"class_list":["post-7767","post","type-post","status-publish","format-standard","hentry","category-misie-2020-2021"],"jetpack_publicize_connections":[],"jetpack_featured_media_url":"","jetpack_sharing_enabled":true,"jetpack_shortlink":"https:\/\/wp.me\/p7NQjT-21h","jetpack-related-posts":[],"_links":{"self":[{"href":"https:\/\/przedszkole8.pl\/index.php?rest_route=\/wp\/v2\/posts\/7767","targetHints":{"allow":["GET"]}}],"collection":[{"href":"https:\/\/przedszkole8.pl\/index.php?rest_route=\/wp\/v2\/posts"}],"about":[{"href":"https:\/\/przedszkole8.pl\/index.php?rest_route=\/wp\/v2\/types\/post"}],"author":[{"embeddable":true,"href":"https:\/\/przedszkole8.pl\/index.php?rest_route=\/wp\/v2\/users\/24"}],"replies":[{"embeddable":true,"href":"https:\/\/przedszkole8.pl\/index.php?rest_route=%2Fwp%2Fv2%2Fcomments&post=7767"}],"version-history":[{"count":1,"href":"https:\/\/przedszkole8.pl\/index.php?rest_route=\/wp\/v2\/posts\/7767\/revisions"}],"predecessor-version":[{"id":7783,"href":"https:\/\/przedszkole8.pl\/index.php?rest_route=\/wp\/v2\/posts\/7767\/revisions\/7783"}],"wp:attachment":[{"href":"https:\/\/przedszkole8.pl\/index.php?rest_route=%2Fwp%2Fv2%2Fmedia&parent=7767"}],"wp:term":[{"taxonomy":"category","embeddable":true,"href":"https:\/\/przedszkole8.pl\/index.php?rest_route=%2Fwp%2Fv2%2Fcategories&post=7767"},{"taxonomy":"post_tag","embeddable":true,"href":"https:\/\/przedszkole8.pl\/index.php?rest_route=%2Fwp%2Fv2%2Ftags&post=7767"}],"curies":[{"name":"wp","href":"https:\/\/api.w.org\/{rel}","templated":true}]}}