{"id":7728,"date":"2021-05-13T16:49:44","date_gmt":"2021-05-13T16:49:44","guid":{"rendered":"http:\/\/przedszkole8.pl\/?p=7728"},"modified":"2021-05-13T16:49:44","modified_gmt":"2021-05-13T16:49:44","slug":"wiosenny-spacer","status":"publish","type":"post","link":"https:\/\/przedszkole8.pl\/?p=7728","title":{"rendered":"Wiosenny spacer"},"content":{"rendered":"<p>W poniedzia\u0142ek wybrali\u015bmy si\u0119 do lasu, aby obserwowa\u0107 czy wiosna ju\u017c do nas przyszla. Pogoda niezwykle nam dopisa\u0142a. Sp\u0119dzili\u015bmy w lesie sporo czasu i by\u0142o tak mi\u0142o, \u017ce z powrotem do przedszkola zagoni\u0142y nas dopiero g\u0142odne brzuszki \ud83d\ude42\u00a0 Z zainteresowaniem obserwowali\u015bmy zmiany jakie zasz\u0142y w lesie od naszej ostatniej wizyty. S\u0142uchali\u015bmy \u015bpiewu ptak\u00f3w, a tak\u017ce szukali\u015bmy mieszka\u0144c\u00f3w lasu, ich kryj\u00f3wek i \u015blad\u00f3w. By\u0142o cieplutko i s\u0142onecznie, mamy nadziej\u0119, \u017ce taka wiosna z nami zostanie \ud83d\ude42\u00a0<a href=\"https:\/\/i0.wp.com\/przedszkole8.pl\/wp-content\/uploads\/2021\/05\/20210510_105658.jpg?ssl=1\"><img data-recalc-dims=\"1\" loading=\"lazy\" decoding=\"async\" class=\"alignnone size-medium wp-image-7729\" src=\"https:\/\/i0.wp.com\/przedszkole8.pl\/wp-content\/uploads\/2021\/05\/20210510_105658-300x169.jpg?resize=300%2C169&#038;ssl=1\" alt=\"20210510_105658\" width=\"300\" height=\"169\" \/><\/a> <a href=\"https:\/\/i0.wp.com\/przedszkole8.pl\/wp-content\/uploads\/2021\/05\/20210510_105317.jpg?ssl=1\"><img data-recalc-dims=\"1\" loading=\"lazy\" decoding=\"async\" class=\"alignnone size-medium wp-image-7730\" src=\"https:\/\/i0.wp.com\/przedszkole8.pl\/wp-content\/uploads\/2021\/05\/20210510_105317-300x169.jpg?resize=300%2C169&#038;ssl=1\" alt=\"20210510_105317\" width=\"300\" height=\"169\" \/><\/a> <a href=\"https:\/\/i0.wp.com\/przedszkole8.pl\/wp-content\/uploads\/2021\/05\/20210510_105705.jpg?ssl=1\"><img data-recalc-dims=\"1\" loading=\"lazy\" decoding=\"async\" class=\"alignnone size-medium wp-image-7731\" src=\"https:\/\/i0.wp.com\/przedszkole8.pl\/wp-content\/uploads\/2021\/05\/20210510_105705-300x169.jpg?resize=300%2C169&#038;ssl=1\" alt=\"20210510_105705\" width=\"300\" height=\"169\" \/><\/a> <a href=\"https:\/\/i0.wp.com\/przedszkole8.pl\/wp-content\/uploads\/2021\/05\/20210510_105757.jpg?ssl=1\"><img data-recalc-dims=\"1\" loading=\"lazy\" decoding=\"async\" class=\"alignnone size-medium wp-image-7732\" src=\"https:\/\/i0.wp.com\/przedszkole8.pl\/wp-content\/uploads\/2021\/05\/20210510_105757-300x169.jpg?resize=300%2C169&#038;ssl=1\" alt=\"20210510_105757\" width=\"300\" height=\"169\" \/><\/a> <a href=\"https:\/\/i0.wp.com\/przedszkole8.pl\/wp-content\/uploads\/2021\/05\/20210510_105743.jpg?ssl=1\"><img data-recalc-dims=\"1\" loading=\"lazy\" decoding=\"async\" class=\"alignnone size-medium wp-image-7733\" src=\"https:\/\/i0.wp.com\/przedszkole8.pl\/wp-content\/uploads\/2021\/05\/20210510_105743-300x169.jpg?resize=300%2C169&#038;ssl=1\" alt=\"20210510_105743\" width=\"300\" height=\"169\" \/><\/a> <a href=\"https:\/\/i0.wp.com\/przedszkole8.pl\/wp-content\/uploads\/2021\/05\/20210510_105316.jpg?ssl=1\"><img data-recalc-dims=\"1\" loading=\"lazy\" decoding=\"async\" class=\"alignnone size-medium wp-image-7734\" src=\"https:\/\/i0.wp.com\/przedszkole8.pl\/wp-content\/uploads\/2021\/05\/20210510_105316-300x169.jpg?resize=300%2C169&#038;ssl=1\" alt=\"20210510_105316\" width=\"300\" height=\"169\" \/><\/a> <a href=\"https:\/\/i0.wp.com\/przedszkole8.pl\/wp-content\/uploads\/2021\/05\/20210510_105309.jpg?ssl=1\"><img data-recalc-dims=\"1\" loading=\"lazy\" decoding=\"async\" class=\"alignnone size-medium wp-image-7735\" src=\"https:\/\/i0.wp.com\/przedszkole8.pl\/wp-content\/uploads\/2021\/05\/20210510_105309-300x169.jpg?resize=300%2C169&#038;ssl=1\" alt=\"20210510_105309\" width=\"300\" height=\"169\" \/><\/a><\/p>\n","protected":false},"excerpt":{"rendered":"<p>W poniedzia\u0142ek wybrali\u015bmy si\u0119 do lasu, aby obserwowa\u0107 czy wiosna ju\u017c do nas przyszla. Pogoda niezwykle nam dopisa\u0142a. Sp\u0119dzili\u015bmy w lesie sporo czasu i by\u0142o tak mi\u0142o, \u017ce z powrotem do przedszkola zagoni\u0142y nas dopiero g\u0142odne brzuszki \ud83d\ude42\u00a0 Z zainteresowaniem obserwowali\u015bmy zmiany jakie zasz\u0142y w lesie od naszej ostatniej wizyty. S\u0142uchali\u015bmy \u015bpiewu ptak\u00f3w, a tak\u017ce<\/p>\n","protected":false},"author":24,"featured_media":0,"comment_status":"closed","ping_status":"closed","sticky":false,"template":"","format":"standard","meta":{"jetpack_post_was_ever_published":false,"_jetpack_newsletter_access":"","_jetpack_dont_email_post_to_subs":false,"_jetpack_newsletter_tier_id":0,"_jetpack_memberships_contains_paywalled_content":false,"_jetpack_memberships_contains_paid_content":false,"footnotes":"","jetpack_publicize_message":"","jetpack_publicize_feature_enabled":true,"jetpack_social_post_already_shared":true,"jetpack_social_options":{"image_generator_settings":{"template":"highway","default_image_id":0,"font":"","enabled":false},"version":2}},"categories":[27],"tags":[],"class_list":["post-7728","post","type-post","status-publish","format-standard","hentry","category-misie-2020-2021"],"jetpack_publicize_connections":[],"jetpack_featured_media_url":"","jetpack_sharing_enabled":true,"jetpack_shortlink":"https:\/\/wp.me\/p7NQjT-20E","jetpack-related-posts":[],"_links":{"self":[{"href":"https:\/\/przedszkole8.pl\/index.php?rest_route=\/wp\/v2\/posts\/7728","targetHints":{"allow":["GET"]}}],"collection":[{"href":"https:\/\/przedszkole8.pl\/index.php?rest_route=\/wp\/v2\/posts"}],"about":[{"href":"https:\/\/przedszkole8.pl\/index.php?rest_route=\/wp\/v2\/types\/post"}],"author":[{"embeddable":true,"href":"https:\/\/przedszkole8.pl\/index.php?rest_route=\/wp\/v2\/users\/24"}],"replies":[{"embeddable":true,"href":"https:\/\/przedszkole8.pl\/index.php?rest_route=%2Fwp%2Fv2%2Fcomments&post=7728"}],"version-history":[{"count":1,"href":"https:\/\/przedszkole8.pl\/index.php?rest_route=\/wp\/v2\/posts\/7728\/revisions"}],"predecessor-version":[{"id":7736,"href":"https:\/\/przedszkole8.pl\/index.php?rest_route=\/wp\/v2\/posts\/7728\/revisions\/7736"}],"wp:attachment":[{"href":"https:\/\/przedszkole8.pl\/index.php?rest_route=%2Fwp%2Fv2%2Fmedia&parent=7728"}],"wp:term":[{"taxonomy":"category","embeddable":true,"href":"https:\/\/przedszkole8.pl\/index.php?rest_route=%2Fwp%2Fv2%2Fcategories&post=7728"},{"taxonomy":"post_tag","embeddable":true,"href":"https:\/\/przedszkole8.pl\/index.php?rest_route=%2Fwp%2Fv2%2Ftags&post=7728"}],"curies":[{"name":"wp","href":"https:\/\/api.w.org\/{rel}","templated":true}]}}