{"id":7656,"date":"2021-05-03T08:50:26","date_gmt":"2021-05-03T08:50:26","guid":{"rendered":"http:\/\/przedszkole8.pl\/?p=7656"},"modified":"2021-05-03T08:51:25","modified_gmt":"2021-05-03T08:51:25","slug":"piosenka-bocian-i-zaby","status":"publish","type":"post","link":"https:\/\/przedszkole8.pl\/?p=7656","title":{"rendered":"Piosenka ,,Bocian i \u017caby&#8221;"},"content":{"rendered":"<p>Czwarty dzie\u0144 , czyli w czwartek zago\u015bci\u0142y na naszej przedszkolnej scenie piosenki pryzrodniczo- ekologiczne.<\/p>\n<p>Misiaki za\u015bpiewa\u0142y i pokaza\u0142y piosenk\u0119 pt: ,,Bocian i \u017caby&#8221;. :):):)<\/p>\n<p>&nbsp;<\/p>\n<p>&nbsp;<\/p>\n<p>&nbsp;<\/p>\n<div style=\"width: 550px;\" class=\"wp-video\"><!--[if lt IE 9]><script>document.createElement('video');<\/script><![endif]-->\n<video class=\"wp-video-shortcode\" id=\"video-7656-1\" width=\"550\" height=\"316\" preload=\"metadata\" controls=\"controls\"><source type=\"video\/mp4\" src=\"https:\/\/przedszkole8.pl\/wp-content\/uploads\/2021\/05\/video-1620028962.mp4?_=1\" \/><a href=\"https:\/\/przedszkole8.pl\/wp-content\/uploads\/2021\/05\/video-1620028962.mp4\">https:\/\/przedszkole8.pl\/wp-content\/uploads\/2021\/05\/video-1620028962.mp4<\/a><\/video><\/div>\n","protected":false},"excerpt":{"rendered":"<p>Czwarty dzie\u0144 , czyli w czwartek zago\u015bci\u0142y na naszej przedszkolnej scenie piosenki pryzrodniczo- ekologiczne. Misiaki za\u015bpiewa\u0142y i pokaza\u0142y piosenk\u0119 pt: ,,Bocian i \u017caby&#8221;. :):):) &nbsp; &nbsp; &nbsp;<\/p>\n","protected":false},"author":24,"featured_media":0,"comment_status":"closed","ping_status":"closed","sticky":false,"template":"","format":"standard","meta":{"jetpack_post_was_ever_published":false,"_jetpack_newsletter_access":"","_jetpack_dont_email_post_to_subs":true,"_jetpack_newsletter_tier_id":0,"_jetpack_memberships_contains_paywalled_content":false,"_jetpack_memberships_contains_paid_content":false,"footnotes":"","jetpack_publicize_message":"","jetpack_publicize_feature_enabled":true,"jetpack_social_post_already_shared":true,"jetpack_social_options":{"image_generator_settings":{"template":"highway","default_image_id":0,"font":"","enabled":false},"version":2}},"categories":[27],"tags":[],"class_list":["post-7656","post","type-post","status-publish","format-standard","hentry","category-misie-2020-2021"],"jetpack_publicize_connections":[],"jetpack_featured_media_url":"","jetpack_sharing_enabled":true,"jetpack_shortlink":"https:\/\/wp.me\/p7NQjT-1Zu","jetpack-related-posts":[],"_links":{"self":[{"href":"https:\/\/przedszkole8.pl\/index.php?rest_route=\/wp\/v2\/posts\/7656","targetHints":{"allow":["GET"]}}],"collection":[{"href":"https:\/\/przedszkole8.pl\/index.php?rest_route=\/wp\/v2\/posts"}],"about":[{"href":"https:\/\/przedszkole8.pl\/index.php?rest_route=\/wp\/v2\/types\/post"}],"author":[{"embeddable":true,"href":"https:\/\/przedszkole8.pl\/index.php?rest_route=\/wp\/v2\/users\/24"}],"replies":[{"embeddable":true,"href":"https:\/\/przedszkole8.pl\/index.php?rest_route=%2Fwp%2Fv2%2Fcomments&post=7656"}],"version-history":[{"count":2,"href":"https:\/\/przedszkole8.pl\/index.php?rest_route=\/wp\/v2\/posts\/7656\/revisions"}],"predecessor-version":[{"id":7659,"href":"https:\/\/przedszkole8.pl\/index.php?rest_route=\/wp\/v2\/posts\/7656\/revisions\/7659"}],"wp:attachment":[{"href":"https:\/\/przedszkole8.pl\/index.php?rest_route=%2Fwp%2Fv2%2Fmedia&parent=7656"}],"wp:term":[{"taxonomy":"category","embeddable":true,"href":"https:\/\/przedszkole8.pl\/index.php?rest_route=%2Fwp%2Fv2%2Fcategories&post=7656"},{"taxonomy":"post_tag","embeddable":true,"href":"https:\/\/przedszkole8.pl\/index.php?rest_route=%2Fwp%2Fv2%2Ftags&post=7656"}],"curies":[{"name":"wp","href":"https:\/\/api.w.org\/{rel}","templated":true}]}}