{"id":7475,"date":"2021-04-07T09:48:45","date_gmt":"2021-04-07T09:48:45","guid":{"rendered":"http:\/\/przedszkole8.pl\/?p=7475"},"modified":"2021-04-07T09:48:45","modified_gmt":"2021-04-07T09:48:45","slug":"informacja-dla-nowych-rodzicow","status":"publish","type":"post","link":"https:\/\/przedszkole8.pl\/?p=7475","title":{"rendered":"Informacja dla nowych rodzic\u00f3w"},"content":{"rendered":"<p>W dniach od 07 kwietnia do 12 kwietnia 2021 r. prosimy o podpisywanie druk\u00f3w &#8222;Potwierdzenie woli zapisu do przedszkola&#8221;.<\/p>\n<p>Nie podpisanie druku powoduje zwolnienie miejsca od wrze\u015bnia 2021 r.<\/p>\n<p>Zebranie dla nowych rodzic\u00f3w odb\u0119dzie si\u0119 15 czerwca 2021 r. o godzinie 17.00.<\/p>\n","protected":false},"excerpt":{"rendered":"<p>W dniach od 07 kwietnia do 12 kwietnia 2021 r. prosimy o podpisywanie druk\u00f3w &#8222;Potwierdzenie woli zapisu do przedszkola&#8221;. Nie podpisanie druku powoduje zwolnienie miejsca od wrze\u015bnia 2021 r. Zebranie dla nowych rodzic\u00f3w odb\u0119dzie si\u0119 15 czerwca 2021 r. o godzinie 17.00.<\/p>\n","protected":false},"author":1,"featured_media":0,"comment_status":"closed","ping_status":"closed","sticky":false,"template":"","format":"standard","meta":{"jetpack_post_was_ever_published":false,"_jetpack_newsletter_access":"","_jetpack_dont_email_post_to_subs":false,"_jetpack_newsletter_tier_id":0,"_jetpack_memberships_contains_paywalled_content":false,"_jetpack_memberships_contains_paid_content":false,"footnotes":"","jetpack_publicize_message":"","jetpack_publicize_feature_enabled":true,"jetpack_social_post_already_shared":true,"jetpack_social_options":{"image_generator_settings":{"template":"highway","default_image_id":0,"font":"","enabled":false},"version":2}},"categories":[16],"tags":[],"class_list":["post-7475","post","type-post","status-publish","format-standard","hentry","category-nowosci"],"jetpack_publicize_connections":[],"jetpack_featured_media_url":"","jetpack_sharing_enabled":true,"jetpack_shortlink":"https:\/\/wp.me\/p7NQjT-1Wz","jetpack-related-posts":[],"_links":{"self":[{"href":"https:\/\/przedszkole8.pl\/index.php?rest_route=\/wp\/v2\/posts\/7475","targetHints":{"allow":["GET"]}}],"collection":[{"href":"https:\/\/przedszkole8.pl\/index.php?rest_route=\/wp\/v2\/posts"}],"about":[{"href":"https:\/\/przedszkole8.pl\/index.php?rest_route=\/wp\/v2\/types\/post"}],"author":[{"embeddable":true,"href":"https:\/\/przedszkole8.pl\/index.php?rest_route=\/wp\/v2\/users\/1"}],"replies":[{"embeddable":true,"href":"https:\/\/przedszkole8.pl\/index.php?rest_route=%2Fwp%2Fv2%2Fcomments&post=7475"}],"version-history":[{"count":1,"href":"https:\/\/przedszkole8.pl\/index.php?rest_route=\/wp\/v2\/posts\/7475\/revisions"}],"predecessor-version":[{"id":7476,"href":"https:\/\/przedszkole8.pl\/index.php?rest_route=\/wp\/v2\/posts\/7475\/revisions\/7476"}],"wp:attachment":[{"href":"https:\/\/przedszkole8.pl\/index.php?rest_route=%2Fwp%2Fv2%2Fmedia&parent=7475"}],"wp:term":[{"taxonomy":"category","embeddable":true,"href":"https:\/\/przedszkole8.pl\/index.php?rest_route=%2Fwp%2Fv2%2Fcategories&post=7475"},{"taxonomy":"post_tag","embeddable":true,"href":"https:\/\/przedszkole8.pl\/index.php?rest_route=%2Fwp%2Fv2%2Ftags&post=7475"}],"curies":[{"name":"wp","href":"https:\/\/api.w.org\/{rel}","templated":true}]}}