{"id":7425,"date":"2021-04-01T16:19:01","date_gmt":"2021-04-01T16:19:01","guid":{"rendered":"http:\/\/przedszkole8.pl\/?p=7425"},"modified":"2021-04-01T16:19:01","modified_gmt":"2021-04-01T16:19:01","slug":"zielony-kacik","status":"publish","type":"post","link":"https:\/\/przedszkole8.pl\/?p=7425","title":{"rendered":"Zielony k\u0105cik"},"content":{"rendered":"<p>W marcu powsta\u0142 w naszej sali &#8222;Zielony k\u0105cik&#8221;. Nie od razu sta\u0142 si\u0119 zielony. Najpierw posiali\u015bmy kwiatki, rze\u017cuch\u0119, rzodkiewk\u0119, pietruszk\u0119, owies, a nawet nasionka pomara\u0144czy, kt\u00f3re jedli\u015bmy na drugie \u015bniadanie. Posadzili\u015bmy cebulki kwiatowe i jedn\u0105 du\u017c\u0105 cebul\u0119 na szczypiorek. Gdy kwiatki podrosn\u0105 powstan\u0105 sadzonki, kt\u00f3re posadzimy na grz\u0105dce w naszym przedszkolnym ogr\u00f3dku. Ro\u015bliny tymczasem rosn\u0105, k\u0105cik staje si\u0119 coraz bardziej zielony. Zd\u0105\u017cyli\u015bmy ju\u017c spr\u00f3bowa\u0107 naszej rze\u017cuchy na kanapkach, smacznej i zdrowej.<\/p>\n<p><a href=\"https:\/\/i0.wp.com\/przedszkole8.pl\/wp-content\/uploads\/2021\/04\/IMG_20210317_101900.jpg?ssl=1\"><img data-recalc-dims=\"1\" loading=\"lazy\" decoding=\"async\" class=\"alignnone size-medium wp-image-7422\" src=\"https:\/\/i0.wp.com\/przedszkole8.pl\/wp-content\/uploads\/2021\/04\/IMG_20210317_101900-300x135.jpg?resize=300%2C135&#038;ssl=1\" alt=\"img_20210317_101900\" width=\"300\" height=\"135\" \/><\/a><a href=\"https:\/\/i0.wp.com\/przedszkole8.pl\/wp-content\/uploads\/2021\/04\/IMG_20210317_101808.jpg?ssl=1\"><img data-recalc-dims=\"1\" loading=\"lazy\" decoding=\"async\" class=\"alignnone size-medium wp-image-7421\" src=\"https:\/\/i0.wp.com\/przedszkole8.pl\/wp-content\/uploads\/2021\/04\/IMG_20210317_101808-300x135.jpg?resize=300%2C135&#038;ssl=1\" alt=\"img_20210317_101808\" width=\"300\" height=\"135\" \/><\/a><a href=\"https:\/\/i0.wp.com\/przedszkole8.pl\/wp-content\/uploads\/2021\/04\/IMG_20210317_085013.jpg?ssl=1\"><img data-recalc-dims=\"1\" loading=\"lazy\" decoding=\"async\" class=\"alignnone size-medium wp-image-7420\" src=\"https:\/\/i0.wp.com\/przedszkole8.pl\/wp-content\/uploads\/2021\/04\/IMG_20210317_085013-300x135.jpg?resize=300%2C135&#038;ssl=1\" alt=\"img_20210317_085013\" width=\"300\" height=\"135\" \/><\/a><a href=\"https:\/\/i0.wp.com\/przedszkole8.pl\/wp-content\/uploads\/2021\/04\/IMG_20210317_083128.jpg?ssl=1\"><img data-recalc-dims=\"1\" loading=\"lazy\" decoding=\"async\" class=\"alignnone size-medium wp-image-7417\" src=\"https:\/\/i0.wp.com\/przedszkole8.pl\/wp-content\/uploads\/2021\/04\/IMG_20210317_083128-300x135.jpg?resize=300%2C135&#038;ssl=1\" alt=\"img_20210317_083128\" width=\"300\" height=\"135\" \/><\/a><a href=\"https:\/\/i0.wp.com\/przedszkole8.pl\/wp-content\/uploads\/2021\/04\/IMG_20210325_070220.jpg?ssl=1\"><img data-recalc-dims=\"1\" loading=\"lazy\" decoding=\"async\" class=\"alignnone size-medium wp-image-7423\" src=\"https:\/\/i0.wp.com\/przedszkole8.pl\/wp-content\/uploads\/2021\/04\/IMG_20210325_070220-300x135.jpg?resize=300%2C135&#038;ssl=1\" alt=\"img_20210325_070220\" width=\"300\" height=\"135\" \/><\/a><a href=\"https:\/\/i0.wp.com\/przedszkole8.pl\/wp-content\/uploads\/2021\/04\/IMG_20210325_070255.jpg?ssl=1\"><img data-recalc-dims=\"1\" loading=\"lazy\" decoding=\"async\" class=\"alignnone size-medium wp-image-7424\" src=\"https:\/\/i0.wp.com\/przedszkole8.pl\/wp-content\/uploads\/2021\/04\/IMG_20210325_070255-300x135.jpg?resize=300%2C135&#038;ssl=1\" alt=\"img_20210325_070255\" width=\"300\" height=\"135\" \/><\/a><\/p>\n","protected":false},"excerpt":{"rendered":"<p>W marcu powsta\u0142 w naszej sali &#8222;Zielony k\u0105cik&#8221;. Nie od razu sta\u0142 si\u0119 zielony. Najpierw posiali\u015bmy kwiatki, rze\u017cuch\u0119, rzodkiewk\u0119, pietruszk\u0119, owies, a nawet nasionka pomara\u0144czy, kt\u00f3re jedli\u015bmy na drugie \u015bniadanie. Posadzili\u015bmy cebulki kwiatowe i jedn\u0105 du\u017c\u0105 cebul\u0119 na szczypiorek. Gdy kwiatki podrosn\u0105 powstan\u0105 sadzonki, kt\u00f3re posadzimy na grz\u0105dce w naszym przedszkolnym ogr\u00f3dku. Ro\u015bliny tymczasem rosn\u0105,<\/p>\n","protected":false},"author":20,"featured_media":0,"comment_status":"closed","ping_status":"closed","sticky":false,"template":"","format":"standard","meta":{"jetpack_post_was_ever_published":false,"_jetpack_newsletter_access":"","_jetpack_dont_email_post_to_subs":false,"_jetpack_newsletter_tier_id":0,"_jetpack_memberships_contains_paywalled_content":false,"_jetpack_memberships_contains_paid_content":false,"footnotes":"","jetpack_publicize_message":"","jetpack_publicize_feature_enabled":true,"jetpack_social_post_already_shared":true,"jetpack_social_options":{"image_generator_settings":{"template":"highway","default_image_id":0,"font":"","enabled":false},"version":2}},"categories":[25],"tags":[],"class_list":["post-7425","post","type-post","status-publish","format-standard","hentry","category-gumisie-2020-2021"],"jetpack_publicize_connections":[],"jetpack_featured_media_url":"","jetpack_sharing_enabled":true,"jetpack_shortlink":"https:\/\/wp.me\/p7NQjT-1VL","jetpack-related-posts":[],"_links":{"self":[{"href":"https:\/\/przedszkole8.pl\/index.php?rest_route=\/wp\/v2\/posts\/7425","targetHints":{"allow":["GET"]}}],"collection":[{"href":"https:\/\/przedszkole8.pl\/index.php?rest_route=\/wp\/v2\/posts"}],"about":[{"href":"https:\/\/przedszkole8.pl\/index.php?rest_route=\/wp\/v2\/types\/post"}],"author":[{"embeddable":true,"href":"https:\/\/przedszkole8.pl\/index.php?rest_route=\/wp\/v2\/users\/20"}],"replies":[{"embeddable":true,"href":"https:\/\/przedszkole8.pl\/index.php?rest_route=%2Fwp%2Fv2%2Fcomments&post=7425"}],"version-history":[{"count":1,"href":"https:\/\/przedszkole8.pl\/index.php?rest_route=\/wp\/v2\/posts\/7425\/revisions"}],"predecessor-version":[{"id":7426,"href":"https:\/\/przedszkole8.pl\/index.php?rest_route=\/wp\/v2\/posts\/7425\/revisions\/7426"}],"wp:attachment":[{"href":"https:\/\/przedszkole8.pl\/index.php?rest_route=%2Fwp%2Fv2%2Fmedia&parent=7425"}],"wp:term":[{"taxonomy":"category","embeddable":true,"href":"https:\/\/przedszkole8.pl\/index.php?rest_route=%2Fwp%2Fv2%2Fcategories&post=7425"},{"taxonomy":"post_tag","embeddable":true,"href":"https:\/\/przedszkole8.pl\/index.php?rest_route=%2Fwp%2Fv2%2Ftags&post=7425"}],"curies":[{"name":"wp","href":"https:\/\/api.w.org\/{rel}","templated":true}]}}