{"id":5740,"date":"2020-05-18T14:38:34","date_gmt":"2020-05-18T14:38:34","guid":{"rendered":"http:\/\/przedszkole8.pl\/?p=5740"},"modified":"2020-05-18T14:38:34","modified_gmt":"2020-05-18T14:38:34","slug":"propozycje-zajec-dla-dzieci-na-okres-18-22-05-2020","status":"publish","type":"post","link":"https:\/\/przedszkole8.pl\/?p=5740","title":{"rendered":"Propozycje zaj\u0119\u0107 dla dzieci na okres 18.-22.05.2020"},"content":{"rendered":"<p>TEMAT KOMPLEKSOWY NA TYDZIE\u0143<\/p>\n<p><strong>\u00a0 \u00a0 \u00a0 \u00a0 \u00a0 \u00a0 \u00a0 \u00a0 \u00a0 \u00a0 \u00a0 \u00a0 \u00a0 \u00a0 \u00a0 \u00a0 \u00a0 \u00a0 \u00a0 \u00a0 \u00a0 \u00a0\u201e MAMA I TATA\u201d<\/strong><\/p>\n<p><strong>\u00a0<\/strong><\/p>\n<p>ZADANIA DO REALIZACJI<\/p>\n<p>&nbsp;<\/p>\n<p><strong>PONIEDZIA\u0141EK:<\/strong><\/p>\n<ul>\n<li>\u0106wiczenia gimnastyczne z wykorzystaniem woreczk\u00f3w \u2013 doskonalenie umiej\u0119tno\u015bci zachowania r\u00f3wnowagi<\/li>\n<li>\u201eMoi rodzice\u201d \u2013 zabawa dydaktyczna<\/li>\n<li><a href=\"https:\/\/i0.wp.com\/przedszkole8.pl\/wp-content\/uploads\/2020\/05\/IMG_20200518_162938.jpg?ssl=1\"><img data-recalc-dims=\"1\" loading=\"lazy\" decoding=\"async\" class=\"alignnone size-medium wp-image-5745\" src=\"https:\/\/i0.wp.com\/przedszkole8.pl\/wp-content\/uploads\/2020\/05\/IMG_20200518_162938-300x169.jpg?resize=300%2C169&#038;ssl=1\" alt=\"img_20200518_162938\" width=\"300\" height=\"169\" \/><\/a><\/li>\n<li>\u0106wiczenie oddechowe: w postawie rozkrok obun\u00f3\u017c. Wdech z jednoczesnym wznosem ramion bokiem w g\u00f3r\u0119, Wydech z jednoczesnym opustem ramion bokiem w d\u00f3\u0142.<\/li>\n<li>Zabawa w dobieranie wyraz\u00f3w\u00a0na okre\u015blon\u0105 g\u0142osk\u0119, tworzenie ci\u0105g\u00f3w wyrazowych &#8211; (\u201eTeraz b\u0119dziemy m\u00f3wi\u0107 wyrazy na liter\u0119 a\u201d itp.)<\/li>\n<\/ul>\n<p><strong>WTOREK:<\/strong><\/p>\n<ul>\n<li><strong>\u201e<\/strong>Domowe porz\u0105dki\u201d \u2013 zabawa matematyczna na dywanie<\/li>\n<li>\u201eRodzice przy pracy\u201d \u2013 rysowanie kredkami<\/li>\n<li>\u201ePraca mr\u00f3wek\u201d \u2013 zabawa ruchowa z elem. czworakowania<\/li>\n<li>\u201eDomowi pomocnicy\u201d \u2013 zabawa dydaktyczna, rozwi\u0105zywanie zagadek<\/li>\n<li><a href=\"https:\/\/i0.wp.com\/przedszkole8.pl\/wp-content\/uploads\/2020\/05\/IMG_20200518_163251.jpg?ssl=1\"><img data-recalc-dims=\"1\" loading=\"lazy\" decoding=\"async\" class=\"alignnone size-medium wp-image-5746\" src=\"https:\/\/i0.wp.com\/przedszkole8.pl\/wp-content\/uploads\/2020\/05\/IMG_20200518_163251-300x169.jpg?resize=300%2C169&#038;ssl=1\" alt=\"img_20200518_163251\" width=\"300\" height=\"169\" \/><\/a><\/li>\n<li><a href=\"https:\/\/i0.wp.com\/przedszkole8.pl\/wp-content\/uploads\/2020\/05\/IMG_20200518_163257.jpg?ssl=1\"><img data-recalc-dims=\"1\" loading=\"lazy\" decoding=\"async\" class=\"alignnone size-medium wp-image-5749\" src=\"https:\/\/i0.wp.com\/przedszkole8.pl\/wp-content\/uploads\/2020\/05\/IMG_20200518_163257-300x169.jpg?resize=300%2C169&#038;ssl=1\" alt=\"img_20200518_163257\" width=\"300\" height=\"169\" \/><\/a><\/li>\n<\/ul>\n<p><strong>\u015aRODA:<\/strong><\/p>\n<ul>\n<li>\u201eKorale dla mamy\u201d \u2013 praca z wykorzystaniem papierowych figur geometrycznych ( samodzielnie wycinanych )<\/li>\n<li><a href=\"https:\/\/i0.wp.com\/przedszkole8.pl\/wp-content\/uploads\/2020\/05\/IMG_20200518_163101.jpg?ssl=1\"><img data-recalc-dims=\"1\" loading=\"lazy\" decoding=\"async\" class=\"alignnone size-medium wp-image-5747\" src=\"https:\/\/i0.wp.com\/przedszkole8.pl\/wp-content\/uploads\/2020\/05\/IMG_20200518_163101-300x169.jpg?resize=300%2C169&#038;ssl=1\" alt=\"img_20200518_163101\" width=\"300\" height=\"169\" \/><\/a><\/li>\n<li>\u201eWalczyk dla mamy\u201d \u2013 os\u0142uchanie z piosenk\u0105, rozmowa na temat jej tre\u015bci<\/li>\n<\/ul>\n<p>Link: <a href=\"https:\/\/www.youtube.com\/watch?v=FBeDPOfpVuQ\">https:\/\/www.youtube.com\/watch?v=FBeDPOfpVuQs<\/a><\/p>\n<p><a href=\"https:\/\/i0.wp.com\/przedszkole8.pl\/wp-content\/uploads\/2020\/05\/IMG_20200518_163148.jpg?ssl=1\"><img data-recalc-dims=\"1\" loading=\"lazy\" decoding=\"async\" class=\"alignnone size-medium wp-image-5748\" src=\"https:\/\/i0.wp.com\/przedszkole8.pl\/wp-content\/uploads\/2020\/05\/IMG_20200518_163148-300x169.jpg?resize=300%2C169&#038;ssl=1\" alt=\"img_20200518_163148\" width=\"300\" height=\"169\" \/><\/a><\/p>\n<ul>\n<li>Masa\u017cyk z mam\u0105 i tat\u0105 \u2013 masa\u017cyk z pi\u00f3rkami<\/li>\n<\/ul>\n<p><strong>CZWARTEK:<\/strong><\/p>\n<ul>\n<li>\u201eKruche ciasteczka\u201d \u2013 przygotowanie ciastek wg. dowolnego przepisu<\/li>\n<li>\u201eLaurka dla rodzic\u00f3w\u201d \u2013 wykonanie upominku wg. w\u0142asnej koncepcji, samodzielne organizowanie sobie miejsca pracy<\/li>\n<li>\u201eTulipan dla mamy i taty\u201d \u2013 origami z wykorzystaniem kolorowego papieru<\/li>\n<\/ul>\n<p>Link: <a href=\"https:\/\/www.youtube.com\/watch?v=bx4N1KQM8h0\">https:\/\/www.youtube.com\/watch?v=bx4N1KQM8h0<\/a><\/p>\n<p><strong>PI\u0104TEK:<\/strong><\/p>\n<ul>\n<li>\u201eW moim domu\u201d \u2013 \u0107wiczenia gimnastyczne w formie opowie\u015bci ruchowej<\/li>\n<li>Pomagamy rodzicom \u2013 zabawa dramowa \u2013 rozwijanie wyobra\u017ani<\/li>\n<li>Segregowanie wyraz\u00f3w wg ilo\u015bci sylab, g\u0142osek<\/li>\n<\/ul>\n<p>Rodzic przygotowuje karteczki z r\u00f3\u017cnymi wyrazami (nazwy zwierz\u0105t, owoc\u00f3w itp., jeden wyraz na jednej karteczce. Zadaniem dziecka jest przeczyta\u0107 g\u0142o\u015bno ka\u017cdy wyraz (pomaga rodzic), podzieli\u0107 go na sylaby lub g\u0142oski, a nast\u0119pnie przyporz\u0105dkowa\u0107 do okre\u015blonej grupy, np. grupy zielonej (\u201eNa zielonej kartce po\u0142\u00f3\u017c te wyrazy, kt\u00f3re maj\u0105 trzy sylaby, a na \u017c\u00f3\u0142tej te, kt\u00f3re maj\u0105 cztery sylaby\u201d)<\/p>\n<p><strong>GRAFOMOTORYKA:<\/strong><\/p>\n<p><a href=\"https:\/\/i0.wp.com\/przedszkole8.pl\/wp-content\/uploads\/2020\/05\/grafomotoryka-folklor-kwiat-01.png?ssl=1\"><img data-recalc-dims=\"1\" loading=\"lazy\" decoding=\"async\" class=\"alignnone size-medium wp-image-5741\" src=\"https:\/\/i0.wp.com\/przedszkole8.pl\/wp-content\/uploads\/2020\/05\/grafomotoryka-folklor-kwiat-01-212x300.png?resize=212%2C300&#038;ssl=1\" alt=\"grafomotoryka-folklor-kwiat-01\" width=\"212\" height=\"300\" \/><\/a><\/p>\n<p>&nbsp;<\/p>\n<p><strong>\u00a0<\/strong><\/p>\n<p><strong>\u00a0<\/strong><\/p>\n","protected":false},"excerpt":{"rendered":"<p>TEMAT KOMPLEKSOWY NA TYDZIE\u0143 \u00a0 \u00a0 \u00a0 \u00a0 \u00a0 \u00a0 \u00a0 \u00a0 \u00a0 \u00a0 \u00a0 \u00a0 \u00a0 \u00a0 \u00a0 \u00a0 \u00a0 \u00a0 \u00a0 \u00a0 \u00a0 \u00a0\u201e MAMA I TATA\u201d \u00a0 ZADANIA DO REALIZACJI &nbsp; PONIEDZIA\u0141EK: \u0106wiczenia gimnastyczne z wykorzystaniem woreczk\u00f3w \u2013 doskonalenie umiej\u0119tno\u015bci zachowania r\u00f3wnowagi \u201eMoi rodzice\u201d \u2013 zabawa dydaktyczna \u0106wiczenie oddechowe: w postawie rozkrok<\/p>\n","protected":false},"author":10,"featured_media":0,"comment_status":"closed","ping_status":"closed","sticky":false,"template":"","format":"standard","meta":{"jetpack_post_was_ever_published":false,"_jetpack_newsletter_access":"","_jetpack_dont_email_post_to_subs":false,"_jetpack_newsletter_tier_id":0,"_jetpack_memberships_contains_paywalled_content":false,"_jetpack_memberships_contains_paid_content":false,"footnotes":"","jetpack_publicize_message":"","jetpack_publicize_feature_enabled":true,"jetpack_social_post_already_shared":true,"jetpack_social_options":{"image_generator_settings":{"template":"highway","default_image_id":0,"font":"","enabled":false},"version":2}},"categories":[13],"tags":[],"class_list":["post-5740","post","type-post","status-publish","format-standard","hentry","category-niedzwiadki"],"jetpack_publicize_connections":[],"jetpack_featured_media_url":"","jetpack_sharing_enabled":true,"jetpack_shortlink":"https:\/\/wp.me\/p7NQjT-1uA","jetpack-related-posts":[],"_links":{"self":[{"href":"https:\/\/przedszkole8.pl\/index.php?rest_route=\/wp\/v2\/posts\/5740","targetHints":{"allow":["GET"]}}],"collection":[{"href":"https:\/\/przedszkole8.pl\/index.php?rest_route=\/wp\/v2\/posts"}],"about":[{"href":"https:\/\/przedszkole8.pl\/index.php?rest_route=\/wp\/v2\/types\/post"}],"author":[{"embeddable":true,"href":"https:\/\/przedszkole8.pl\/index.php?rest_route=\/wp\/v2\/users\/10"}],"replies":[{"embeddable":true,"href":"https:\/\/przedszkole8.pl\/index.php?rest_route=%2Fwp%2Fv2%2Fcomments&post=5740"}],"version-history":[{"count":4,"href":"https:\/\/przedszkole8.pl\/index.php?rest_route=\/wp\/v2\/posts\/5740\/revisions"}],"predecessor-version":[{"id":5750,"href":"https:\/\/przedszkole8.pl\/index.php?rest_route=\/wp\/v2\/posts\/5740\/revisions\/5750"}],"wp:attachment":[{"href":"https:\/\/przedszkole8.pl\/index.php?rest_route=%2Fwp%2Fv2%2Fmedia&parent=5740"}],"wp:term":[{"taxonomy":"category","embeddable":true,"href":"https:\/\/przedszkole8.pl\/index.php?rest_route=%2Fwp%2Fv2%2Fcategories&post=5740"},{"taxonomy":"post_tag","embeddable":true,"href":"https:\/\/przedszkole8.pl\/index.php?rest_route=%2Fwp%2Fv2%2Ftags&post=5740"}],"curies":[{"name":"wp","href":"https:\/\/api.w.org\/{rel}","templated":true}]}}