{"id":5555,"date":"2020-04-29T14:00:09","date_gmt":"2020-04-29T14:00:09","guid":{"rendered":"http:\/\/przedszkole8.pl\/?p=5555"},"modified":"2020-04-29T14:00:09","modified_gmt":"2020-04-29T14:00:09","slug":"opieka-nad-dziecmi-od-06-maja","status":"publish","type":"post","link":"https:\/\/przedszkole8.pl\/?p=5555","title":{"rendered":"Opieka nad dzie\u0107mi od 06. maja"},"content":{"rendered":"<p>Prosimy o udzielenie odpowiedzi na nast\u0119puj\u0105ce pytanie: &#8222;<strong>Czy w Pa\u0144stwa przypadku niezb\u0119dna jest opieka przedszkolna dla Pa\u0144stwa dziecka od \u015brody 06.05.2020r?<\/strong>&#8222;. Odpowied\u017a prosimy wysy\u0142a\u0107 imiennie na adres mailowy <a href=\"mailto:dyrektor@przedszkole8.pl\">dyrektor@przedszkole8.pl<\/a> w terminie do czwartku <strong>30.04.2020<\/strong> r. do godziny <strong>09:00<\/strong>.<\/p>\n","protected":false},"excerpt":{"rendered":"<p>Prosimy o udzielenie odpowiedzi na nast\u0119puj\u0105ce pytanie: &#8222;Czy w Pa\u0144stwa przypadku niezb\u0119dna jest opieka przedszkolna dla Pa\u0144stwa dziecka od \u015brody 06.05.2020r?&#8222;. Odpowied\u017a prosimy wysy\u0142a\u0107 imiennie na adres mailowy dyrektor@przedszkole8.pl w terminie do czwartku 30.04.2020 r. do godziny 09:00.<\/p>\n","protected":false},"author":1,"featured_media":0,"comment_status":"closed","ping_status":"closed","sticky":false,"template":"","format":"standard","meta":{"jetpack_post_was_ever_published":false,"_jetpack_newsletter_access":"","_jetpack_dont_email_post_to_subs":false,"_jetpack_newsletter_tier_id":0,"_jetpack_memberships_contains_paywalled_content":false,"_jetpack_memberships_contains_paid_content":false,"footnotes":"","jetpack_publicize_message":"","jetpack_publicize_feature_enabled":true,"jetpack_social_post_already_shared":true,"jetpack_social_options":{"image_generator_settings":{"template":"highway","default_image_id":0,"font":"","enabled":false},"version":2}},"categories":[16],"tags":[],"class_list":["post-5555","post","type-post","status-publish","format-standard","hentry","category-nowosci"],"jetpack_publicize_connections":[],"jetpack_featured_media_url":"","jetpack_sharing_enabled":true,"jetpack_shortlink":"https:\/\/wp.me\/p7NQjT-1rB","jetpack-related-posts":[],"_links":{"self":[{"href":"https:\/\/przedszkole8.pl\/index.php?rest_route=\/wp\/v2\/posts\/5555","targetHints":{"allow":["GET"]}}],"collection":[{"href":"https:\/\/przedszkole8.pl\/index.php?rest_route=\/wp\/v2\/posts"}],"about":[{"href":"https:\/\/przedszkole8.pl\/index.php?rest_route=\/wp\/v2\/types\/post"}],"author":[{"embeddable":true,"href":"https:\/\/przedszkole8.pl\/index.php?rest_route=\/wp\/v2\/users\/1"}],"replies":[{"embeddable":true,"href":"https:\/\/przedszkole8.pl\/index.php?rest_route=%2Fwp%2Fv2%2Fcomments&post=5555"}],"version-history":[{"count":1,"href":"https:\/\/przedszkole8.pl\/index.php?rest_route=\/wp\/v2\/posts\/5555\/revisions"}],"predecessor-version":[{"id":5556,"href":"https:\/\/przedszkole8.pl\/index.php?rest_route=\/wp\/v2\/posts\/5555\/revisions\/5556"}],"wp:attachment":[{"href":"https:\/\/przedszkole8.pl\/index.php?rest_route=%2Fwp%2Fv2%2Fmedia&parent=5555"}],"wp:term":[{"taxonomy":"category","embeddable":true,"href":"https:\/\/przedszkole8.pl\/index.php?rest_route=%2Fwp%2Fv2%2Fcategories&post=5555"},{"taxonomy":"post_tag","embeddable":true,"href":"https:\/\/przedszkole8.pl\/index.php?rest_route=%2Fwp%2Fv2%2Ftags&post=5555"}],"curies":[{"name":"wp","href":"https:\/\/api.w.org\/{rel}","templated":true}]}}