{"id":5546,"date":"2020-04-28T20:46:55","date_gmt":"2020-04-28T20:46:55","guid":{"rendered":"http:\/\/przedszkole8.pl\/?p=5546"},"modified":"2020-04-28T20:46:55","modified_gmt":"2020-04-28T20:46:55","slug":"propozycje-zajec-dla-misiow-na-czwartek-30-04-2020","status":"publish","type":"post","link":"https:\/\/przedszkole8.pl\/?p=5546","title":{"rendered":"Propozycje zaj\u0119\u0107 dla Misi\u00f3w na czwartek 30.04.2020"},"content":{"rendered":"<p> 1.W dniu dzisiejszym,w przeddzie\u0144 \u015bwi\u0105t narodowych, pos\u0142uchajmy z dzie\u0107mi mazurka D\u0105browskiego(Hymnu Polski)https:\/\/youtu.be\/MyLFTSUWRy8.Dzieci powinny wiedzie\u0107,\u017ce hymn \u015bpiewamy w pozycji stoj\u0105cej i z szacunkiem,gdy\u017c nie jest to zwyk\u0142a piosenka,ale najwa\u017cniejszych pie\u015bni dla ka\u017cdego Polaka.<br \/>\n 2.Historyjka obrazkowa-Flaga.Dzieci niech spr\u00f3buj\u0105 j\u0105 opowiedzie\u0107.Mo\u017cna j\u0105 wydrukowa\u0107,poci\u0105\u0107 i niech dziecko uk\u0142ada j\u0105 wg kolejno\u015bci zdarze\u0144.<a href=\"https:\/\/przedszkole8.pl\/wp-content\/uploads\/2020\/04\/historyjka-flaga.docx\">historyjka-flaga<\/a><br \/>\n 3.Karty pracy do wyboru:<a href=\"https:\/\/przedszkole8.pl\/wp-content\/uploads\/2020\/04\/historyjka-flaga.docx\">historyjka-flaga<\/a><\/p>\n<p><a href=\"https:\/\/przedszkole8.pl\/wp-content\/uploads\/2020\/04\/dopasujdzienflagi.pdf\">dopasujdzienflagi<\/a><\/p>\n<p><a href=\"https:\/\/przedszkole8.pl\/wp-content\/uploads\/2020\/04\/flaga-do-kolorowania.pdf\">flaga-do-kolorowania<\/a><\/p>\n<p><a href=\"https:\/\/przedszkole8.pl\/wp-content\/uploads\/2020\/04\/wysowanie-po-s\u0301ladach-dzien\u0301-flagi.pdf\">wysowanie-po-sladach-dzien-flagi<\/a><\/p>\n<p><a href=\"https:\/\/przedszkole8.pl\/wp-content\/uploads\/2020\/04\/policz3maja.pdf\">policz3maja<\/a><\/p>\n","protected":false},"excerpt":{"rendered":"<p>1.W dniu dzisiejszym,w przeddzie\u0144 \u015bwi\u0105t narodowych, pos\u0142uchajmy z dzie\u0107mi mazurka D\u0105browskiego(Hymnu Polski)https:\/\/youtu.be\/MyLFTSUWRy8.Dzieci powinny wiedzie\u0107,\u017ce hymn \u015bpiewamy w pozycji stoj\u0105cej i z szacunkiem,gdy\u017c nie jest to zwyk\u0142a piosenka,ale najwa\u017cniejszych pie\u015bni dla ka\u017cdego Polaka. 2.Historyjka obrazkowa-Flaga.Dzieci niech spr\u00f3buj\u0105 j\u0105 opowiedzie\u0107.Mo\u017cna j\u0105 wydrukowa\u0107,poci\u0105\u0107 i niech dziecko uk\u0142ada j\u0105 wg kolejno\u015bci zdarze\u0144.historyjka-flaga 3.Karty pracy do wyboru:historyjka-flaga dopasujdzienflagi flaga-do-kolorowania wysowanie-po-sladach-dzien-flagi<\/p>\n","protected":false},"author":24,"featured_media":0,"comment_status":"closed","ping_status":"closed","sticky":false,"template":"","format":"standard","meta":{"jetpack_post_was_ever_published":false,"_jetpack_newsletter_access":"","_jetpack_dont_email_post_to_subs":false,"_jetpack_newsletter_tier_id":0,"_jetpack_memberships_contains_paywalled_content":false,"_jetpack_memberships_contains_paid_content":false,"footnotes":"","jetpack_publicize_message":"","jetpack_publicize_feature_enabled":true,"jetpack_social_post_already_shared":true,"jetpack_social_options":{"image_generator_settings":{"template":"highway","default_image_id":0,"font":"","enabled":false},"version":2}},"categories":[12],"tags":[],"class_list":["post-5546","post","type-post","status-publish","format-standard","hentry","category-misie"],"jetpack_publicize_connections":[],"jetpack_featured_media_url":"","jetpack_sharing_enabled":true,"jetpack_shortlink":"https:\/\/wp.me\/p7NQjT-1rs","jetpack-related-posts":[],"_links":{"self":[{"href":"https:\/\/przedszkole8.pl\/index.php?rest_route=\/wp\/v2\/posts\/5546","targetHints":{"allow":["GET"]}}],"collection":[{"href":"https:\/\/przedszkole8.pl\/index.php?rest_route=\/wp\/v2\/posts"}],"about":[{"href":"https:\/\/przedszkole8.pl\/index.php?rest_route=\/wp\/v2\/types\/post"}],"author":[{"embeddable":true,"href":"https:\/\/przedszkole8.pl\/index.php?rest_route=\/wp\/v2\/users\/24"}],"replies":[{"embeddable":true,"href":"https:\/\/przedszkole8.pl\/index.php?rest_route=%2Fwp%2Fv2%2Fcomments&post=5546"}],"version-history":[{"count":2,"href":"https:\/\/przedszkole8.pl\/index.php?rest_route=\/wp\/v2\/posts\/5546\/revisions"}],"predecessor-version":[{"id":5553,"href":"https:\/\/przedszkole8.pl\/index.php?rest_route=\/wp\/v2\/posts\/5546\/revisions\/5553"}],"wp:attachment":[{"href":"https:\/\/przedszkole8.pl\/index.php?rest_route=%2Fwp%2Fv2%2Fmedia&parent=5546"}],"wp:term":[{"taxonomy":"category","embeddable":true,"href":"https:\/\/przedszkole8.pl\/index.php?rest_route=%2Fwp%2Fv2%2Fcategories&post=5546"},{"taxonomy":"post_tag","embeddable":true,"href":"https:\/\/przedszkole8.pl\/index.php?rest_route=%2Fwp%2Fv2%2Ftags&post=5546"}],"curies":[{"name":"wp","href":"https:\/\/api.w.org\/{rel}","templated":true}]}}