{"id":5071,"date":"2020-03-21T08:52:38","date_gmt":"2020-03-21T08:52:38","guid":{"rendered":"http:\/\/przedszkole8.pl\/?p=5071"},"modified":"2020-03-21T08:52:38","modified_gmt":"2020-03-21T08:52:38","slug":"ksztalcenie-na-odleglosc","status":"publish","type":"post","link":"https:\/\/przedszkole8.pl\/?p=5071","title":{"rendered":"Kszta\u0142cenie na odleg\u0142o\u015b\u0107"},"content":{"rendered":"<p>Drodzy Rodzice, w zwi\u0105zku z zaistnia\u0142\u0105 sytuacj\u0105, zamkni\u0119ciem przedszkola, od najbli\u017cszego poniedzia\u0142ku 23. marca, b\u0119dziemy zamieszcza\u0107 w zak\u0142adkach poszczeg\u00f3lnych grup propozycje zaj\u0119\u0107, kt\u00f3re mogliby Pa\u0144stwo zorganizowa\u0107 swoim pociechom w domach. Na pocz\u0105tek proponujemy obejrzenie kr\u00f3tkiego spotu edukacyjnego na temat koronawirusa, piosenk\u0119 o myciu r\u0105k oraz akcj\u0119 \u201epi\u0105tka dla szpitali\u201d. \u017byczymy cierpliwo\u015bci i du\u017co zdrowia.<\/p>\n<p><a href=\"https:\/\/przedszkole8.pl\/wp-content\/uploads\/2020\/03\/bajka-koronawirus.pdf\">bajka-koronawirus<\/a><\/p>\n<p><iframe loading=\"lazy\" title=\"MYJ R\u0118CE Z LISKIEM - 30 SEKUND - PIOSENKI DLA DZIECI\" width=\"550\" height=\"309\" src=\"https:\/\/www.youtube.com\/embed\/4zeXmv2zPGs?feature=oembed\" frameborder=\"0\" allow=\"accelerometer; autoplay; clipboard-write; encrypted-media; gyroscope; picture-in-picture; web-share\" referrerpolicy=\"strict-origin-when-cross-origin\" allowfullscreen><\/iframe><\/p>\n<div class=\"fb-post\" data-href=\"https:\/\/www.facebook.com\/dzieciswiatabemowo\/photos\/a.1607150212861918\/2577882739121989\/?type=3&#038;eid=ARA0SwPlV7HVxJG9D4tC3m_5yZ5AA-LxGlH-yO2elQBrOSN9eCvXb0sAAbQbq5iiNZOo9D0xUTuvuZhb&#038;ifg=1\" data-width=\"550\" style=\"background-color: #fff; display: inline-block;\"><\/div>\n<p>&nbsp;<\/p>\n<p>&nbsp;<\/p>\n","protected":false},"excerpt":{"rendered":"<p>Drodzy Rodzice, w zwi\u0105zku z zaistnia\u0142\u0105 sytuacj\u0105, zamkni\u0119ciem przedszkola, od najbli\u017cszego poniedzia\u0142ku 23. marca, b\u0119dziemy zamieszcza\u0107 w zak\u0142adkach poszczeg\u00f3lnych grup propozycje zaj\u0119\u0107, kt\u00f3re mogliby Pa\u0144stwo zorganizowa\u0107 swoim pociechom w domach. Na pocz\u0105tek proponujemy obejrzenie kr\u00f3tkiego spotu edukacyjnego na temat koronawirusa, piosenk\u0119 o myciu r\u0105k oraz akcj\u0119 \u201epi\u0105tka dla szpitali\u201d. \u017byczymy cierpliwo\u015bci i du\u017co zdrowia. bajka-koronawirus<\/p>\n","protected":false},"author":1,"featured_media":0,"comment_status":"closed","ping_status":"closed","sticky":false,"template":"","format":"standard","meta":{"jetpack_post_was_ever_published":false,"_jetpack_newsletter_access":"","_jetpack_dont_email_post_to_subs":false,"_jetpack_newsletter_tier_id":0,"_jetpack_memberships_contains_paywalled_content":false,"_jetpack_memberships_contains_paid_content":false,"footnotes":"","jetpack_publicize_message":"","jetpack_publicize_feature_enabled":true,"jetpack_social_post_already_shared":true,"jetpack_social_options":{"image_generator_settings":{"template":"highway","default_image_id":0,"font":"","enabled":false},"version":2}},"categories":[16],"tags":[],"class_list":["post-5071","post","type-post","status-publish","format-standard","hentry","category-nowosci"],"jetpack_publicize_connections":[],"jetpack_featured_media_url":"","jetpack_sharing_enabled":true,"jetpack_shortlink":"https:\/\/wp.me\/p7NQjT-1jN","jetpack-related-posts":[],"_links":{"self":[{"href":"https:\/\/przedszkole8.pl\/index.php?rest_route=\/wp\/v2\/posts\/5071","targetHints":{"allow":["GET"]}}],"collection":[{"href":"https:\/\/przedszkole8.pl\/index.php?rest_route=\/wp\/v2\/posts"}],"about":[{"href":"https:\/\/przedszkole8.pl\/index.php?rest_route=\/wp\/v2\/types\/post"}],"author":[{"embeddable":true,"href":"https:\/\/przedszkole8.pl\/index.php?rest_route=\/wp\/v2\/users\/1"}],"replies":[{"embeddable":true,"href":"https:\/\/przedszkole8.pl\/index.php?rest_route=%2Fwp%2Fv2%2Fcomments&post=5071"}],"version-history":[{"count":9,"href":"https:\/\/przedszkole8.pl\/index.php?rest_route=\/wp\/v2\/posts\/5071\/revisions"}],"predecessor-version":[{"id":5085,"href":"https:\/\/przedszkole8.pl\/index.php?rest_route=\/wp\/v2\/posts\/5071\/revisions\/5085"}],"wp:attachment":[{"href":"https:\/\/przedszkole8.pl\/index.php?rest_route=%2Fwp%2Fv2%2Fmedia&parent=5071"}],"wp:term":[{"taxonomy":"category","embeddable":true,"href":"https:\/\/przedszkole8.pl\/index.php?rest_route=%2Fwp%2Fv2%2Fcategories&post=5071"},{"taxonomy":"post_tag","embeddable":true,"href":"https:\/\/przedszkole8.pl\/index.php?rest_route=%2Fwp%2Fv2%2Ftags&post=5071"}],"curies":[{"name":"wp","href":"https:\/\/api.w.org\/{rel}","templated":true}]}}