{"id":5062,"date":"2020-03-20T19:18:01","date_gmt":"2020-03-20T19:18:01","guid":{"rendered":"http:\/\/przedszkole8.pl\/?p=5062"},"modified":"2020-03-20T19:18:01","modified_gmt":"2020-03-20T19:18:01","slug":"propozycje-zajec-i-zabaw-dla-niedzwiadkow-23-03-2020-27-03-2020","status":"publish","type":"post","link":"https:\/\/przedszkole8.pl\/?p=5062","title":{"rendered":"PROPOZYCJE ZAJ\u0118\u0106 I ZABAW DLA NIED\u0179WIADK\u00d3W (23.03.2020 \u2013 27.03.2020)"},"content":{"rendered":"<p>TEMAT KOMPLEKSOWY NA TYDZIE\u0143<\/p>\n<p><strong>\u201eOznaki wiosny\u201d<\/strong><\/p>\n<p>&nbsp;<\/p>\n<p>ZADANIA DO REALIZACJI:<\/p>\n<p><strong>PONIEDZIA\u0141EK:<\/strong><\/p>\n<ul>\n<li>\u201ePrawda czy fa\u0142sz?\u201d &#8211; zabawa dydaktyczna. Rodzic m\u00f3wi zdanie o tematyce wiosennej, a dziecko okre\u015bla czy zdanie jest prawdziwe czy fa\u0142szywe<\/li>\n<li>\u201eNajpi\u0119kniejszy kwiat wiosenny\u201d \u2013 nagranie kr\u00f3tkiego filmiku na temat swojego najbardziej lubianego wiosennego kwiatu<\/li>\n<li>\u201eZr\u00f3b tyle, ile\u2026 &#8211; zabawa ruchowa z wykorzystaniem kartek z cyframi 1-10. Rodzic (potem dziecko) pokazuje wybran\u0105 przez siebie liczb\u0119 i okre\u015bla, jak\u0105 czynno\u015b\u0107 dziecko ma wykona\u0107 (\u0107w. gimnastyczne)<\/li>\n<\/ul>\n<p><strong>WTOREK:<\/strong><\/p>\n<ul>\n<li>\u201eKto pierwszy znajdzie wiosn\u0119?\u201d &#8211; konstruowanie gry planszowej (zdj\u0119cie)<\/li>\n<\/ul>\n<p><a href=\"https:\/\/i0.wp.com\/przedszkole8.pl\/wp-content\/uploads\/2020\/03\/5.jpg?ssl=1\"><img data-recalc-dims=\"1\" loading=\"lazy\" decoding=\"async\" class=\"alignnone size-medium wp-image-5063\" src=\"https:\/\/i0.wp.com\/przedszkole8.pl\/wp-content\/uploads\/2020\/03\/5-300x225.jpg?resize=300%2C225&#038;ssl=1\" alt=\"5\" width=\"300\" height=\"225\" \/><\/a><\/p>\n<ul>\n<li>\u201eCo lubi wiosna?\u201d- podzia\u0142 na sylaby, wyodr\u0119bnianie g\u0142oski w pocz\u0105tku i na ko\u0144cu wyrazu; motyl, bazie, ptaki, tulipany, biedronki, krokusy, stokrotki, \u017conkile,<\/li>\n<li>\u0107w. grafomotoryczne (zdj\u0119cie)<\/li>\n<\/ul>\n<p><a href=\"https:\/\/i0.wp.com\/przedszkole8.pl\/wp-content\/uploads\/2020\/03\/1-2.jpg?ssl=1\"><img data-recalc-dims=\"1\" loading=\"lazy\" decoding=\"async\" class=\"alignnone size-medium wp-image-5064\" src=\"https:\/\/i0.wp.com\/przedszkole8.pl\/wp-content\/uploads\/2020\/03\/1-2-220x300.jpg?resize=220%2C300&#038;ssl=1\" alt=\"1\" width=\"220\" height=\"300\" \/><\/a> <a href=\"https:\/\/i0.wp.com\/przedszkole8.pl\/wp-content\/uploads\/2020\/03\/2-2.jpg?ssl=1\"><img data-recalc-dims=\"1\" loading=\"lazy\" decoding=\"async\" class=\"alignnone size-medium wp-image-5065\" src=\"https:\/\/i0.wp.com\/przedszkole8.pl\/wp-content\/uploads\/2020\/03\/2-2-220x300.jpg?resize=220%2C300&#038;ssl=1\" alt=\"2\" width=\"220\" height=\"300\" \/><\/a><\/p>\n<p><strong>\u015aRODA<\/strong><\/p>\n<ul>\n<li>\u201ePolka fasolka\u201d &#8211; poznanie s\u0142\u00f3w piosenki Stanis\u0142awa Karaszewskiego; pami\u0119ciowe opanowanie tekstu piosenki<\/li>\n<\/ul>\n<p>Co tam sadzi pan Jeremi?<\/p>\n<p>Sadzi w polu fa- so- l\u0119!<\/p>\n<p>Po ziarenku b\u0119c! \u2013 do ziemi.<\/p>\n<p>\u201eJaki \u2013 taki plon zbio \u2013 r\u0119 !\u201d<\/p>\n<p>Ref: Do- re -mi<\/p>\n<p>fa \u2013 sol- la<\/p>\n<p>fa \u2013 sol- la \u2013 si -do!<\/p>\n<p>Do- re -mi<\/p>\n<p>fa \u2013 sol- la<\/p>\n<p>fa \u2013 sol- la \u2013 si -do!<\/p>\n<p>Ju\u017c po tyce w g\u00f3r\u0119 pnie si\u0119<\/p>\n<p>Wesolutka fa- so \u2013 la!<\/p>\n<p>Pan Jeremi worek niesie:<\/p>\n<p>\u201eHop, fasolo do wo \u2013 ra!\u201d<\/p>\n<p>Ref: Do re mi \u2026<\/p>\n<p>Prosi \u017con\u0119 pan Jeremi:<\/p>\n<p>\u201e\u017bono \u0142uskaj fasol\u0119<\/p>\n<p>i fasol\u0119 gotuj\u017ce mi,<\/p>\n<p>zanim wr\u00f3c\u0119 w pole!\u201d<\/p>\n<p>Ref: Do re mi \u2026<\/p>\n<ul>\n<li>\u201eKwiaty na parapecie\u201d \u2013 (zdj\u0119cie)<\/li>\n<\/ul>\n<p><a href=\"https:\/\/i0.wp.com\/przedszkole8.pl\/wp-content\/uploads\/2020\/03\/3-1.jpg?ssl=1\"><img data-recalc-dims=\"1\" loading=\"lazy\" decoding=\"async\" class=\"alignnone size-medium wp-image-5066\" src=\"https:\/\/i0.wp.com\/przedszkole8.pl\/wp-content\/uploads\/2020\/03\/3-1-300x225.jpg?resize=300%2C225&#038;ssl=1\" alt=\"3\" width=\"300\" height=\"225\" \/><\/a><\/p>\n<ul>\n<li>Spontaniczne rozmowy z dzie\u0107mi dotycz\u0105ce nadchodz\u0105cej wiosny (cechy charakterystyczne wiosny)<\/li>\n<\/ul>\n<p><strong>CZWARTEK:<\/strong><\/p>\n<ul>\n<li>\u201eTajemnica ma\u0142ego nasionka\u201d &#8211; s\u0142uchanie opowiadania J. Wasilewskiej; rozmowa na podstawie tre\u015bci opowiadania (ZDJ\u0118CIE)<\/li>\n<\/ul>\n<p><a href=\"https:\/\/i0.wp.com\/przedszkole8.pl\/wp-content\/uploads\/2020\/03\/4-1.jpg?ssl=1\"><img data-recalc-dims=\"1\" loading=\"lazy\" decoding=\"async\" class=\"alignnone size-medium wp-image-5067\" src=\"https:\/\/i0.wp.com\/przedszkole8.pl\/wp-content\/uploads\/2020\/03\/4-1-225x300.jpg?resize=225%2C300&#038;ssl=1\" alt=\"4\" width=\"225\" height=\"300\" \/><\/a><\/p>\n<ul>\n<li>\u201eCo idzie z wiosn\u0105?\u201d \u2013 praca plastyczna. Malowanie oznak wiosny na kartce Z wykorzystaniem dost\u0119pnych materia\u0142\u00f3w<\/li>\n<li>\u201eBazie na wierzbie\u201d \u2013 zabawa matematyczna (obrazek przedstawiaj\u0105cy ga\u0142\u0105zki wierzbowe z baziami)<\/li>\n<\/ul>\n<p>&nbsp;<\/p>\n<p><strong>PI\u0104TEK:<\/strong><\/p>\n<ul>\n<li>\u201eWiosenne zagadki\u201d &#8211; uk\u0142adanie i rozwi\u0105zywanie zagadek o tematyce wiosennych kwiat\u00f3w<\/li>\n<li>\u201eKwiaty rosn\u0105\u201d &#8211; \u0107wiczenia gimnastyczne z elementem wyprostnym (stanie na palcach jak najd\u0142u\u017cej\u00a0 z wyci\u0105gni\u0119tymi r\u0119koma jak najwy\u017cej)<\/li>\n<li>\u201eWiosenne porz\u0105dki\u201d \u2013 przegl\u0105danie garderoby, wybieranie odzie\u017cy, kt\u00f3ra b\u0119dzie przydatna wiosn\u0105<\/li>\n<\/ul>\n<p>&nbsp;<\/p>\n<p><em>\u0179r\u00f3d\u0142a: <\/em><\/p>\n<p>&#8211; TROPICIELE \u2013 PRZEWODNIK METODYCZNY 3<\/p>\n<p>Sze\u015bciolatek \u2013 Roczne przygotowanie przedszkolne<\/p>\n<p>Beata Gawro\u0144ska, Emilia Raczek<\/p>\n","protected":false},"excerpt":{"rendered":"<p>TEMAT KOMPLEKSOWY NA TYDZIE\u0143 \u201eOznaki wiosny\u201d &nbsp; ZADANIA DO REALIZACJI: PONIEDZIA\u0141EK: \u201ePrawda czy fa\u0142sz?\u201d &#8211; zabawa dydaktyczna. Rodzic m\u00f3wi zdanie o tematyce wiosennej, a dziecko okre\u015bla czy zdanie jest prawdziwe czy fa\u0142szywe \u201eNajpi\u0119kniejszy kwiat wiosenny\u201d \u2013 nagranie kr\u00f3tkiego filmiku na temat swojego najbardziej lubianego wiosennego kwiatu \u201eZr\u00f3b tyle, ile\u2026 &#8211; zabawa ruchowa z wykorzystaniem kartek<\/p>\n","protected":false},"author":10,"featured_media":0,"comment_status":"closed","ping_status":"closed","sticky":false,"template":"","format":"standard","meta":{"jetpack_post_was_ever_published":false,"_jetpack_newsletter_access":"","_jetpack_dont_email_post_to_subs":false,"_jetpack_newsletter_tier_id":0,"_jetpack_memberships_contains_paywalled_content":false,"_jetpack_memberships_contains_paid_content":false,"footnotes":"","jetpack_publicize_message":"","jetpack_publicize_feature_enabled":true,"jetpack_social_post_already_shared":true,"jetpack_social_options":{"image_generator_settings":{"template":"highway","default_image_id":0,"font":"","enabled":false},"version":2}},"categories":[13],"tags":[],"class_list":["post-5062","post","type-post","status-publish","format-standard","hentry","category-niedzwiadki"],"jetpack_publicize_connections":[],"jetpack_featured_media_url":"","jetpack_sharing_enabled":true,"jetpack_shortlink":"https:\/\/wp.me\/p7NQjT-1jE","jetpack-related-posts":[],"_links":{"self":[{"href":"https:\/\/przedszkole8.pl\/index.php?rest_route=\/wp\/v2\/posts\/5062","targetHints":{"allow":["GET"]}}],"collection":[{"href":"https:\/\/przedszkole8.pl\/index.php?rest_route=\/wp\/v2\/posts"}],"about":[{"href":"https:\/\/przedszkole8.pl\/index.php?rest_route=\/wp\/v2\/types\/post"}],"author":[{"embeddable":true,"href":"https:\/\/przedszkole8.pl\/index.php?rest_route=\/wp\/v2\/users\/10"}],"replies":[{"embeddable":true,"href":"https:\/\/przedszkole8.pl\/index.php?rest_route=%2Fwp%2Fv2%2Fcomments&post=5062"}],"version-history":[{"count":1,"href":"https:\/\/przedszkole8.pl\/index.php?rest_route=\/wp\/v2\/posts\/5062\/revisions"}],"predecessor-version":[{"id":5068,"href":"https:\/\/przedszkole8.pl\/index.php?rest_route=\/wp\/v2\/posts\/5062\/revisions\/5068"}],"wp:attachment":[{"href":"https:\/\/przedszkole8.pl\/index.php?rest_route=%2Fwp%2Fv2%2Fmedia&parent=5062"}],"wp:term":[{"taxonomy":"category","embeddable":true,"href":"https:\/\/przedszkole8.pl\/index.php?rest_route=%2Fwp%2Fv2%2Fcategories&post=5062"},{"taxonomy":"post_tag","embeddable":true,"href":"https:\/\/przedszkole8.pl\/index.php?rest_route=%2Fwp%2Fv2%2Ftags&post=5062"}],"curies":[{"name":"wp","href":"https:\/\/api.w.org\/{rel}","templated":true}]}}