{"id":4450,"date":"2019-10-09T06:09:55","date_gmt":"2019-10-09T06:09:55","guid":{"rendered":"http:\/\/przedszkole8.pl\/?p=4450"},"modified":"2019-10-09T06:09:55","modified_gmt":"2019-10-09T06:09:55","slug":"podziekowania-grupa-niedzwiadkow","status":"publish","type":"post","link":"https:\/\/przedszkole8.pl\/?p=4450","title":{"rendered":"Podzi\u0119kowania &#8211; grupa Nied\u017awiadk\u00f3w"},"content":{"rendered":"<p>Nied\u017awiadki serdecznie dzi\u0119kuj\u0105:<\/p>\n<ul>\n<li>Mamie Mirona za chusteczki i papier ksero<\/li>\n<li>Mamie Tosi za chusteczki i kartki dla dzieci<\/li>\n<li>Tacie Dominika A. za papier ksero<\/li>\n<\/ul>\n","protected":false},"excerpt":{"rendered":"<p>Nied\u017awiadki serdecznie dzi\u0119kuj\u0105: Mamie Mirona za chusteczki i papier ksero Mamie Tosi za chusteczki i kartki dla dzieci Tacie Dominika A. za papier ksero<\/p>\n","protected":false},"author":1,"featured_media":0,"comment_status":"closed","ping_status":"closed","sticky":false,"template":"","format":"standard","meta":{"jetpack_post_was_ever_published":false,"_jetpack_newsletter_access":"","_jetpack_dont_email_post_to_subs":false,"_jetpack_newsletter_tier_id":0,"_jetpack_memberships_contains_paywalled_content":false,"_jetpack_memberships_contains_paid_content":false,"footnotes":"","jetpack_publicize_message":"","jetpack_publicize_feature_enabled":true,"jetpack_social_post_already_shared":true,"jetpack_social_options":{"image_generator_settings":{"template":"highway","default_image_id":0,"font":"","enabled":false},"version":2}},"categories":[13],"tags":[],"class_list":["post-4450","post","type-post","status-publish","format-standard","hentry","category-niedzwiadki"],"jetpack_publicize_connections":[],"jetpack_featured_media_url":"","jetpack_sharing_enabled":true,"jetpack_shortlink":"https:\/\/wp.me\/p7NQjT-19M","jetpack-related-posts":[],"_links":{"self":[{"href":"https:\/\/przedszkole8.pl\/index.php?rest_route=\/wp\/v2\/posts\/4450","targetHints":{"allow":["GET"]}}],"collection":[{"href":"https:\/\/przedszkole8.pl\/index.php?rest_route=\/wp\/v2\/posts"}],"about":[{"href":"https:\/\/przedszkole8.pl\/index.php?rest_route=\/wp\/v2\/types\/post"}],"author":[{"embeddable":true,"href":"https:\/\/przedszkole8.pl\/index.php?rest_route=\/wp\/v2\/users\/1"}],"replies":[{"embeddable":true,"href":"https:\/\/przedszkole8.pl\/index.php?rest_route=%2Fwp%2Fv2%2Fcomments&post=4450"}],"version-history":[{"count":1,"href":"https:\/\/przedszkole8.pl\/index.php?rest_route=\/wp\/v2\/posts\/4450\/revisions"}],"predecessor-version":[{"id":4451,"href":"https:\/\/przedszkole8.pl\/index.php?rest_route=\/wp\/v2\/posts\/4450\/revisions\/4451"}],"wp:attachment":[{"href":"https:\/\/przedszkole8.pl\/index.php?rest_route=%2Fwp%2Fv2%2Fmedia&parent=4450"}],"wp:term":[{"taxonomy":"category","embeddable":true,"href":"https:\/\/przedszkole8.pl\/index.php?rest_route=%2Fwp%2Fv2%2Fcategories&post=4450"},{"taxonomy":"post_tag","embeddable":true,"href":"https:\/\/przedszkole8.pl\/index.php?rest_route=%2Fwp%2Fv2%2Ftags&post=4450"}],"curies":[{"name":"wp","href":"https:\/\/api.w.org\/{rel}","templated":true}]}}