{"id":17147,"date":"2026-09-04T10:53:08","date_gmt":"2026-09-04T10:53:08","guid":{"rendered":"https:\/\/przedszkole8.pl\/?p=17147"},"modified":"2026-09-04T10:53:10","modified_gmt":"2026-09-04T10:53:10","slug":"wolne-miejsca","status":"publish","type":"post","link":"https:\/\/przedszkole8.pl\/?p=17147","title":{"rendered":"Wolne miejsca"},"content":{"rendered":"\n<p>W poni\u017cszym dokumencie znajduje si\u0119 informacja o wolnych miejscach w gdy\u0144skich przedszkolach<\/p>\n\n\n\n<div data-wp-interactive=\"core\/file\" class=\"wp-block-file\"><object data-wp-bind--hidden=\"!state.hasPdfPreview\" hidden class=\"wp-block-file__embed\" data=\"https:\/\/przedszkole8.pl\/wp-content\/uploads\/2026\/09\/wolne-miejsca-3-wrzesnia.pdf\" type=\"application\/pdf\" style=\"width:100%;height:600px\" aria-label=\"Osadzone z wolne miejsca 3 wrze\u015bnia.\"><\/object><a id=\"wp-block-file--media-79cae3bd-982b-4d12-b9cc-448f38e38d99\" href=\"https:\/\/przedszkole8.pl\/wp-content\/uploads\/2026\/09\/wolne-miejsca-3-wrzesnia.pdf\">wolne miejsca 3 wrze\u015bnia<\/a><a href=\"https:\/\/przedszkole8.pl\/wp-content\/uploads\/2026\/09\/wolne-miejsca-3-wrzesnia.pdf\" class=\"wp-block-file__button wp-element-button\" download aria-describedby=\"wp-block-file--media-79cae3bd-982b-4d12-b9cc-448f38e38d99\">Pobierz<\/a><\/div>\n","protected":false},"excerpt":{"rendered":"<p>W poni\u017cszym dokumencie znajduje si\u0119 informacja o wolnych miejscach w gdy\u0144skich przedszkolach<\/p>\n","protected":false},"author":1,"featured_media":0,"comment_status":"closed","ping_status":"closed","sticky":false,"template":"","format":"standard","meta":{"jetpack_post_was_ever_published":false,"_jetpack_newsletter_access":"","_jetpack_dont_email_post_to_subs":false,"_jetpack_newsletter_tier_id":0,"_jetpack_memberships_contains_paywalled_content":false,"_jetpack_memberships_contains_paid_content":false,"footnotes":"","jetpack_publicize_message":"","jetpack_publicize_feature_enabled":true,"jetpack_social_post_already_shared":true,"jetpack_social_options":{"image_generator_settings":{"template":"highway","default_image_id":0,"font":"","enabled":false},"version":2}},"categories":[16],"tags":[],"class_list":["post-17147","post","type-post","status-publish","format-standard","hentry","category-nowosci"],"jetpack_publicize_connections":[],"jetpack_featured_media_url":"","jetpack_sharing_enabled":true,"jetpack_shortlink":"https:\/\/wp.me\/p7NQjT-4sz","jetpack-related-posts":[],"_links":{"self":[{"href":"https:\/\/przedszkole8.pl\/index.php?rest_route=\/wp\/v2\/posts\/17147","targetHints":{"allow":["GET"]}}],"collection":[{"href":"https:\/\/przedszkole8.pl\/index.php?rest_route=\/wp\/v2\/posts"}],"about":[{"href":"https:\/\/przedszkole8.pl\/index.php?rest_route=\/wp\/v2\/types\/post"}],"author":[{"embeddable":true,"href":"https:\/\/przedszkole8.pl\/index.php?rest_route=\/wp\/v2\/users\/1"}],"replies":[{"embeddable":true,"href":"https:\/\/przedszkole8.pl\/index.php?rest_route=%2Fwp%2Fv2%2Fcomments&post=17147"}],"version-history":[{"count":1,"href":"https:\/\/przedszkole8.pl\/index.php?rest_route=\/wp\/v2\/posts\/17147\/revisions"}],"predecessor-version":[{"id":17148,"href":"https:\/\/przedszkole8.pl\/index.php?rest_route=\/wp\/v2\/posts\/17147\/revisions\/17148"}],"wp:attachment":[{"href":"https:\/\/przedszkole8.pl\/index.php?rest_route=%2Fwp%2Fv2%2Fmedia&parent=17147"}],"wp:term":[{"taxonomy":"category","embeddable":true,"href":"https:\/\/przedszkole8.pl\/index.php?rest_route=%2Fwp%2Fv2%2Fcategories&post=17147"},{"taxonomy":"post_tag","embeddable":true,"href":"https:\/\/przedszkole8.pl\/index.php?rest_route=%2Fwp%2Fv2%2Ftags&post=17147"}],"curies":[{"name":"wp","href":"https:\/\/api.w.org\/{rel}","templated":true}]}}