{"id":16747,"date":"2026-04-26T17:27:34","date_gmt":"2026-04-26T17:27:34","guid":{"rendered":"https:\/\/przedszkole8.pl\/?p=16747"},"modified":"2026-04-26T17:27:36","modified_gmt":"2026-04-26T17:27:36","slug":"czytanie-na-dywanie-u-misiow-4","status":"publish","type":"post","link":"https:\/\/przedszkole8.pl\/?p=16747","title":{"rendered":"Czytanie na dywanie u Misi\u00f3w"},"content":{"rendered":"\n<p>W \u015brod\u0119 22 kwietnia po raz kolejny na naszym dywanie zago\u015bci\u0142a mama i siostrzyczka Maksia. Jak zawsze pi\u0119knie nam czyta\u0142a ksi\u0105\u017cki wypo\u017cyczone w bibliotece specjalnie dla nas i swoich dzieci. Ksi\u0105\u017cka pt. &#8222;Fenek i wielka nuda&#8221; bardzo nam si\u0119 podoba\u0142a, szczeg\u00f3lnie du\u017ce kolorowe ilustracje. Dwie nast\u0119pne ksi\u0105\u017cki te\u017c nam si\u0119 podoba\u0142y. Lubimy ksi\u0105\u017cki i mi\u0142ych go\u015bci, kt\u00f3rzy nam je czytaj\u0105. Zapraszamy serdecznie na nasz dywan.<\/p>\n\n\n\n<figure class=\"wp-block-gallery has-nested-images columns-default is-cropped wp-block-gallery-1 is-layout-flex wp-block-gallery-is-layout-flex\">\n<figure class=\"wp-block-image size-large\"><a href=\"https:\/\/i0.wp.com\/przedszkole8.pl\/wp-content\/uploads\/2026\/04\/1777048857578-scaled.jpg?ssl=1\"><img data-recalc-dims=\"1\" loading=\"lazy\" decoding=\"async\" width=\"550\" height=\"309\" data-attachment-id=\"16748\" data-permalink=\"https:\/\/przedszkole8.pl\/?attachment_id=16748\" data-orig-file=\"https:\/\/i0.wp.com\/przedszkole8.pl\/wp-content\/uploads\/2026\/04\/1777048857578-scaled.jpg?fit=2560%2C1440&amp;ssl=1\" data-orig-size=\"2560,1440\" data-comments-opened=\"0\" data-image-meta=\"{&quot;aperture&quot;:&quot;0&quot;,&quot;credit&quot;:&quot;&quot;,&quot;camera&quot;:&quot;&quot;,&quot;caption&quot;:&quot;&quot;,&quot;created_timestamp&quot;:&quot;0&quot;,&quot;copyright&quot;:&quot;&quot;,&quot;focal_length&quot;:&quot;0&quot;,&quot;iso&quot;:&quot;0&quot;,&quot;shutter_speed&quot;:&quot;0&quot;,&quot;title&quot;:&quot;&quot;,&quot;orientation&quot;:&quot;1&quot;}\" data-image-title=\"1777048857578\" data-image-description=\"\" data-image-caption=\"\" data-medium-file=\"https:\/\/i0.wp.com\/przedszkole8.pl\/wp-content\/uploads\/2026\/04\/1777048857578-scaled.jpg?fit=300%2C169&amp;ssl=1\" data-large-file=\"https:\/\/i0.wp.com\/przedszkole8.pl\/wp-content\/uploads\/2026\/04\/1777048857578-scaled.jpg?fit=550%2C309&amp;ssl=1\" data-id=\"16748\" src=\"https:\/\/i0.wp.com\/przedszkole8.pl\/wp-content\/uploads\/2026\/04\/1777048857578.jpg?resize=550%2C309&#038;ssl=1\" alt=\"\" class=\"wp-image-16748\" srcset=\"https:\/\/i0.wp.com\/przedszkole8.pl\/wp-content\/uploads\/2026\/04\/1777048857578-scaled.jpg?resize=1024%2C576&amp;ssl=1 1024w, https:\/\/i0.wp.com\/przedszkole8.pl\/wp-content\/uploads\/2026\/04\/1777048857578-scaled.jpg?resize=300%2C169&amp;ssl=1 300w, https:\/\/i0.wp.com\/przedszkole8.pl\/wp-content\/uploads\/2026\/04\/1777048857578-scaled.jpg?resize=768%2C432&amp;ssl=1 768w, https:\/\/i0.wp.com\/przedszkole8.pl\/wp-content\/uploads\/2026\/04\/1777048857578-scaled.jpg?resize=1536%2C864&amp;ssl=1 1536w, https:\/\/i0.wp.com\/przedszkole8.pl\/wp-content\/uploads\/2026\/04\/1777048857578-scaled.jpg?resize=2048%2C1152&amp;ssl=1 2048w, https:\/\/i0.wp.com\/przedszkole8.pl\/wp-content\/uploads\/2026\/04\/1777048857578-scaled.jpg?w=1100&amp;ssl=1 1100w, https:\/\/i0.wp.com\/przedszkole8.pl\/wp-content\/uploads\/2026\/04\/1777048857578-scaled.jpg?w=1650&amp;ssl=1 1650w\" sizes=\"auto, (max-width: 550px) 100vw, 550px\" \/><\/a><\/figure>\n<\/figure>\n\n\n\n<figure class=\"wp-block-gallery has-nested-images columns-default is-cropped wp-block-gallery-2 is-layout-flex wp-block-gallery-is-layout-flex\">\n<figure class=\"wp-block-image size-large\"><a href=\"https:\/\/i0.wp.com\/przedszkole8.pl\/wp-content\/uploads\/2026\/04\/1777048879669-scaled.jpg?ssl=1\"><img data-recalc-dims=\"1\" loading=\"lazy\" decoding=\"async\" width=\"550\" height=\"309\" data-attachment-id=\"16749\" data-permalink=\"https:\/\/przedszkole8.pl\/?attachment_id=16749\" data-orig-file=\"https:\/\/i0.wp.com\/przedszkole8.pl\/wp-content\/uploads\/2026\/04\/1777048879669-scaled.jpg?fit=2560%2C1440&amp;ssl=1\" data-orig-size=\"2560,1440\" data-comments-opened=\"0\" data-image-meta=\"{&quot;aperture&quot;:&quot;0&quot;,&quot;credit&quot;:&quot;&quot;,&quot;camera&quot;:&quot;&quot;,&quot;caption&quot;:&quot;&quot;,&quot;created_timestamp&quot;:&quot;0&quot;,&quot;copyright&quot;:&quot;&quot;,&quot;focal_length&quot;:&quot;0&quot;,&quot;iso&quot;:&quot;0&quot;,&quot;shutter_speed&quot;:&quot;0&quot;,&quot;title&quot;:&quot;&quot;,&quot;orientation&quot;:&quot;1&quot;}\" data-image-title=\"1777048879669\" data-image-description=\"\" data-image-caption=\"\" data-medium-file=\"https:\/\/i0.wp.com\/przedszkole8.pl\/wp-content\/uploads\/2026\/04\/1777048879669-scaled.jpg?fit=300%2C169&amp;ssl=1\" data-large-file=\"https:\/\/i0.wp.com\/przedszkole8.pl\/wp-content\/uploads\/2026\/04\/1777048879669-scaled.jpg?fit=550%2C309&amp;ssl=1\" data-id=\"16749\" src=\"https:\/\/i0.wp.com\/przedszkole8.pl\/wp-content\/uploads\/2026\/04\/1777048879669.jpg?resize=550%2C309&#038;ssl=1\" alt=\"\" class=\"wp-image-16749\" srcset=\"https:\/\/i0.wp.com\/przedszkole8.pl\/wp-content\/uploads\/2026\/04\/1777048879669-scaled.jpg?resize=1024%2C576&amp;ssl=1 1024w, https:\/\/i0.wp.com\/przedszkole8.pl\/wp-content\/uploads\/2026\/04\/1777048879669-scaled.jpg?resize=300%2C169&amp;ssl=1 300w, https:\/\/i0.wp.com\/przedszkole8.pl\/wp-content\/uploads\/2026\/04\/1777048879669-scaled.jpg?resize=768%2C432&amp;ssl=1 768w, https:\/\/i0.wp.com\/przedszkole8.pl\/wp-content\/uploads\/2026\/04\/1777048879669-scaled.jpg?resize=1536%2C864&amp;ssl=1 1536w, https:\/\/i0.wp.com\/przedszkole8.pl\/wp-content\/uploads\/2026\/04\/1777048879669-scaled.jpg?resize=2048%2C1152&amp;ssl=1 2048w, https:\/\/i0.wp.com\/przedszkole8.pl\/wp-content\/uploads\/2026\/04\/1777048879669-scaled.jpg?w=1100&amp;ssl=1 1100w, https:\/\/i0.wp.com\/przedszkole8.pl\/wp-content\/uploads\/2026\/04\/1777048879669-scaled.jpg?w=1650&amp;ssl=1 1650w\" sizes=\"auto, (max-width: 550px) 100vw, 550px\" \/><\/a><\/figure>\n<\/figure>\n","protected":false},"excerpt":{"rendered":"<p>W \u015brod\u0119 22 kwietnia po raz kolejny na naszym dywanie zago\u015bci\u0142a mama i siostrzyczka Maksia. Jak zawsze pi\u0119knie nam czyta\u0142a ksi\u0105\u017cki wypo\u017cyczone w bibliotece specjalnie dla nas i swoich dzieci. Ksi\u0105\u017cka pt. &#8222;Fenek i wielka nuda&#8221; bardzo nam si\u0119 podoba\u0142a, szczeg\u00f3lnie du\u017ce kolorowe ilustracje. Dwie nast\u0119pne ksi\u0105\u017cki te\u017c nam si\u0119 podoba\u0142y. Lubimy ksi\u0105\u017cki i mi\u0142ych<\/p>\n","protected":false},"author":20,"featured_media":0,"comment_status":"closed","ping_status":"closed","sticky":false,"template":"","format":"standard","meta":{"jetpack_post_was_ever_published":false,"_jetpack_newsletter_access":"","_jetpack_dont_email_post_to_subs":false,"_jetpack_newsletter_tier_id":0,"_jetpack_memberships_contains_paywalled_content":false,"_jetpack_memberships_contains_paid_content":false,"footnotes":"","jetpack_publicize_message":"","jetpack_publicize_feature_enabled":true,"jetpack_social_post_already_shared":true,"jetpack_social_options":{"image_generator_settings":{"template":"highway","default_image_id":0,"font":"","enabled":false},"version":2}},"categories":[54],"tags":[],"class_list":["post-16747","post","type-post","status-publish","format-standard","hentry","category-misie-2"],"jetpack_publicize_connections":[],"jetpack_featured_media_url":"","jetpack_sharing_enabled":true,"jetpack_shortlink":"https:\/\/wp.me\/p7NQjT-4m7","jetpack-related-posts":[],"_links":{"self":[{"href":"https:\/\/przedszkole8.pl\/index.php?rest_route=\/wp\/v2\/posts\/16747","targetHints":{"allow":["GET"]}}],"collection":[{"href":"https:\/\/przedszkole8.pl\/index.php?rest_route=\/wp\/v2\/posts"}],"about":[{"href":"https:\/\/przedszkole8.pl\/index.php?rest_route=\/wp\/v2\/types\/post"}],"author":[{"embeddable":true,"href":"https:\/\/przedszkole8.pl\/index.php?rest_route=\/wp\/v2\/users\/20"}],"replies":[{"embeddable":true,"href":"https:\/\/przedszkole8.pl\/index.php?rest_route=%2Fwp%2Fv2%2Fcomments&post=16747"}],"version-history":[{"count":1,"href":"https:\/\/przedszkole8.pl\/index.php?rest_route=\/wp\/v2\/posts\/16747\/revisions"}],"predecessor-version":[{"id":16750,"href":"https:\/\/przedszkole8.pl\/index.php?rest_route=\/wp\/v2\/posts\/16747\/revisions\/16750"}],"wp:attachment":[{"href":"https:\/\/przedszkole8.pl\/index.php?rest_route=%2Fwp%2Fv2%2Fmedia&parent=16747"}],"wp:term":[{"taxonomy":"category","embeddable":true,"href":"https:\/\/przedszkole8.pl\/index.php?rest_route=%2Fwp%2Fv2%2Fcategories&post=16747"},{"taxonomy":"post_tag","embeddable":true,"href":"https:\/\/przedszkole8.pl\/index.php?rest_route=%2Fwp%2Fv2%2Ftags&post=16747"}],"curies":[{"name":"wp","href":"https:\/\/api.w.org\/{rel}","templated":true}]}}