{"id":16731,"date":"2026-04-26T16:47:58","date_gmt":"2026-04-26T16:47:58","guid":{"rendered":"https:\/\/przedszkole8.pl\/?p=16731"},"modified":"2026-04-26T16:48:00","modified_gmt":"2026-04-26T16:48:00","slug":"urodziny-piotrusia","status":"publish","type":"post","link":"https:\/\/przedszkole8.pl\/?p=16731","title":{"rendered":"Urodziny Piotrusia"},"content":{"rendered":"\n<p>W \u015brod\u0119 15 kwietnia obchodzili\u015bmy pi\u0105te urodziny Piotrusia. Urodzinowe ta\u0144ce i zabawy wszystkim si\u0119 podoba\u0142y. Z Piotrusiem wszystkie zabawy si\u0119 udaj\u0105. Dzi\u0119kujemy Piotrusiowi i jego rodzicom za zdrowy i smaczny pocz\u0119stunek oraz s\u0142odkie upominki dla dzieci.<\/p>\n\n\n\n<figure class=\"wp-block-gallery has-nested-images columns-default is-cropped wp-block-gallery-1 is-layout-flex wp-block-gallery-is-layout-flex\">\n<figure class=\"wp-block-image size-large\"><a href=\"https:\/\/i0.wp.com\/przedszkole8.pl\/wp-content\/uploads\/2026\/04\/1777049150245-scaled.jpg?ssl=1\"><img data-recalc-dims=\"1\" loading=\"lazy\" decoding=\"async\" width=\"550\" height=\"309\" data-attachment-id=\"16732\" data-permalink=\"https:\/\/przedszkole8.pl\/?attachment_id=16732\" data-orig-file=\"https:\/\/i0.wp.com\/przedszkole8.pl\/wp-content\/uploads\/2026\/04\/1777049150245-scaled.jpg?fit=2560%2C1440&amp;ssl=1\" data-orig-size=\"2560,1440\" data-comments-opened=\"0\" data-image-meta=\"{&quot;aperture&quot;:&quot;0&quot;,&quot;credit&quot;:&quot;&quot;,&quot;camera&quot;:&quot;&quot;,&quot;caption&quot;:&quot;&quot;,&quot;created_timestamp&quot;:&quot;0&quot;,&quot;copyright&quot;:&quot;&quot;,&quot;focal_length&quot;:&quot;0&quot;,&quot;iso&quot;:&quot;0&quot;,&quot;shutter_speed&quot;:&quot;0&quot;,&quot;title&quot;:&quot;&quot;,&quot;orientation&quot;:&quot;1&quot;}\" data-image-title=\"1777049150245\" data-image-description=\"\" data-image-caption=\"\" data-medium-file=\"https:\/\/i0.wp.com\/przedszkole8.pl\/wp-content\/uploads\/2026\/04\/1777049150245-scaled.jpg?fit=300%2C169&amp;ssl=1\" data-large-file=\"https:\/\/i0.wp.com\/przedszkole8.pl\/wp-content\/uploads\/2026\/04\/1777049150245-scaled.jpg?fit=550%2C309&amp;ssl=1\" data-id=\"16732\" src=\"https:\/\/i0.wp.com\/przedszkole8.pl\/wp-content\/uploads\/2026\/04\/1777049150245.jpg?resize=550%2C309&#038;ssl=1\" alt=\"\" class=\"wp-image-16732\" srcset=\"https:\/\/i0.wp.com\/przedszkole8.pl\/wp-content\/uploads\/2026\/04\/1777049150245-scaled.jpg?resize=1024%2C576&amp;ssl=1 1024w, https:\/\/i0.wp.com\/przedszkole8.pl\/wp-content\/uploads\/2026\/04\/1777049150245-scaled.jpg?resize=300%2C169&amp;ssl=1 300w, https:\/\/i0.wp.com\/przedszkole8.pl\/wp-content\/uploads\/2026\/04\/1777049150245-scaled.jpg?resize=768%2C432&amp;ssl=1 768w, https:\/\/i0.wp.com\/przedszkole8.pl\/wp-content\/uploads\/2026\/04\/1777049150245-scaled.jpg?resize=1536%2C864&amp;ssl=1 1536w, https:\/\/i0.wp.com\/przedszkole8.pl\/wp-content\/uploads\/2026\/04\/1777049150245-scaled.jpg?resize=2048%2C1152&amp;ssl=1 2048w, https:\/\/i0.wp.com\/przedszkole8.pl\/wp-content\/uploads\/2026\/04\/1777049150245-scaled.jpg?w=1100&amp;ssl=1 1100w, https:\/\/i0.wp.com\/przedszkole8.pl\/wp-content\/uploads\/2026\/04\/1777049150245-scaled.jpg?w=1650&amp;ssl=1 1650w\" sizes=\"auto, (max-width: 550px) 100vw, 550px\" \/><\/a><\/figure>\n<\/figure>\n\n\n\n<figure class=\"wp-block-gallery has-nested-images columns-default is-cropped wp-block-gallery-2 is-layout-flex wp-block-gallery-is-layout-flex\">\n<figure class=\"wp-block-image size-large\"><a href=\"https:\/\/i0.wp.com\/przedszkole8.pl\/wp-content\/uploads\/2026\/04\/1777049096473-1-scaled.jpg?ssl=1\"><img data-recalc-dims=\"1\" loading=\"lazy\" decoding=\"async\" width=\"550\" height=\"309\" data-attachment-id=\"16733\" data-permalink=\"https:\/\/przedszkole8.pl\/?attachment_id=16733\" data-orig-file=\"https:\/\/i0.wp.com\/przedszkole8.pl\/wp-content\/uploads\/2026\/04\/1777049096473-1-scaled.jpg?fit=2560%2C1440&amp;ssl=1\" data-orig-size=\"2560,1440\" data-comments-opened=\"0\" data-image-meta=\"{&quot;aperture&quot;:&quot;0&quot;,&quot;credit&quot;:&quot;&quot;,&quot;camera&quot;:&quot;&quot;,&quot;caption&quot;:&quot;&quot;,&quot;created_timestamp&quot;:&quot;0&quot;,&quot;copyright&quot;:&quot;&quot;,&quot;focal_length&quot;:&quot;0&quot;,&quot;iso&quot;:&quot;0&quot;,&quot;shutter_speed&quot;:&quot;0&quot;,&quot;title&quot;:&quot;&quot;,&quot;orientation&quot;:&quot;1&quot;}\" data-image-title=\"1777049096473 (1)\" data-image-description=\"\" data-image-caption=\"\" data-medium-file=\"https:\/\/i0.wp.com\/przedszkole8.pl\/wp-content\/uploads\/2026\/04\/1777049096473-1-scaled.jpg?fit=300%2C169&amp;ssl=1\" data-large-file=\"https:\/\/i0.wp.com\/przedszkole8.pl\/wp-content\/uploads\/2026\/04\/1777049096473-1-scaled.jpg?fit=550%2C309&amp;ssl=1\" data-id=\"16733\" src=\"https:\/\/i0.wp.com\/przedszkole8.pl\/wp-content\/uploads\/2026\/04\/1777049096473-1.jpg?resize=550%2C309&#038;ssl=1\" alt=\"\" class=\"wp-image-16733\" srcset=\"https:\/\/i0.wp.com\/przedszkole8.pl\/wp-content\/uploads\/2026\/04\/1777049096473-1-scaled.jpg?resize=1024%2C576&amp;ssl=1 1024w, https:\/\/i0.wp.com\/przedszkole8.pl\/wp-content\/uploads\/2026\/04\/1777049096473-1-scaled.jpg?resize=300%2C169&amp;ssl=1 300w, https:\/\/i0.wp.com\/przedszkole8.pl\/wp-content\/uploads\/2026\/04\/1777049096473-1-scaled.jpg?resize=768%2C432&amp;ssl=1 768w, https:\/\/i0.wp.com\/przedszkole8.pl\/wp-content\/uploads\/2026\/04\/1777049096473-1-scaled.jpg?resize=1536%2C864&amp;ssl=1 1536w, https:\/\/i0.wp.com\/przedszkole8.pl\/wp-content\/uploads\/2026\/04\/1777049096473-1-scaled.jpg?resize=2048%2C1152&amp;ssl=1 2048w, https:\/\/i0.wp.com\/przedszkole8.pl\/wp-content\/uploads\/2026\/04\/1777049096473-1-scaled.jpg?w=1100&amp;ssl=1 1100w, https:\/\/i0.wp.com\/przedszkole8.pl\/wp-content\/uploads\/2026\/04\/1777049096473-1-scaled.jpg?w=1650&amp;ssl=1 1650w\" sizes=\"auto, (max-width: 550px) 100vw, 550px\" \/><\/a><\/figure>\n<\/figure>\n\n\n\n<figure class=\"wp-block-gallery has-nested-images columns-default is-cropped wp-block-gallery-3 is-layout-flex wp-block-gallery-is-layout-flex\">\n<figure class=\"wp-block-image size-large\"><a href=\"https:\/\/i0.wp.com\/przedszkole8.pl\/wp-content\/uploads\/2026\/04\/1777049177653-scaled.jpg?ssl=1\"><img data-recalc-dims=\"1\" loading=\"lazy\" decoding=\"async\" width=\"550\" height=\"309\" data-attachment-id=\"16734\" data-permalink=\"https:\/\/przedszkole8.pl\/?attachment_id=16734\" data-orig-file=\"https:\/\/i0.wp.com\/przedszkole8.pl\/wp-content\/uploads\/2026\/04\/1777049177653-scaled.jpg?fit=2560%2C1440&amp;ssl=1\" data-orig-size=\"2560,1440\" data-comments-opened=\"0\" data-image-meta=\"{&quot;aperture&quot;:&quot;0&quot;,&quot;credit&quot;:&quot;&quot;,&quot;camera&quot;:&quot;&quot;,&quot;caption&quot;:&quot;&quot;,&quot;created_timestamp&quot;:&quot;0&quot;,&quot;copyright&quot;:&quot;&quot;,&quot;focal_length&quot;:&quot;0&quot;,&quot;iso&quot;:&quot;0&quot;,&quot;shutter_speed&quot;:&quot;0&quot;,&quot;title&quot;:&quot;&quot;,&quot;orientation&quot;:&quot;1&quot;}\" data-image-title=\"1777049177653\" data-image-description=\"\" data-image-caption=\"\" data-medium-file=\"https:\/\/i0.wp.com\/przedszkole8.pl\/wp-content\/uploads\/2026\/04\/1777049177653-scaled.jpg?fit=300%2C169&amp;ssl=1\" data-large-file=\"https:\/\/i0.wp.com\/przedszkole8.pl\/wp-content\/uploads\/2026\/04\/1777049177653-scaled.jpg?fit=550%2C309&amp;ssl=1\" data-id=\"16734\" src=\"https:\/\/i0.wp.com\/przedszkole8.pl\/wp-content\/uploads\/2026\/04\/1777049177653.jpg?resize=550%2C309&#038;ssl=1\" alt=\"\" class=\"wp-image-16734\" srcset=\"https:\/\/i0.wp.com\/przedszkole8.pl\/wp-content\/uploads\/2026\/04\/1777049177653-scaled.jpg?resize=1024%2C576&amp;ssl=1 1024w, https:\/\/i0.wp.com\/przedszkole8.pl\/wp-content\/uploads\/2026\/04\/1777049177653-scaled.jpg?resize=300%2C169&amp;ssl=1 300w, https:\/\/i0.wp.com\/przedszkole8.pl\/wp-content\/uploads\/2026\/04\/1777049177653-scaled.jpg?resize=768%2C432&amp;ssl=1 768w, https:\/\/i0.wp.com\/przedszkole8.pl\/wp-content\/uploads\/2026\/04\/1777049177653-scaled.jpg?resize=1536%2C864&amp;ssl=1 1536w, https:\/\/i0.wp.com\/przedszkole8.pl\/wp-content\/uploads\/2026\/04\/1777049177653-scaled.jpg?resize=2048%2C1152&amp;ssl=1 2048w, https:\/\/i0.wp.com\/przedszkole8.pl\/wp-content\/uploads\/2026\/04\/1777049177653-scaled.jpg?w=1100&amp;ssl=1 1100w, https:\/\/i0.wp.com\/przedszkole8.pl\/wp-content\/uploads\/2026\/04\/1777049177653-scaled.jpg?w=1650&amp;ssl=1 1650w\" sizes=\"auto, (max-width: 550px) 100vw, 550px\" \/><\/a><\/figure>\n<\/figure>\n\n\n\n<figure class=\"wp-block-gallery has-nested-images columns-default is-cropped wp-block-gallery-4 is-layout-flex wp-block-gallery-is-layout-flex\">\n<figure class=\"wp-block-image size-large\"><a href=\"https:\/\/i0.wp.com\/przedszkole8.pl\/wp-content\/uploads\/2026\/04\/1777049130019-1-scaled.jpg?ssl=1\"><img data-recalc-dims=\"1\" loading=\"lazy\" decoding=\"async\" width=\"550\" height=\"309\" data-attachment-id=\"16735\" data-permalink=\"https:\/\/przedszkole8.pl\/?attachment_id=16735\" data-orig-file=\"https:\/\/i0.wp.com\/przedszkole8.pl\/wp-content\/uploads\/2026\/04\/1777049130019-1-scaled.jpg?fit=2560%2C1440&amp;ssl=1\" data-orig-size=\"2560,1440\" data-comments-opened=\"0\" data-image-meta=\"{&quot;aperture&quot;:&quot;0&quot;,&quot;credit&quot;:&quot;&quot;,&quot;camera&quot;:&quot;&quot;,&quot;caption&quot;:&quot;&quot;,&quot;created_timestamp&quot;:&quot;0&quot;,&quot;copyright&quot;:&quot;&quot;,&quot;focal_length&quot;:&quot;0&quot;,&quot;iso&quot;:&quot;0&quot;,&quot;shutter_speed&quot;:&quot;0&quot;,&quot;title&quot;:&quot;&quot;,&quot;orientation&quot;:&quot;1&quot;}\" data-image-title=\"1777049130019 (1)\" data-image-description=\"\" data-image-caption=\"\" data-medium-file=\"https:\/\/i0.wp.com\/przedszkole8.pl\/wp-content\/uploads\/2026\/04\/1777049130019-1-scaled.jpg?fit=300%2C169&amp;ssl=1\" data-large-file=\"https:\/\/i0.wp.com\/przedszkole8.pl\/wp-content\/uploads\/2026\/04\/1777049130019-1-scaled.jpg?fit=550%2C309&amp;ssl=1\" data-id=\"16735\" src=\"https:\/\/i0.wp.com\/przedszkole8.pl\/wp-content\/uploads\/2026\/04\/1777049130019-1.jpg?resize=550%2C309&#038;ssl=1\" alt=\"\" class=\"wp-image-16735\" srcset=\"https:\/\/i0.wp.com\/przedszkole8.pl\/wp-content\/uploads\/2026\/04\/1777049130019-1-scaled.jpg?resize=1024%2C576&amp;ssl=1 1024w, https:\/\/i0.wp.com\/przedszkole8.pl\/wp-content\/uploads\/2026\/04\/1777049130019-1-scaled.jpg?resize=300%2C169&amp;ssl=1 300w, https:\/\/i0.wp.com\/przedszkole8.pl\/wp-content\/uploads\/2026\/04\/1777049130019-1-scaled.jpg?resize=768%2C432&amp;ssl=1 768w, https:\/\/i0.wp.com\/przedszkole8.pl\/wp-content\/uploads\/2026\/04\/1777049130019-1-scaled.jpg?resize=1536%2C864&amp;ssl=1 1536w, https:\/\/i0.wp.com\/przedszkole8.pl\/wp-content\/uploads\/2026\/04\/1777049130019-1-scaled.jpg?resize=2048%2C1152&amp;ssl=1 2048w, https:\/\/i0.wp.com\/przedszkole8.pl\/wp-content\/uploads\/2026\/04\/1777049130019-1-scaled.jpg?w=1100&amp;ssl=1 1100w, https:\/\/i0.wp.com\/przedszkole8.pl\/wp-content\/uploads\/2026\/04\/1777049130019-1-scaled.jpg?w=1650&amp;ssl=1 1650w\" sizes=\"auto, (max-width: 550px) 100vw, 550px\" \/><\/a><\/figure>\n<\/figure>\n","protected":false},"excerpt":{"rendered":"<p>W \u015brod\u0119 15 kwietnia obchodzili\u015bmy pi\u0105te urodziny Piotrusia. Urodzinowe ta\u0144ce i zabawy wszystkim si\u0119 podoba\u0142y. Z Piotrusiem wszystkie zabawy si\u0119 udaj\u0105. Dzi\u0119kujemy Piotrusiowi i jego rodzicom za zdrowy i smaczny pocz\u0119stunek oraz s\u0142odkie upominki dla dzieci.<\/p>\n","protected":false},"author":20,"featured_media":0,"comment_status":"closed","ping_status":"closed","sticky":false,"template":"","format":"standard","meta":{"jetpack_post_was_ever_published":false,"_jetpack_newsletter_access":"","_jetpack_dont_email_post_to_subs":false,"_jetpack_newsletter_tier_id":0,"_jetpack_memberships_contains_paywalled_content":false,"_jetpack_memberships_contains_paid_content":false,"footnotes":"","jetpack_publicize_message":"","jetpack_publicize_feature_enabled":true,"jetpack_social_post_already_shared":true,"jetpack_social_options":{"image_generator_settings":{"template":"highway","default_image_id":0,"font":"","enabled":false},"version":2}},"categories":[54],"tags":[],"class_list":["post-16731","post","type-post","status-publish","format-standard","hentry","category-misie-2"],"jetpack_publicize_connections":[],"jetpack_featured_media_url":"","jetpack_sharing_enabled":true,"jetpack_shortlink":"https:\/\/wp.me\/p7NQjT-4lR","jetpack-related-posts":[],"_links":{"self":[{"href":"https:\/\/przedszkole8.pl\/index.php?rest_route=\/wp\/v2\/posts\/16731","targetHints":{"allow":["GET"]}}],"collection":[{"href":"https:\/\/przedszkole8.pl\/index.php?rest_route=\/wp\/v2\/posts"}],"about":[{"href":"https:\/\/przedszkole8.pl\/index.php?rest_route=\/wp\/v2\/types\/post"}],"author":[{"embeddable":true,"href":"https:\/\/przedszkole8.pl\/index.php?rest_route=\/wp\/v2\/users\/20"}],"replies":[{"embeddable":true,"href":"https:\/\/przedszkole8.pl\/index.php?rest_route=%2Fwp%2Fv2%2Fcomments&post=16731"}],"version-history":[{"count":1,"href":"https:\/\/przedszkole8.pl\/index.php?rest_route=\/wp\/v2\/posts\/16731\/revisions"}],"predecessor-version":[{"id":16736,"href":"https:\/\/przedszkole8.pl\/index.php?rest_route=\/wp\/v2\/posts\/16731\/revisions\/16736"}],"wp:attachment":[{"href":"https:\/\/przedszkole8.pl\/index.php?rest_route=%2Fwp%2Fv2%2Fmedia&parent=16731"}],"wp:term":[{"taxonomy":"category","embeddable":true,"href":"https:\/\/przedszkole8.pl\/index.php?rest_route=%2Fwp%2Fv2%2Fcategories&post=16731"},{"taxonomy":"post_tag","embeddable":true,"href":"https:\/\/przedszkole8.pl\/index.php?rest_route=%2Fwp%2Fv2%2Ftags&post=16731"}],"curies":[{"name":"wp","href":"https:\/\/api.w.org\/{rel}","templated":true}]}}