{"id":16593,"date":"2026-03-27T16:00:16","date_gmt":"2026-03-27T16:00:16","guid":{"rendered":"https:\/\/przedszkole8.pl\/?p=16593"},"modified":"2026-04-10T16:06:18","modified_gmt":"2026-04-10T16:06:18","slug":"%f0%9f%93%9a-spotkanie-z-literatura-w-naszym-przedszkolu-%f0%9f%8c%9f","status":"publish","type":"post","link":"https:\/\/przedszkole8.pl\/?p=16593","title":{"rendered":"&#x1f4da; Spotkanie z literatur\u0105 w naszym przedszkolu &#x1f31f;"},"content":{"rendered":"\n<p>Dzi\u015b odwiedzi\u0142a nas mama Uli, kt\u00f3ra przeczyta\u0142a dzieciom wiersz Juliana Tuwima \u201ePan Malu\u015bkiewicz i wieloryb\u201d. &#x1f433;&#x1f4d6;<\/p>\n\n\n\n<p>Serdecznie dzi\u0119kujemy za zaanga\u017cowanie, wspania\u0142e przygotowanie atrakcji oraz pi\u0119knych rekwizyt\u00f3w, kt\u00f3re uatrakcyjni\u0142y spotkanie i przenios\u0142y dzieci w \u015bwiat literatury. &#x2728;<\/p>\n\n\n\n<p>Przedszkolaki otrzyma\u0142y r\u00f3wnie\u017c kolorowanki do pokolorowania, kt\u00f3re sprawi\u0142y im wiele rado\u015bci. &#x1f3a8;&#x1f60a;<\/p>\n\n\n\n<p>Dzi\u0119kujemy za wsp\u00f3lnie sp\u0119dzony, pe\u0142en wra\u017ce\u0144 czas! &#x2764;&#xfe0f;<\/p>\n\n\n\n<figure class=\"wp-block-gallery has-nested-images columns-default is-cropped wp-block-gallery-1 is-layout-flex wp-block-gallery-is-layout-flex\">\n<figure class=\"wp-block-image size-large\"><a href=\"https:\/\/i0.wp.com\/przedszkole8.pl\/wp-content\/uploads\/2026\/04\/IMG_7598-scaled.jpeg?ssl=1\"><img data-recalc-dims=\"1\" loading=\"lazy\" decoding=\"async\" width=\"550\" height=\"733\" data-attachment-id=\"16588\" data-permalink=\"https:\/\/przedszkole8.pl\/?attachment_id=16588\" data-orig-file=\"https:\/\/i0.wp.com\/przedszkole8.pl\/wp-content\/uploads\/2026\/04\/IMG_7598-scaled.jpeg?fit=1920%2C2560&amp;ssl=1\" data-orig-size=\"1920,2560\" data-comments-opened=\"0\" data-image-meta=\"{&quot;aperture&quot;:&quot;2.4&quot;,&quot;credit&quot;:&quot;&quot;,&quot;camera&quot;:&quot;iPhone 13 mini&quot;,&quot;caption&quot;:&quot;&quot;,&quot;created_timestamp&quot;:&quot;1774603997&quot;,&quot;copyright&quot;:&quot;&quot;,&quot;focal_length&quot;:&quot;1.54&quot;,&quot;iso&quot;:&quot;320&quot;,&quot;shutter_speed&quot;:&quot;0.011111111111111&quot;,&quot;title&quot;:&quot;&quot;,&quot;orientation&quot;:&quot;1&quot;}\" data-image-title=\"IMG_7598\" data-image-description=\"\" data-image-caption=\"\" data-medium-file=\"https:\/\/i0.wp.com\/przedszkole8.pl\/wp-content\/uploads\/2026\/04\/IMG_7598-scaled.jpeg?fit=225%2C300&amp;ssl=1\" data-large-file=\"https:\/\/i0.wp.com\/przedszkole8.pl\/wp-content\/uploads\/2026\/04\/IMG_7598-scaled.jpeg?fit=550%2C733&amp;ssl=1\" data-id=\"16588\" src=\"https:\/\/i0.wp.com\/przedszkole8.pl\/wp-content\/uploads\/2026\/04\/IMG_7598.jpeg?resize=550%2C733&#038;ssl=1\" alt=\"\" class=\"wp-image-16588\" srcset=\"https:\/\/i0.wp.com\/przedszkole8.pl\/wp-content\/uploads\/2026\/04\/IMG_7598-scaled.jpeg?resize=768%2C1024&amp;ssl=1 768w, https:\/\/i0.wp.com\/przedszkole8.pl\/wp-content\/uploads\/2026\/04\/IMG_7598-scaled.jpeg?resize=225%2C300&amp;ssl=1 225w, https:\/\/i0.wp.com\/przedszkole8.pl\/wp-content\/uploads\/2026\/04\/IMG_7598-scaled.jpeg?resize=1152%2C1536&amp;ssl=1 1152w, https:\/\/i0.wp.com\/przedszkole8.pl\/wp-content\/uploads\/2026\/04\/IMG_7598-scaled.jpeg?resize=1536%2C2048&amp;ssl=1 1536w, https:\/\/i0.wp.com\/przedszkole8.pl\/wp-content\/uploads\/2026\/04\/IMG_7598-scaled.jpeg?w=1920&amp;ssl=1 1920w, https:\/\/i0.wp.com\/przedszkole8.pl\/wp-content\/uploads\/2026\/04\/IMG_7598-scaled.jpeg?w=1100&amp;ssl=1 1100w, https:\/\/i0.wp.com\/przedszkole8.pl\/wp-content\/uploads\/2026\/04\/IMG_7598-scaled.jpeg?w=1650&amp;ssl=1 1650w\" sizes=\"auto, (max-width: 550px) 100vw, 550px\" \/><\/a><\/figure>\n\n\n\n<figure class=\"wp-block-image size-large\"><a href=\"https:\/\/i0.wp.com\/przedszkole8.pl\/wp-content\/uploads\/2026\/04\/IMG_7597-scaled.jpeg?ssl=1\"><img data-recalc-dims=\"1\" loading=\"lazy\" decoding=\"async\" width=\"550\" height=\"413\" data-attachment-id=\"16589\" data-permalink=\"https:\/\/przedszkole8.pl\/?attachment_id=16589\" data-orig-file=\"https:\/\/i0.wp.com\/przedszkole8.pl\/wp-content\/uploads\/2026\/04\/IMG_7597-scaled.jpeg?fit=2560%2C1920&amp;ssl=1\" data-orig-size=\"2560,1920\" data-comments-opened=\"0\" data-image-meta=\"{&quot;aperture&quot;:&quot;2.4&quot;,&quot;credit&quot;:&quot;&quot;,&quot;camera&quot;:&quot;iPhone 13 mini&quot;,&quot;caption&quot;:&quot;&quot;,&quot;created_timestamp&quot;:&quot;1774603992&quot;,&quot;copyright&quot;:&quot;&quot;,&quot;focal_length&quot;:&quot;1.54&quot;,&quot;iso&quot;:&quot;250&quot;,&quot;shutter_speed&quot;:&quot;0.01010101010101&quot;,&quot;title&quot;:&quot;&quot;,&quot;orientation&quot;:&quot;1&quot;}\" data-image-title=\"IMG_7597\" data-image-description=\"\" data-image-caption=\"\" data-medium-file=\"https:\/\/i0.wp.com\/przedszkole8.pl\/wp-content\/uploads\/2026\/04\/IMG_7597-scaled.jpeg?fit=300%2C225&amp;ssl=1\" data-large-file=\"https:\/\/i0.wp.com\/przedszkole8.pl\/wp-content\/uploads\/2026\/04\/IMG_7597-scaled.jpeg?fit=550%2C413&amp;ssl=1\" data-id=\"16589\" src=\"https:\/\/i0.wp.com\/przedszkole8.pl\/wp-content\/uploads\/2026\/04\/IMG_7597.jpeg?resize=550%2C413&#038;ssl=1\" alt=\"\" class=\"wp-image-16589\" srcset=\"https:\/\/i0.wp.com\/przedszkole8.pl\/wp-content\/uploads\/2026\/04\/IMG_7597-scaled.jpeg?resize=1024%2C768&amp;ssl=1 1024w, https:\/\/i0.wp.com\/przedszkole8.pl\/wp-content\/uploads\/2026\/04\/IMG_7597-scaled.jpeg?resize=300%2C225&amp;ssl=1 300w, https:\/\/i0.wp.com\/przedszkole8.pl\/wp-content\/uploads\/2026\/04\/IMG_7597-scaled.jpeg?resize=768%2C576&amp;ssl=1 768w, https:\/\/i0.wp.com\/przedszkole8.pl\/wp-content\/uploads\/2026\/04\/IMG_7597-scaled.jpeg?resize=1536%2C1152&amp;ssl=1 1536w, https:\/\/i0.wp.com\/przedszkole8.pl\/wp-content\/uploads\/2026\/04\/IMG_7597-scaled.jpeg?resize=2048%2C1536&amp;ssl=1 2048w, https:\/\/i0.wp.com\/przedszkole8.pl\/wp-content\/uploads\/2026\/04\/IMG_7597-scaled.jpeg?w=1100&amp;ssl=1 1100w, https:\/\/i0.wp.com\/przedszkole8.pl\/wp-content\/uploads\/2026\/04\/IMG_7597-scaled.jpeg?w=1650&amp;ssl=1 1650w\" sizes=\"auto, (max-width: 550px) 100vw, 550px\" \/><\/a><\/figure>\n<\/figure>\n","protected":false},"excerpt":{"rendered":"<p>Dzi\u015b odwiedzi\u0142a nas mama Uli, kt\u00f3ra przeczyta\u0142a dzieciom wiersz Juliana Tuwima \u201ePan Malu\u015bkiewicz i wieloryb\u201d. &#x1f433;&#x1f4d6; Serdecznie dzi\u0119kujemy za zaanga\u017cowanie, wspania\u0142e przygotowanie atrakcji oraz pi\u0119knych rekwizyt\u00f3w, kt\u00f3re uatrakcyjni\u0142y spotkanie i przenios\u0142y dzieci w \u015bwiat literatury. &#x2728; Przedszkolaki otrzyma\u0142y r\u00f3wnie\u017c kolorowanki do pokolorowania, kt\u00f3re sprawi\u0142y im wiele rado\u015bci. &#x1f3a8;&#x1f60a; Dzi\u0119kujemy za wsp\u00f3lnie sp\u0119dzony, pe\u0142en wra\u017ce\u0144 czas!<\/p>\n","protected":false},"author":25,"featured_media":0,"comment_status":"closed","ping_status":"closed","sticky":false,"template":"","format":"standard","meta":{"jetpack_post_was_ever_published":false,"_jetpack_newsletter_access":"","_jetpack_dont_email_post_to_subs":false,"_jetpack_newsletter_tier_id":0,"_jetpack_memberships_contains_paywalled_content":false,"_jetpack_memberships_contains_paid_content":false,"footnotes":"","jetpack_publicize_message":"","jetpack_publicize_feature_enabled":true,"jetpack_social_post_already_shared":true,"jetpack_social_options":{"image_generator_settings":{"template":"highway","default_image_id":0,"font":"","enabled":false},"version":2}},"categories":[55],"tags":[],"class_list":["post-16593","post","type-post","status-publish","format-standard","hentry","category-gumisie"],"jetpack_publicize_connections":[],"jetpack_featured_media_url":"","jetpack_sharing_enabled":true,"jetpack_shortlink":"https:\/\/wp.me\/p7NQjT-4jD","jetpack-related-posts":[],"_links":{"self":[{"href":"https:\/\/przedszkole8.pl\/index.php?rest_route=\/wp\/v2\/posts\/16593","targetHints":{"allow":["GET"]}}],"collection":[{"href":"https:\/\/przedszkole8.pl\/index.php?rest_route=\/wp\/v2\/posts"}],"about":[{"href":"https:\/\/przedszkole8.pl\/index.php?rest_route=\/wp\/v2\/types\/post"}],"author":[{"embeddable":true,"href":"https:\/\/przedszkole8.pl\/index.php?rest_route=\/wp\/v2\/users\/25"}],"replies":[{"embeddable":true,"href":"https:\/\/przedszkole8.pl\/index.php?rest_route=%2Fwp%2Fv2%2Fcomments&post=16593"}],"version-history":[{"count":1,"href":"https:\/\/przedszkole8.pl\/index.php?rest_route=\/wp\/v2\/posts\/16593\/revisions"}],"predecessor-version":[{"id":16605,"href":"https:\/\/przedszkole8.pl\/index.php?rest_route=\/wp\/v2\/posts\/16593\/revisions\/16605"}],"wp:attachment":[{"href":"https:\/\/przedszkole8.pl\/index.php?rest_route=%2Fwp%2Fv2%2Fmedia&parent=16593"}],"wp:term":[{"taxonomy":"category","embeddable":true,"href":"https:\/\/przedszkole8.pl\/index.php?rest_route=%2Fwp%2Fv2%2Fcategories&post=16593"},{"taxonomy":"post_tag","embeddable":true,"href":"https:\/\/przedszkole8.pl\/index.php?rest_route=%2Fwp%2Fv2%2Ftags&post=16593"}],"curies":[{"name":"wp","href":"https:\/\/api.w.org\/{rel}","templated":true}]}}