{"id":16580,"date":"2026-03-27T15:48:54","date_gmt":"2026-03-27T15:48:54","guid":{"rendered":"https:\/\/przedszkole8.pl\/?p=16580"},"modified":"2026-04-10T15:51:43","modified_gmt":"2026-04-10T15:51:43","slug":"urodzinki-11","status":"publish","type":"post","link":"https:\/\/przedszkole8.pl\/?p=16580","title":{"rendered":"Urodzinki"},"content":{"rendered":"\n<p>Dzi\u015b w naszym przedszkolu \u015bwi\u0119tujemy wyj\u0105tkowy dzie\u0144 \u2013 urodziny Leny! &#x1f973;<\/p>\n\n\n\n<p>Z tej okazji \u017cyczymy Ci, du\u017co u\u015bmiechu, rado\u015bci ka\u017cdego dnia, wspania\u0142ych przyg\u00f3d oraz spe\u0142nienia wszystkich marze\u0144! &#x1f308;&#x2728; Niech ka\u017cdy dzie\u0144 w przedszkolu b\u0119dzie dla Ciebie pe\u0142en zabawy, przyja\u017ani i pi\u0119knych chwil.<\/p>\n\n\n\n<p>Sto lat, Lenko! &#x1f388;&#x1f381;<\/p>\n\n\n\n<figure class=\"wp-block-gallery has-nested-images columns-default is-cropped wp-block-gallery-1 is-layout-flex wp-block-gallery-is-layout-flex\">\n<figure class=\"wp-block-image size-large\"><a href=\"https:\/\/i0.wp.com\/przedszkole8.pl\/wp-content\/uploads\/2026\/04\/IMG_7605-scaled.jpeg?ssl=1\"><img data-recalc-dims=\"1\" loading=\"lazy\" decoding=\"async\" width=\"550\" height=\"413\" data-attachment-id=\"16577\" data-permalink=\"https:\/\/przedszkole8.pl\/?attachment_id=16577\" data-orig-file=\"https:\/\/i0.wp.com\/przedszkole8.pl\/wp-content\/uploads\/2026\/04\/IMG_7605-scaled.jpeg?fit=2560%2C1920&amp;ssl=1\" data-orig-size=\"2560,1920\" data-comments-opened=\"0\" data-image-meta=\"{&quot;aperture&quot;:&quot;1.6&quot;,&quot;credit&quot;:&quot;&quot;,&quot;camera&quot;:&quot;iPhone 13 mini&quot;,&quot;caption&quot;:&quot;&quot;,&quot;created_timestamp&quot;:&quot;1774610108&quot;,&quot;copyright&quot;:&quot;&quot;,&quot;focal_length&quot;:&quot;5.1&quot;,&quot;iso&quot;:&quot;100&quot;,&quot;shutter_speed&quot;:&quot;0.0082644628099174&quot;,&quot;title&quot;:&quot;&quot;,&quot;orientation&quot;:&quot;1&quot;}\" data-image-title=\"IMG_7605\" data-image-description=\"\" data-image-caption=\"\" data-medium-file=\"https:\/\/i0.wp.com\/przedszkole8.pl\/wp-content\/uploads\/2026\/04\/IMG_7605-scaled.jpeg?fit=300%2C225&amp;ssl=1\" data-large-file=\"https:\/\/i0.wp.com\/przedszkole8.pl\/wp-content\/uploads\/2026\/04\/IMG_7605-scaled.jpeg?fit=550%2C413&amp;ssl=1\" data-id=\"16577\" src=\"https:\/\/i0.wp.com\/przedszkole8.pl\/wp-content\/uploads\/2026\/04\/IMG_7605.jpeg?resize=550%2C413&#038;ssl=1\" alt=\"\" class=\"wp-image-16577\" srcset=\"https:\/\/i0.wp.com\/przedszkole8.pl\/wp-content\/uploads\/2026\/04\/IMG_7605-scaled.jpeg?resize=1024%2C768&amp;ssl=1 1024w, https:\/\/i0.wp.com\/przedszkole8.pl\/wp-content\/uploads\/2026\/04\/IMG_7605-scaled.jpeg?resize=300%2C225&amp;ssl=1 300w, https:\/\/i0.wp.com\/przedszkole8.pl\/wp-content\/uploads\/2026\/04\/IMG_7605-scaled.jpeg?resize=768%2C576&amp;ssl=1 768w, https:\/\/i0.wp.com\/przedszkole8.pl\/wp-content\/uploads\/2026\/04\/IMG_7605-scaled.jpeg?resize=1536%2C1152&amp;ssl=1 1536w, https:\/\/i0.wp.com\/przedszkole8.pl\/wp-content\/uploads\/2026\/04\/IMG_7605-scaled.jpeg?resize=2048%2C1536&amp;ssl=1 2048w, https:\/\/i0.wp.com\/przedszkole8.pl\/wp-content\/uploads\/2026\/04\/IMG_7605-scaled.jpeg?w=1100&amp;ssl=1 1100w, https:\/\/i0.wp.com\/przedszkole8.pl\/wp-content\/uploads\/2026\/04\/IMG_7605-scaled.jpeg?w=1650&amp;ssl=1 1650w\" sizes=\"auto, (max-width: 550px) 100vw, 550px\" \/><\/a><\/figure>\n<\/figure>\n","protected":false},"excerpt":{"rendered":"<p>Dzi\u015b w naszym przedszkolu \u015bwi\u0119tujemy wyj\u0105tkowy dzie\u0144 \u2013 urodziny Leny! &#x1f973; Z tej okazji \u017cyczymy Ci, du\u017co u\u015bmiechu, rado\u015bci ka\u017cdego dnia, wspania\u0142ych przyg\u00f3d oraz spe\u0142nienia wszystkich marze\u0144! &#x1f308;&#x2728; Niech ka\u017cdy dzie\u0144 w przedszkolu b\u0119dzie dla Ciebie pe\u0142en zabawy, przyja\u017ani i pi\u0119knych chwil. Sto lat, Lenko! &#x1f388;&#x1f381;<\/p>\n","protected":false},"author":25,"featured_media":0,"comment_status":"closed","ping_status":"closed","sticky":false,"template":"","format":"standard","meta":{"jetpack_post_was_ever_published":false,"_jetpack_newsletter_access":"","_jetpack_dont_email_post_to_subs":false,"_jetpack_newsletter_tier_id":0,"_jetpack_memberships_contains_paywalled_content":false,"_jetpack_memberships_contains_paid_content":false,"footnotes":"","jetpack_publicize_message":"","jetpack_publicize_feature_enabled":true,"jetpack_social_post_already_shared":true,"jetpack_social_options":{"image_generator_settings":{"template":"highway","default_image_id":0,"font":"","enabled":false},"version":2}},"categories":[55],"tags":[],"class_list":["post-16580","post","type-post","status-publish","format-standard","hentry","category-gumisie"],"jetpack_publicize_connections":[],"jetpack_featured_media_url":"","jetpack_sharing_enabled":true,"jetpack_shortlink":"https:\/\/wp.me\/p7NQjT-4jq","jetpack-related-posts":[],"_links":{"self":[{"href":"https:\/\/przedszkole8.pl\/index.php?rest_route=\/wp\/v2\/posts\/16580","targetHints":{"allow":["GET"]}}],"collection":[{"href":"https:\/\/przedszkole8.pl\/index.php?rest_route=\/wp\/v2\/posts"}],"about":[{"href":"https:\/\/przedszkole8.pl\/index.php?rest_route=\/wp\/v2\/types\/post"}],"author":[{"embeddable":true,"href":"https:\/\/przedszkole8.pl\/index.php?rest_route=\/wp\/v2\/users\/25"}],"replies":[{"embeddable":true,"href":"https:\/\/przedszkole8.pl\/index.php?rest_route=%2Fwp%2Fv2%2Fcomments&post=16580"}],"version-history":[{"count":1,"href":"https:\/\/przedszkole8.pl\/index.php?rest_route=\/wp\/v2\/posts\/16580\/revisions"}],"predecessor-version":[{"id":16581,"href":"https:\/\/przedszkole8.pl\/index.php?rest_route=\/wp\/v2\/posts\/16580\/revisions\/16581"}],"wp:attachment":[{"href":"https:\/\/przedszkole8.pl\/index.php?rest_route=%2Fwp%2Fv2%2Fmedia&parent=16580"}],"wp:term":[{"taxonomy":"category","embeddable":true,"href":"https:\/\/przedszkole8.pl\/index.php?rest_route=%2Fwp%2Fv2%2Fcategories&post=16580"},{"taxonomy":"post_tag","embeddable":true,"href":"https:\/\/przedszkole8.pl\/index.php?rest_route=%2Fwp%2Fv2%2Ftags&post=16580"}],"curies":[{"name":"wp","href":"https:\/\/api.w.org\/{rel}","templated":true}]}}