{"id":16163,"date":"2025-12-07T16:35:40","date_gmt":"2025-12-07T16:35:40","guid":{"rendered":"https:\/\/przedszkole8.pl\/?p=16163"},"modified":"2025-12-07T16:35:43","modified_gmt":"2025-12-07T16:35:43","slug":"mikolajki-w-grupie-misiow","status":"publish","type":"post","link":"https:\/\/przedszkole8.pl\/?p=16163","title":{"rendered":"Miko\u0142ajki w grupie &#8222;Misi\u00f3w&#8221;"},"content":{"rendered":"\n<p>W tym roku \u015bwi\u0119ty Miko\u0142aj przyszed\u0142 do naszego przedszkola 4 grudnia w czwartek. U\u015bmiechni\u0119ty wszed\u0142 do naszej sali, usiad\u0142 przy choince, kt\u00f3r\u0105 sami udekorowali\u015bmy. Wiedzia\u0142, \u017ce jeste\u015bmy grzeczni i dla wszystkich dzieci przyni\u00f3s\u0142 prezenty. Podzi\u0119kowali\u015bmy mu pi\u0119knie i powiedzieli\u015bmy wierszyk. Miko\u0142aj te\u017c dosta\u0142 od nas upominki, nasze rysunki, bo przecie\u017c \u015bwi\u0119ty Miko\u0142aj ma swoje \u015bwi\u0119to i jest bardzo mi\u0142y. Miko\u0142ajowi podoba\u0142 si\u0119 wierszyk i rysunki, i podoba\u0142o mu si\u0119 nasze grzeczne zachowanie.<\/p>\n\n\n\n<p>  <\/p>\n\n\n\n<figure class=\"wp-block-gallery has-nested-images columns-default is-cropped wp-block-gallery-1 is-layout-flex wp-block-gallery-is-layout-flex\">\n<figure class=\"wp-block-image size-large\"><a href=\"https:\/\/i0.wp.com\/przedszkole8.pl\/wp-content\/uploads\/2025\/12\/1765123120845-scaled.jpg?ssl=1\"><img data-recalc-dims=\"1\" loading=\"lazy\" decoding=\"async\" width=\"550\" height=\"248\" data-attachment-id=\"16164\" data-permalink=\"https:\/\/przedszkole8.pl\/?attachment_id=16164\" data-orig-file=\"https:\/\/i0.wp.com\/przedszkole8.pl\/wp-content\/uploads\/2025\/12\/1765123120845-scaled.jpg?fit=2560%2C1152&amp;ssl=1\" data-orig-size=\"2560,1152\" data-comments-opened=\"0\" data-image-meta=\"{&quot;aperture&quot;:&quot;0&quot;,&quot;credit&quot;:&quot;&quot;,&quot;camera&quot;:&quot;&quot;,&quot;caption&quot;:&quot;&quot;,&quot;created_timestamp&quot;:&quot;0&quot;,&quot;copyright&quot;:&quot;&quot;,&quot;focal_length&quot;:&quot;0&quot;,&quot;iso&quot;:&quot;0&quot;,&quot;shutter_speed&quot;:&quot;0&quot;,&quot;title&quot;:&quot;&quot;,&quot;orientation&quot;:&quot;1&quot;}\" data-image-title=\"1765123120845\" data-image-description=\"\" data-image-caption=\"\" data-medium-file=\"https:\/\/i0.wp.com\/przedszkole8.pl\/wp-content\/uploads\/2025\/12\/1765123120845-scaled.jpg?fit=300%2C135&amp;ssl=1\" data-large-file=\"https:\/\/i0.wp.com\/przedszkole8.pl\/wp-content\/uploads\/2025\/12\/1765123120845-scaled.jpg?fit=550%2C248&amp;ssl=1\" data-id=\"16164\" src=\"https:\/\/i0.wp.com\/przedszkole8.pl\/wp-content\/uploads\/2025\/12\/1765123120845.jpg?resize=550%2C248&#038;ssl=1\" alt=\"\" class=\"wp-image-16164\" srcset=\"https:\/\/i0.wp.com\/przedszkole8.pl\/wp-content\/uploads\/2025\/12\/1765123120845-scaled.jpg?resize=1024%2C461&amp;ssl=1 1024w, https:\/\/i0.wp.com\/przedszkole8.pl\/wp-content\/uploads\/2025\/12\/1765123120845-scaled.jpg?resize=300%2C135&amp;ssl=1 300w, https:\/\/i0.wp.com\/przedszkole8.pl\/wp-content\/uploads\/2025\/12\/1765123120845-scaled.jpg?resize=768%2C346&amp;ssl=1 768w, https:\/\/i0.wp.com\/przedszkole8.pl\/wp-content\/uploads\/2025\/12\/1765123120845-scaled.jpg?resize=1536%2C691&amp;ssl=1 1536w, https:\/\/i0.wp.com\/przedszkole8.pl\/wp-content\/uploads\/2025\/12\/1765123120845-scaled.jpg?resize=2048%2C922&amp;ssl=1 2048w, https:\/\/i0.wp.com\/przedszkole8.pl\/wp-content\/uploads\/2025\/12\/1765123120845-scaled.jpg?w=1100&amp;ssl=1 1100w, https:\/\/i0.wp.com\/przedszkole8.pl\/wp-content\/uploads\/2025\/12\/1765123120845-scaled.jpg?w=1650&amp;ssl=1 1650w\" sizes=\"auto, (max-width: 550px) 100vw, 550px\" \/><\/a><\/figure>\n<\/figure>\n\n\n\n<figure class=\"wp-block-gallery has-nested-images columns-default is-cropped wp-block-gallery-2 is-layout-flex wp-block-gallery-is-layout-flex\">\n<figure class=\"wp-block-image size-large\"><a href=\"https:\/\/i0.wp.com\/przedszkole8.pl\/wp-content\/uploads\/2025\/12\/1765122509501-scaled.jpg?ssl=1\"><img data-recalc-dims=\"1\" loading=\"lazy\" decoding=\"async\" width=\"550\" height=\"248\" data-attachment-id=\"16165\" data-permalink=\"https:\/\/przedszkole8.pl\/?attachment_id=16165\" data-orig-file=\"https:\/\/i0.wp.com\/przedszkole8.pl\/wp-content\/uploads\/2025\/12\/1765122509501-scaled.jpg?fit=2560%2C1152&amp;ssl=1\" data-orig-size=\"2560,1152\" data-comments-opened=\"0\" data-image-meta=\"{&quot;aperture&quot;:&quot;0&quot;,&quot;credit&quot;:&quot;&quot;,&quot;camera&quot;:&quot;&quot;,&quot;caption&quot;:&quot;&quot;,&quot;created_timestamp&quot;:&quot;0&quot;,&quot;copyright&quot;:&quot;&quot;,&quot;focal_length&quot;:&quot;0&quot;,&quot;iso&quot;:&quot;0&quot;,&quot;shutter_speed&quot;:&quot;0&quot;,&quot;title&quot;:&quot;&quot;,&quot;orientation&quot;:&quot;1&quot;}\" data-image-title=\"1765122509501\" data-image-description=\"\" data-image-caption=\"\" data-medium-file=\"https:\/\/i0.wp.com\/przedszkole8.pl\/wp-content\/uploads\/2025\/12\/1765122509501-scaled.jpg?fit=300%2C135&amp;ssl=1\" data-large-file=\"https:\/\/i0.wp.com\/przedszkole8.pl\/wp-content\/uploads\/2025\/12\/1765122509501-scaled.jpg?fit=550%2C248&amp;ssl=1\" data-id=\"16165\" src=\"https:\/\/i0.wp.com\/przedszkole8.pl\/wp-content\/uploads\/2025\/12\/1765122509501.jpg?resize=550%2C248&#038;ssl=1\" alt=\"\" class=\"wp-image-16165\" srcset=\"https:\/\/i0.wp.com\/przedszkole8.pl\/wp-content\/uploads\/2025\/12\/1765122509501-scaled.jpg?resize=1024%2C461&amp;ssl=1 1024w, https:\/\/i0.wp.com\/przedszkole8.pl\/wp-content\/uploads\/2025\/12\/1765122509501-scaled.jpg?resize=300%2C135&amp;ssl=1 300w, https:\/\/i0.wp.com\/przedszkole8.pl\/wp-content\/uploads\/2025\/12\/1765122509501-scaled.jpg?resize=768%2C346&amp;ssl=1 768w, https:\/\/i0.wp.com\/przedszkole8.pl\/wp-content\/uploads\/2025\/12\/1765122509501-scaled.jpg?resize=1536%2C691&amp;ssl=1 1536w, https:\/\/i0.wp.com\/przedszkole8.pl\/wp-content\/uploads\/2025\/12\/1765122509501-scaled.jpg?resize=2048%2C922&amp;ssl=1 2048w, https:\/\/i0.wp.com\/przedszkole8.pl\/wp-content\/uploads\/2025\/12\/1765122509501-scaled.jpg?w=1100&amp;ssl=1 1100w, https:\/\/i0.wp.com\/przedszkole8.pl\/wp-content\/uploads\/2025\/12\/1765122509501-scaled.jpg?w=1650&amp;ssl=1 1650w\" sizes=\"auto, (max-width: 550px) 100vw, 550px\" \/><\/a><\/figure>\n<\/figure>\n\n\n\n<figure class=\"wp-block-gallery has-nested-images columns-default is-cropped wp-block-gallery-3 is-layout-flex wp-block-gallery-is-layout-flex\">\n<figure class=\"wp-block-image size-large\"><a href=\"https:\/\/i0.wp.com\/przedszkole8.pl\/wp-content\/uploads\/2025\/12\/1765122555813-scaled.jpg?ssl=1\"><img data-recalc-dims=\"1\" loading=\"lazy\" decoding=\"async\" width=\"550\" height=\"248\" data-attachment-id=\"16166\" data-permalink=\"https:\/\/przedszkole8.pl\/?attachment_id=16166\" data-orig-file=\"https:\/\/i0.wp.com\/przedszkole8.pl\/wp-content\/uploads\/2025\/12\/1765122555813-scaled.jpg?fit=2560%2C1152&amp;ssl=1\" data-orig-size=\"2560,1152\" data-comments-opened=\"0\" data-image-meta=\"{&quot;aperture&quot;:&quot;0&quot;,&quot;credit&quot;:&quot;&quot;,&quot;camera&quot;:&quot;&quot;,&quot;caption&quot;:&quot;&quot;,&quot;created_timestamp&quot;:&quot;0&quot;,&quot;copyright&quot;:&quot;&quot;,&quot;focal_length&quot;:&quot;0&quot;,&quot;iso&quot;:&quot;0&quot;,&quot;shutter_speed&quot;:&quot;0&quot;,&quot;title&quot;:&quot;&quot;,&quot;orientation&quot;:&quot;1&quot;}\" data-image-title=\"1765122555813\" data-image-description=\"\" data-image-caption=\"\" data-medium-file=\"https:\/\/i0.wp.com\/przedszkole8.pl\/wp-content\/uploads\/2025\/12\/1765122555813-scaled.jpg?fit=300%2C135&amp;ssl=1\" data-large-file=\"https:\/\/i0.wp.com\/przedszkole8.pl\/wp-content\/uploads\/2025\/12\/1765122555813-scaled.jpg?fit=550%2C248&amp;ssl=1\" data-id=\"16166\" src=\"https:\/\/i0.wp.com\/przedszkole8.pl\/wp-content\/uploads\/2025\/12\/1765122555813.jpg?resize=550%2C248&#038;ssl=1\" alt=\"\" class=\"wp-image-16166\" srcset=\"https:\/\/i0.wp.com\/przedszkole8.pl\/wp-content\/uploads\/2025\/12\/1765122555813-scaled.jpg?resize=1024%2C461&amp;ssl=1 1024w, https:\/\/i0.wp.com\/przedszkole8.pl\/wp-content\/uploads\/2025\/12\/1765122555813-scaled.jpg?resize=300%2C135&amp;ssl=1 300w, https:\/\/i0.wp.com\/przedszkole8.pl\/wp-content\/uploads\/2025\/12\/1765122555813-scaled.jpg?resize=768%2C346&amp;ssl=1 768w, https:\/\/i0.wp.com\/przedszkole8.pl\/wp-content\/uploads\/2025\/12\/1765122555813-scaled.jpg?resize=1536%2C691&amp;ssl=1 1536w, https:\/\/i0.wp.com\/przedszkole8.pl\/wp-content\/uploads\/2025\/12\/1765122555813-scaled.jpg?resize=2048%2C922&amp;ssl=1 2048w, https:\/\/i0.wp.com\/przedszkole8.pl\/wp-content\/uploads\/2025\/12\/1765122555813-scaled.jpg?w=1100&amp;ssl=1 1100w, https:\/\/i0.wp.com\/przedszkole8.pl\/wp-content\/uploads\/2025\/12\/1765122555813-scaled.jpg?w=1650&amp;ssl=1 1650w\" sizes=\"auto, (max-width: 550px) 100vw, 550px\" \/><\/a><\/figure>\n<\/figure>\n\n\n\n<figure class=\"wp-block-gallery has-nested-images columns-default is-cropped wp-block-gallery-4 is-layout-flex wp-block-gallery-is-layout-flex\">\n<figure class=\"wp-block-image size-large\"><a href=\"https:\/\/i0.wp.com\/przedszkole8.pl\/wp-content\/uploads\/2025\/12\/1765122575894-scaled.jpg?ssl=1\"><img data-recalc-dims=\"1\" loading=\"lazy\" decoding=\"async\" width=\"550\" height=\"248\" data-attachment-id=\"16167\" data-permalink=\"https:\/\/przedszkole8.pl\/?attachment_id=16167\" data-orig-file=\"https:\/\/i0.wp.com\/przedszkole8.pl\/wp-content\/uploads\/2025\/12\/1765122575894-scaled.jpg?fit=2560%2C1152&amp;ssl=1\" data-orig-size=\"2560,1152\" data-comments-opened=\"0\" data-image-meta=\"{&quot;aperture&quot;:&quot;0&quot;,&quot;credit&quot;:&quot;&quot;,&quot;camera&quot;:&quot;&quot;,&quot;caption&quot;:&quot;&quot;,&quot;created_timestamp&quot;:&quot;0&quot;,&quot;copyright&quot;:&quot;&quot;,&quot;focal_length&quot;:&quot;0&quot;,&quot;iso&quot;:&quot;0&quot;,&quot;shutter_speed&quot;:&quot;0&quot;,&quot;title&quot;:&quot;&quot;,&quot;orientation&quot;:&quot;1&quot;}\" data-image-title=\"1765122575894\" data-image-description=\"\" data-image-caption=\"\" data-medium-file=\"https:\/\/i0.wp.com\/przedszkole8.pl\/wp-content\/uploads\/2025\/12\/1765122575894-scaled.jpg?fit=300%2C135&amp;ssl=1\" data-large-file=\"https:\/\/i0.wp.com\/przedszkole8.pl\/wp-content\/uploads\/2025\/12\/1765122575894-scaled.jpg?fit=550%2C248&amp;ssl=1\" data-id=\"16167\" src=\"https:\/\/i0.wp.com\/przedszkole8.pl\/wp-content\/uploads\/2025\/12\/1765122575894.jpg?resize=550%2C248&#038;ssl=1\" alt=\"\" class=\"wp-image-16167\" srcset=\"https:\/\/i0.wp.com\/przedszkole8.pl\/wp-content\/uploads\/2025\/12\/1765122575894-scaled.jpg?resize=1024%2C461&amp;ssl=1 1024w, https:\/\/i0.wp.com\/przedszkole8.pl\/wp-content\/uploads\/2025\/12\/1765122575894-scaled.jpg?resize=300%2C135&amp;ssl=1 300w, https:\/\/i0.wp.com\/przedszkole8.pl\/wp-content\/uploads\/2025\/12\/1765122575894-scaled.jpg?resize=768%2C346&amp;ssl=1 768w, https:\/\/i0.wp.com\/przedszkole8.pl\/wp-content\/uploads\/2025\/12\/1765122575894-scaled.jpg?resize=1536%2C691&amp;ssl=1 1536w, https:\/\/i0.wp.com\/przedszkole8.pl\/wp-content\/uploads\/2025\/12\/1765122575894-scaled.jpg?resize=2048%2C922&amp;ssl=1 2048w, https:\/\/i0.wp.com\/przedszkole8.pl\/wp-content\/uploads\/2025\/12\/1765122575894-scaled.jpg?w=1100&amp;ssl=1 1100w, https:\/\/i0.wp.com\/przedszkole8.pl\/wp-content\/uploads\/2025\/12\/1765122575894-scaled.jpg?w=1650&amp;ssl=1 1650w\" sizes=\"auto, (max-width: 550px) 100vw, 550px\" \/><\/a><\/figure>\n<\/figure>\n\n\n\n<figure class=\"wp-block-gallery has-nested-images columns-default is-cropped wp-block-gallery-5 is-layout-flex wp-block-gallery-is-layout-flex\">\n<figure class=\"wp-block-image size-large\"><a href=\"https:\/\/i0.wp.com\/przedszkole8.pl\/wp-content\/uploads\/2025\/12\/1765122621893-scaled.jpg?ssl=1\"><img data-recalc-dims=\"1\" loading=\"lazy\" decoding=\"async\" width=\"550\" height=\"248\" data-attachment-id=\"16168\" data-permalink=\"https:\/\/przedszkole8.pl\/?attachment_id=16168\" data-orig-file=\"https:\/\/i0.wp.com\/przedszkole8.pl\/wp-content\/uploads\/2025\/12\/1765122621893-scaled.jpg?fit=2560%2C1152&amp;ssl=1\" data-orig-size=\"2560,1152\" data-comments-opened=\"0\" data-image-meta=\"{&quot;aperture&quot;:&quot;0&quot;,&quot;credit&quot;:&quot;&quot;,&quot;camera&quot;:&quot;&quot;,&quot;caption&quot;:&quot;&quot;,&quot;created_timestamp&quot;:&quot;0&quot;,&quot;copyright&quot;:&quot;&quot;,&quot;focal_length&quot;:&quot;0&quot;,&quot;iso&quot;:&quot;0&quot;,&quot;shutter_speed&quot;:&quot;0&quot;,&quot;title&quot;:&quot;&quot;,&quot;orientation&quot;:&quot;1&quot;}\" data-image-title=\"1765122621893\" data-image-description=\"\" data-image-caption=\"\" data-medium-file=\"https:\/\/i0.wp.com\/przedszkole8.pl\/wp-content\/uploads\/2025\/12\/1765122621893-scaled.jpg?fit=300%2C135&amp;ssl=1\" data-large-file=\"https:\/\/i0.wp.com\/przedszkole8.pl\/wp-content\/uploads\/2025\/12\/1765122621893-scaled.jpg?fit=550%2C248&amp;ssl=1\" data-id=\"16168\" src=\"https:\/\/i0.wp.com\/przedszkole8.pl\/wp-content\/uploads\/2025\/12\/1765122621893.jpg?resize=550%2C248&#038;ssl=1\" alt=\"\" class=\"wp-image-16168\" srcset=\"https:\/\/i0.wp.com\/przedszkole8.pl\/wp-content\/uploads\/2025\/12\/1765122621893-scaled.jpg?resize=1024%2C461&amp;ssl=1 1024w, https:\/\/i0.wp.com\/przedszkole8.pl\/wp-content\/uploads\/2025\/12\/1765122621893-scaled.jpg?resize=300%2C135&amp;ssl=1 300w, https:\/\/i0.wp.com\/przedszkole8.pl\/wp-content\/uploads\/2025\/12\/1765122621893-scaled.jpg?resize=768%2C346&amp;ssl=1 768w, https:\/\/i0.wp.com\/przedszkole8.pl\/wp-content\/uploads\/2025\/12\/1765122621893-scaled.jpg?resize=1536%2C691&amp;ssl=1 1536w, https:\/\/i0.wp.com\/przedszkole8.pl\/wp-content\/uploads\/2025\/12\/1765122621893-scaled.jpg?resize=2048%2C922&amp;ssl=1 2048w, https:\/\/i0.wp.com\/przedszkole8.pl\/wp-content\/uploads\/2025\/12\/1765122621893-scaled.jpg?w=1100&amp;ssl=1 1100w, https:\/\/i0.wp.com\/przedszkole8.pl\/wp-content\/uploads\/2025\/12\/1765122621893-scaled.jpg?w=1650&amp;ssl=1 1650w\" sizes=\"auto, (max-width: 550px) 100vw, 550px\" \/><\/a><\/figure>\n<\/figure>\n\n\n\n<figure class=\"wp-block-gallery has-nested-images columns-default is-cropped wp-block-gallery-6 is-layout-flex wp-block-gallery-is-layout-flex\">\n<figure class=\"wp-block-image size-large\"><a href=\"https:\/\/i0.wp.com\/przedszkole8.pl\/wp-content\/uploads\/2025\/12\/1765122530572-scaled.jpg?ssl=1\"><img data-recalc-dims=\"1\" loading=\"lazy\" decoding=\"async\" width=\"550\" height=\"248\" data-attachment-id=\"16169\" data-permalink=\"https:\/\/przedszkole8.pl\/?attachment_id=16169\" data-orig-file=\"https:\/\/i0.wp.com\/przedszkole8.pl\/wp-content\/uploads\/2025\/12\/1765122530572-scaled.jpg?fit=2560%2C1152&amp;ssl=1\" data-orig-size=\"2560,1152\" data-comments-opened=\"0\" data-image-meta=\"{&quot;aperture&quot;:&quot;0&quot;,&quot;credit&quot;:&quot;&quot;,&quot;camera&quot;:&quot;&quot;,&quot;caption&quot;:&quot;&quot;,&quot;created_timestamp&quot;:&quot;0&quot;,&quot;copyright&quot;:&quot;&quot;,&quot;focal_length&quot;:&quot;0&quot;,&quot;iso&quot;:&quot;0&quot;,&quot;shutter_speed&quot;:&quot;0&quot;,&quot;title&quot;:&quot;&quot;,&quot;orientation&quot;:&quot;1&quot;}\" data-image-title=\"1765122530572\" data-image-description=\"\" data-image-caption=\"\" data-medium-file=\"https:\/\/i0.wp.com\/przedszkole8.pl\/wp-content\/uploads\/2025\/12\/1765122530572-scaled.jpg?fit=300%2C135&amp;ssl=1\" data-large-file=\"https:\/\/i0.wp.com\/przedszkole8.pl\/wp-content\/uploads\/2025\/12\/1765122530572-scaled.jpg?fit=550%2C248&amp;ssl=1\" data-id=\"16169\" src=\"https:\/\/i0.wp.com\/przedszkole8.pl\/wp-content\/uploads\/2025\/12\/1765122530572.jpg?resize=550%2C248&#038;ssl=1\" alt=\"\" class=\"wp-image-16169\" srcset=\"https:\/\/i0.wp.com\/przedszkole8.pl\/wp-content\/uploads\/2025\/12\/1765122530572-scaled.jpg?resize=1024%2C461&amp;ssl=1 1024w, https:\/\/i0.wp.com\/przedszkole8.pl\/wp-content\/uploads\/2025\/12\/1765122530572-scaled.jpg?resize=300%2C135&amp;ssl=1 300w, https:\/\/i0.wp.com\/przedszkole8.pl\/wp-content\/uploads\/2025\/12\/1765122530572-scaled.jpg?resize=768%2C346&amp;ssl=1 768w, https:\/\/i0.wp.com\/przedszkole8.pl\/wp-content\/uploads\/2025\/12\/1765122530572-scaled.jpg?resize=1536%2C691&amp;ssl=1 1536w, https:\/\/i0.wp.com\/przedszkole8.pl\/wp-content\/uploads\/2025\/12\/1765122530572-scaled.jpg?resize=2048%2C922&amp;ssl=1 2048w, https:\/\/i0.wp.com\/przedszkole8.pl\/wp-content\/uploads\/2025\/12\/1765122530572-scaled.jpg?w=1100&amp;ssl=1 1100w, https:\/\/i0.wp.com\/przedszkole8.pl\/wp-content\/uploads\/2025\/12\/1765122530572-scaled.jpg?w=1650&amp;ssl=1 1650w\" sizes=\"auto, (max-width: 550px) 100vw, 550px\" \/><\/a><\/figure>\n<\/figure>\n","protected":false},"excerpt":{"rendered":"<p>W tym roku \u015bwi\u0119ty Miko\u0142aj przyszed\u0142 do naszego przedszkola 4 grudnia w czwartek. U\u015bmiechni\u0119ty wszed\u0142 do naszej sali, usiad\u0142 przy choince, kt\u00f3r\u0105 sami udekorowali\u015bmy. Wiedzia\u0142, \u017ce jeste\u015bmy grzeczni i dla wszystkich dzieci przyni\u00f3s\u0142 prezenty. Podzi\u0119kowali\u015bmy mu pi\u0119knie i powiedzieli\u015bmy wierszyk. Miko\u0142aj te\u017c dosta\u0142 od nas upominki, nasze rysunki, bo przecie\u017c \u015bwi\u0119ty Miko\u0142aj ma swoje \u015bwi\u0119to<\/p>\n","protected":false},"author":20,"featured_media":0,"comment_status":"closed","ping_status":"closed","sticky":false,"template":"","format":"standard","meta":{"jetpack_post_was_ever_published":false,"_jetpack_newsletter_access":"","_jetpack_dont_email_post_to_subs":false,"_jetpack_newsletter_tier_id":0,"_jetpack_memberships_contains_paywalled_content":false,"_jetpack_memberships_contains_paid_content":false,"footnotes":"","jetpack_publicize_message":"","jetpack_publicize_feature_enabled":true,"jetpack_social_post_already_shared":true,"jetpack_social_options":{"image_generator_settings":{"template":"highway","default_image_id":0,"font":"","enabled":false},"version":2}},"categories":[1],"tags":[],"class_list":["post-16163","post","type-post","status-publish","format-standard","hentry","category-uncategorized"],"jetpack_publicize_connections":[],"jetpack_featured_media_url":"","jetpack_sharing_enabled":true,"jetpack_shortlink":"https:\/\/wp.me\/p7NQjT-4cH","jetpack-related-posts":[],"_links":{"self":[{"href":"https:\/\/przedszkole8.pl\/index.php?rest_route=\/wp\/v2\/posts\/16163","targetHints":{"allow":["GET"]}}],"collection":[{"href":"https:\/\/przedszkole8.pl\/index.php?rest_route=\/wp\/v2\/posts"}],"about":[{"href":"https:\/\/przedszkole8.pl\/index.php?rest_route=\/wp\/v2\/types\/post"}],"author":[{"embeddable":true,"href":"https:\/\/przedszkole8.pl\/index.php?rest_route=\/wp\/v2\/users\/20"}],"replies":[{"embeddable":true,"href":"https:\/\/przedszkole8.pl\/index.php?rest_route=%2Fwp%2Fv2%2Fcomments&post=16163"}],"version-history":[{"count":1,"href":"https:\/\/przedszkole8.pl\/index.php?rest_route=\/wp\/v2\/posts\/16163\/revisions"}],"predecessor-version":[{"id":16170,"href":"https:\/\/przedszkole8.pl\/index.php?rest_route=\/wp\/v2\/posts\/16163\/revisions\/16170"}],"wp:attachment":[{"href":"https:\/\/przedszkole8.pl\/index.php?rest_route=%2Fwp%2Fv2%2Fmedia&parent=16163"}],"wp:term":[{"taxonomy":"category","embeddable":true,"href":"https:\/\/przedszkole8.pl\/index.php?rest_route=%2Fwp%2Fv2%2Fcategories&post=16163"},{"taxonomy":"post_tag","embeddable":true,"href":"https:\/\/przedszkole8.pl\/index.php?rest_route=%2Fwp%2Fv2%2Ftags&post=16163"}],"curies":[{"name":"wp","href":"https:\/\/api.w.org\/{rel}","templated":true}]}}