{"id":16029,"date":"2025-10-24T21:29:19","date_gmt":"2025-10-24T21:29:19","guid":{"rendered":"https:\/\/przedszkole8.pl\/?p=16029"},"modified":"2025-11-27T21:34:05","modified_gmt":"2025-11-27T21:34:05","slug":"spacer-do-lasu-11","status":"publish","type":"post","link":"https:\/\/przedszkole8.pl\/?p=16029","title":{"rendered":"Spacer do lasu"},"content":{"rendered":"\n<p>Dzieci z grupy \u201eNied\u017awiadki\u201d podczas spaceru do lasu przygl\u0105da\u0142y si\u0119 zmianom zachodz\u0105cym w przyrodzie jesieni\u0105. Dzieci nazywa\u0142y drzewa oraz obserwowa\u0142y zwierz\u0119ta i ptaki w lesie. Przebywanie w ekosystemie le\u015bnym uwra\u017cliwia\u0142o na pi\u0119kno przyrody i kszta\u0142towa\u0142o postawy proekologiczne.<\/p>\n\n\n\n<figure class=\"wp-block-image\"><img data-recalc-dims=\"1\" loading=\"lazy\" decoding=\"async\" width=\"550\" height=\"733\" data-attachment-id=\"16026\" data-permalink=\"https:\/\/przedszkole8.pl\/?attachment_id=16026\" data-orig-file=\"https:\/\/i0.wp.com\/przedszkole8.pl\/wp-content\/uploads\/2025\/11\/Picsart_25-11-27_00-27-06-927-scaled.jpg?fit=1920%2C2560&amp;ssl=1\" data-orig-size=\"1920,2560\" data-comments-opened=\"0\" data-image-meta=\"{&quot;aperture&quot;:&quot;1.8&quot;,&quot;credit&quot;:&quot;485782781019101&quot;,&quot;camera&quot;:&quot;motorola edge 40 neo&quot;,&quot;caption&quot;:&quot;{\\&quot;remix_data\\&quot;:[],\\&quot;remix_entry_point\\&quot;:\\&quot;challenges\\&quot;,\\&quot;source_tags\\&quot;:[\\&quot;local\\&quot;],\\&quot;origin\\&quot;:\\&quot;unknown\\&quot;,\\&quot;total_draw_time\\&quot;:0,\\&quot;total_draw_actions\\&quot;:0,\\&quot;layers_used\\&quot;:0,\\&quot;brushes_used\\&quot;:0,\\&quot;photos_added\\&quot;:0,\\&quot;total_editor_actions\\&quot;:{},\\&quot;tools_used\\&quot;:{},\\&quot;is_sticker\\&quot;:false,\\&quot;edited_since_last_sticker_save\\&quot;:false,\\&quot;containsFTESticker\\&quot;:false}&quot;,&quot;created_timestamp&quot;:&quot;0&quot;,&quot;copyright&quot;:&quot;&quot;,&quot;focal_length&quot;:&quot;5.56&quot;,&quot;iso&quot;:&quot;668&quot;,&quot;shutter_speed&quot;:&quot;0.02&quot;,&quot;title&quot;:&quot;&quot;,&quot;orientation&quot;:&quot;1&quot;}\" data-image-title=\"Picsart_25-11-27_00-27-06-927\" data-image-description=\"\" data-image-caption=\"&lt;p&gt;{&#8222;remix_data&#8221;:[],&#8221;remix_entry_point&#8221;:&#8221;challenges&#8221;,&#8221;source_tags&#8221;:[&#8222;local&#8221;],&#8221;origin&#8221;:&#8221;unknown&#8221;,&#8221;total_draw_time&#8221;:0,&#8221;total_draw_actions&#8221;:0,&#8221;layers_used&#8221;:0,&#8221;brushes_used&#8221;:0,&#8221;photos_added&#8221;:0,&#8221;total_editor_actions&#8221;:{},&#8221;tools_used&#8221;:{},&#8221;is_sticker&#8221;:false,&#8221;edited_since_last_sticker_save&#8221;:false,&#8221;containsFTESticker&#8221;:false}&lt;\/p&gt;\n\" data-medium-file=\"https:\/\/i0.wp.com\/przedszkole8.pl\/wp-content\/uploads\/2025\/11\/Picsart_25-11-27_00-27-06-927-scaled.jpg?fit=225%2C300&amp;ssl=1\" data-large-file=\"https:\/\/i0.wp.com\/przedszkole8.pl\/wp-content\/uploads\/2025\/11\/Picsart_25-11-27_00-27-06-927-scaled.jpg?fit=550%2C733&amp;ssl=1\" src=\"https:\/\/i0.wp.com\/przedszkole8.pl\/wp-content\/uploads\/2025\/11\/Picsart_25-11-27_00-27-06-927-scaled.jpg?resize=550%2C733&#038;ssl=1\" alt=\"\" class=\"wp-image-16026\" srcset=\"https:\/\/i0.wp.com\/przedszkole8.pl\/wp-content\/uploads\/2025\/11\/Picsart_25-11-27_00-27-06-927-scaled.jpg?w=1920&amp;ssl=1 1920w, https:\/\/i0.wp.com\/przedszkole8.pl\/wp-content\/uploads\/2025\/11\/Picsart_25-11-27_00-27-06-927-scaled.jpg?resize=225%2C300&amp;ssl=1 225w, https:\/\/i0.wp.com\/przedszkole8.pl\/wp-content\/uploads\/2025\/11\/Picsart_25-11-27_00-27-06-927-scaled.jpg?resize=768%2C1024&amp;ssl=1 768w, https:\/\/i0.wp.com\/przedszkole8.pl\/wp-content\/uploads\/2025\/11\/Picsart_25-11-27_00-27-06-927-scaled.jpg?resize=1152%2C1536&amp;ssl=1 1152w, https:\/\/i0.wp.com\/przedszkole8.pl\/wp-content\/uploads\/2025\/11\/Picsart_25-11-27_00-27-06-927-scaled.jpg?resize=1536%2C2048&amp;ssl=1 1536w, https:\/\/i0.wp.com\/przedszkole8.pl\/wp-content\/uploads\/2025\/11\/Picsart_25-11-27_00-27-06-927-scaled.jpg?w=1100&amp;ssl=1 1100w, https:\/\/i0.wp.com\/przedszkole8.pl\/wp-content\/uploads\/2025\/11\/Picsart_25-11-27_00-27-06-927-scaled.jpg?w=1650&amp;ssl=1 1650w\" sizes=\"auto, (max-width: 550px) 100vw, 550px\" \/><\/figure>\n\n\n\n<figure class=\"wp-block-image\"><img data-recalc-dims=\"1\" loading=\"lazy\" decoding=\"async\" width=\"550\" height=\"733\" data-attachment-id=\"16027\" data-permalink=\"https:\/\/przedszkole8.pl\/?attachment_id=16027\" data-orig-file=\"https:\/\/i0.wp.com\/przedszkole8.pl\/wp-content\/uploads\/2025\/11\/Picsart_25-11-27_00-21-59-274.jpg?fit=1536%2C2048&amp;ssl=1\" data-orig-size=\"1536,2048\" data-comments-opened=\"0\" data-image-meta=\"{&quot;aperture&quot;:&quot;0&quot;,&quot;credit&quot;:&quot;&quot;,&quot;camera&quot;:&quot;&quot;,&quot;caption&quot;:&quot;{\\&quot;remix_data\\&quot;:[],\\&quot;remix_entry_point\\&quot;:\\&quot;challenges\\&quot;,\\&quot;source_tags\\&quot;:[],\\&quot;origin\\&quot;:\\&quot;unknown\\&quot;,\\&quot;total_draw_time\\&quot;:0,\\&quot;total_draw_actions\\&quot;:0,\\&quot;layers_used\\&quot;:0,\\&quot;brushes_used\\&quot;:0,\\&quot;photos_added\\&quot;:0,\\&quot;total_editor_actions\\&quot;:{},\\&quot;tools_used\\&quot;:{},\\&quot;is_sticker\\&quot;:false,\\&quot;edited_since_last_sticker_save\\&quot;:false,\\&quot;containsFTESticker\\&quot;:false}&quot;,&quot;created_timestamp&quot;:&quot;0&quot;,&quot;copyright&quot;:&quot;&quot;,&quot;focal_length&quot;:&quot;0&quot;,&quot;iso&quot;:&quot;0&quot;,&quot;shutter_speed&quot;:&quot;0&quot;,&quot;title&quot;:&quot;&quot;,&quot;orientation&quot;:&quot;0&quot;}\" data-image-title=\"Picsart_25-11-27_00-21-59-274\" data-image-description=\"\" data-image-caption=\"&lt;p&gt;{&#8222;remix_data&#8221;:[],&#8221;remix_entry_point&#8221;:&#8221;challenges&#8221;,&#8221;source_tags&#8221;:[],&#8221;origin&#8221;:&#8221;unknown&#8221;,&#8221;total_draw_time&#8221;:0,&#8221;total_draw_actions&#8221;:0,&#8221;layers_used&#8221;:0,&#8221;brushes_used&#8221;:0,&#8221;photos_added&#8221;:0,&#8221;total_editor_actions&#8221;:{},&#8221;tools_used&#8221;:{},&#8221;is_sticker&#8221;:false,&#8221;edited_since_last_sticker_save&#8221;:false,&#8221;containsFTESticker&#8221;:false}&lt;\/p&gt;\n\" data-medium-file=\"https:\/\/i0.wp.com\/przedszkole8.pl\/wp-content\/uploads\/2025\/11\/Picsart_25-11-27_00-21-59-274.jpg?fit=225%2C300&amp;ssl=1\" data-large-file=\"https:\/\/i0.wp.com\/przedszkole8.pl\/wp-content\/uploads\/2025\/11\/Picsart_25-11-27_00-21-59-274.jpg?fit=550%2C733&amp;ssl=1\" src=\"https:\/\/i0.wp.com\/przedszkole8.pl\/wp-content\/uploads\/2025\/11\/Picsart_25-11-27_00-21-59-274.jpg?resize=550%2C733&#038;ssl=1\" alt=\"\" class=\"wp-image-16027\" srcset=\"https:\/\/i0.wp.com\/przedszkole8.pl\/wp-content\/uploads\/2025\/11\/Picsart_25-11-27_00-21-59-274.jpg?w=1536&amp;ssl=1 1536w, https:\/\/i0.wp.com\/przedszkole8.pl\/wp-content\/uploads\/2025\/11\/Picsart_25-11-27_00-21-59-274.jpg?resize=225%2C300&amp;ssl=1 225w, https:\/\/i0.wp.com\/przedszkole8.pl\/wp-content\/uploads\/2025\/11\/Picsart_25-11-27_00-21-59-274.jpg?resize=768%2C1024&amp;ssl=1 768w, https:\/\/i0.wp.com\/przedszkole8.pl\/wp-content\/uploads\/2025\/11\/Picsart_25-11-27_00-21-59-274.jpg?resize=1152%2C1536&amp;ssl=1 1152w, https:\/\/i0.wp.com\/przedszkole8.pl\/wp-content\/uploads\/2025\/11\/Picsart_25-11-27_00-21-59-274.jpg?w=1100&amp;ssl=1 1100w\" sizes=\"auto, (max-width: 550px) 100vw, 550px\" \/><\/figure>\n\n\n\n<figure class=\"wp-block-image\"><img data-recalc-dims=\"1\" loading=\"lazy\" decoding=\"async\" width=\"550\" height=\"413\" data-attachment-id=\"16028\" data-permalink=\"https:\/\/przedszkole8.pl\/?attachment_id=16028\" data-orig-file=\"https:\/\/i0.wp.com\/przedszkole8.pl\/wp-content\/uploads\/2025\/11\/Picsart_25-11-27_00-25-12-212-scaled.jpg?fit=2560%2C1920&amp;ssl=1\" data-orig-size=\"2560,1920\" data-comments-opened=\"0\" data-image-meta=\"{&quot;aperture&quot;:&quot;1.8&quot;,&quot;credit&quot;:&quot;485782781019101&quot;,&quot;camera&quot;:&quot;motorola edge 40 neo&quot;,&quot;caption&quot;:&quot;{\\&quot;remix_data\\&quot;:[],\\&quot;remix_entry_point\\&quot;:\\&quot;challenges\\&quot;,\\&quot;source_tags\\&quot;:[\\&quot;local\\&quot;],\\&quot;origin\\&quot;:\\&quot;unknown\\&quot;,\\&quot;total_draw_time\\&quot;:0,\\&quot;total_draw_actions\\&quot;:0,\\&quot;layers_used\\&quot;:0,\\&quot;brushes_used\\&quot;:0,\\&quot;photos_added\\&quot;:0,\\&quot;total_editor_actions\\&quot;:{},\\&quot;tools_used\\&quot;:{},\\&quot;is_sticker\\&quot;:false,\\&quot;edited_since_last_sticker_save\\&quot;:false,\\&quot;containsFTESticker\\&quot;:false}&quot;,&quot;created_timestamp&quot;:&quot;0&quot;,&quot;copyright&quot;:&quot;&quot;,&quot;focal_length&quot;:&quot;5.56&quot;,&quot;iso&quot;:&quot;707&quot;,&quot;shutter_speed&quot;:&quot;0.03&quot;,&quot;title&quot;:&quot;&quot;,&quot;orientation&quot;:&quot;1&quot;}\" data-image-title=\"Picsart_25-11-27_00-25-12-212\" data-image-description=\"\" data-image-caption=\"&lt;p&gt;{&#8222;remix_data&#8221;:[],&#8221;remix_entry_point&#8221;:&#8221;challenges&#8221;,&#8221;source_tags&#8221;:[&#8222;local&#8221;],&#8221;origin&#8221;:&#8221;unknown&#8221;,&#8221;total_draw_time&#8221;:0,&#8221;total_draw_actions&#8221;:0,&#8221;layers_used&#8221;:0,&#8221;brushes_used&#8221;:0,&#8221;photos_added&#8221;:0,&#8221;total_editor_actions&#8221;:{},&#8221;tools_used&#8221;:{},&#8221;is_sticker&#8221;:false,&#8221;edited_since_last_sticker_save&#8221;:false,&#8221;containsFTESticker&#8221;:false}&lt;\/p&gt;\n\" data-medium-file=\"https:\/\/i0.wp.com\/przedszkole8.pl\/wp-content\/uploads\/2025\/11\/Picsart_25-11-27_00-25-12-212-scaled.jpg?fit=300%2C225&amp;ssl=1\" data-large-file=\"https:\/\/i0.wp.com\/przedszkole8.pl\/wp-content\/uploads\/2025\/11\/Picsart_25-11-27_00-25-12-212-scaled.jpg?fit=550%2C413&amp;ssl=1\" src=\"https:\/\/i0.wp.com\/przedszkole8.pl\/wp-content\/uploads\/2025\/11\/Picsart_25-11-27_00-25-12-212-scaled.jpg?resize=550%2C413&#038;ssl=1\" alt=\"\" class=\"wp-image-16028\" srcset=\"https:\/\/i0.wp.com\/przedszkole8.pl\/wp-content\/uploads\/2025\/11\/Picsart_25-11-27_00-25-12-212-scaled.jpg?w=2560&amp;ssl=1 2560w, https:\/\/i0.wp.com\/przedszkole8.pl\/wp-content\/uploads\/2025\/11\/Picsart_25-11-27_00-25-12-212-scaled.jpg?resize=300%2C225&amp;ssl=1 300w, https:\/\/i0.wp.com\/przedszkole8.pl\/wp-content\/uploads\/2025\/11\/Picsart_25-11-27_00-25-12-212-scaled.jpg?resize=1024%2C768&amp;ssl=1 1024w, https:\/\/i0.wp.com\/przedszkole8.pl\/wp-content\/uploads\/2025\/11\/Picsart_25-11-27_00-25-12-212-scaled.jpg?resize=768%2C576&amp;ssl=1 768w, https:\/\/i0.wp.com\/przedszkole8.pl\/wp-content\/uploads\/2025\/11\/Picsart_25-11-27_00-25-12-212-scaled.jpg?resize=1536%2C1152&amp;ssl=1 1536w, https:\/\/i0.wp.com\/przedszkole8.pl\/wp-content\/uploads\/2025\/11\/Picsart_25-11-27_00-25-12-212-scaled.jpg?resize=2048%2C1536&amp;ssl=1 2048w, https:\/\/i0.wp.com\/przedszkole8.pl\/wp-content\/uploads\/2025\/11\/Picsart_25-11-27_00-25-12-212-scaled.jpg?w=1100&amp;ssl=1 1100w, https:\/\/i0.wp.com\/przedszkole8.pl\/wp-content\/uploads\/2025\/11\/Picsart_25-11-27_00-25-12-212-scaled.jpg?w=1650&amp;ssl=1 1650w\" sizes=\"auto, (max-width: 550px) 100vw, 550px\" \/><\/figure>\n","protected":false},"excerpt":{"rendered":"<p>Dzieci z grupy \u201eNied\u017awiadki\u201d podczas spaceru do lasu przygl\u0105da\u0142y si\u0119 zmianom zachodz\u0105cym w przyrodzie jesieni\u0105. Dzieci nazywa\u0142y drzewa oraz obserwowa\u0142y zwierz\u0119ta i ptaki w lesie. Przebywanie w ekosystemie le\u015bnym uwra\u017cliwia\u0142o na pi\u0119kno przyrody i kszta\u0142towa\u0142o postawy proekologiczne.<\/p>\n","protected":false},"author":28,"featured_media":0,"comment_status":"closed","ping_status":"closed","sticky":false,"template":"","format":"standard","meta":{"jetpack_post_was_ever_published":false,"_jetpack_newsletter_access":"","_jetpack_dont_email_post_to_subs":false,"_jetpack_newsletter_tier_id":0,"_jetpack_memberships_contains_paywalled_content":false,"_jetpack_memberships_contains_paid_content":false,"footnotes":"","jetpack_publicize_message":"","jetpack_publicize_feature_enabled":true,"jetpack_social_post_already_shared":true,"jetpack_social_options":{"image_generator_settings":{"template":"highway","default_image_id":0,"font":"","enabled":false},"version":2}},"categories":[56],"tags":[],"class_list":["post-16029","post","type-post","status-publish","format-standard","hentry","category-niedzwiadki-2"],"jetpack_publicize_connections":[],"jetpack_featured_media_url":"","jetpack_sharing_enabled":true,"jetpack_shortlink":"https:\/\/wp.me\/p7NQjT-4ax","jetpack-related-posts":[],"_links":{"self":[{"href":"https:\/\/przedszkole8.pl\/index.php?rest_route=\/wp\/v2\/posts\/16029","targetHints":{"allow":["GET"]}}],"collection":[{"href":"https:\/\/przedszkole8.pl\/index.php?rest_route=\/wp\/v2\/posts"}],"about":[{"href":"https:\/\/przedszkole8.pl\/index.php?rest_route=\/wp\/v2\/types\/post"}],"author":[{"embeddable":true,"href":"https:\/\/przedszkole8.pl\/index.php?rest_route=\/wp\/v2\/users\/28"}],"replies":[{"embeddable":true,"href":"https:\/\/przedszkole8.pl\/index.php?rest_route=%2Fwp%2Fv2%2Fcomments&post=16029"}],"version-history":[{"count":1,"href":"https:\/\/przedszkole8.pl\/index.php?rest_route=\/wp\/v2\/posts\/16029\/revisions"}],"predecessor-version":[{"id":16030,"href":"https:\/\/przedszkole8.pl\/index.php?rest_route=\/wp\/v2\/posts\/16029\/revisions\/16030"}],"wp:attachment":[{"href":"https:\/\/przedszkole8.pl\/index.php?rest_route=%2Fwp%2Fv2%2Fmedia&parent=16029"}],"wp:term":[{"taxonomy":"category","embeddable":true,"href":"https:\/\/przedszkole8.pl\/index.php?rest_route=%2Fwp%2Fv2%2Fcategories&post=16029"},{"taxonomy":"post_tag","embeddable":true,"href":"https:\/\/przedszkole8.pl\/index.php?rest_route=%2Fwp%2Fv2%2Ftags&post=16029"}],"curies":[{"name":"wp","href":"https:\/\/api.w.org\/{rel}","templated":true}]}}