{"id":15961,"date":"2025-09-15T12:32:00","date_gmt":"2025-09-15T12:32:00","guid":{"rendered":"https:\/\/przedszkole8.pl\/?p=15961"},"modified":"2025-11-18T09:37:20","modified_gmt":"2025-11-18T09:37:20","slug":"czytanie-na-dywanie-z-mama-poli","status":"publish","type":"post","link":"https:\/\/przedszkole8.pl\/?p=15961","title":{"rendered":"Czytanie na dywanie z mam\u0105 Poli"},"content":{"rendered":"\n<p>Go\u015bcili\u015bmy w naszej grupie mam\u0119 Poli. Mama przeczyta\u0142a dzieciom ulubion\u0105 bajk\u0119 Poli pt \u201eSzewczyk Dratewka\u201d. Wszystkie dzieci s\u0142ucha\u0142y uwa\u017cnie a p\u00f3\u017aniej wypowiada\u0142y si\u0119 na temat bajki. Podczas zabaw dowolnych ch\u0119tne dzieci narysowa\u0142y ilustracje do bajki. Dzi\u0119kujemy mamie Poli za udzia\u0142 w akcji \u201eCzytanie na dywanie\u201d.<\/p>\n\n\n\n<figure class=\"wp-block-image\"><img data-recalc-dims=\"1\" loading=\"lazy\" decoding=\"async\" width=\"550\" height=\"733\" data-attachment-id=\"15960\" data-permalink=\"https:\/\/przedszkole8.pl\/?attachment_id=15960\" data-orig-file=\"https:\/\/i0.wp.com\/przedszkole8.pl\/wp-content\/uploads\/2025\/11\/IMG-20251111-WA0000.jpg?fit=1200%2C1600&amp;ssl=1\" data-orig-size=\"1200,1600\" data-comments-opened=\"0\" data-image-meta=\"{&quot;aperture&quot;:&quot;0&quot;,&quot;credit&quot;:&quot;&quot;,&quot;camera&quot;:&quot;&quot;,&quot;caption&quot;:&quot;&quot;,&quot;created_timestamp&quot;:&quot;0&quot;,&quot;copyright&quot;:&quot;&quot;,&quot;focal_length&quot;:&quot;0&quot;,&quot;iso&quot;:&quot;0&quot;,&quot;shutter_speed&quot;:&quot;0&quot;,&quot;title&quot;:&quot;&quot;,&quot;orientation&quot;:&quot;0&quot;}\" data-image-title=\"IMG-20251111-WA0000\" data-image-description=\"\" data-image-caption=\"\" data-medium-file=\"https:\/\/i0.wp.com\/przedszkole8.pl\/wp-content\/uploads\/2025\/11\/IMG-20251111-WA0000.jpg?fit=225%2C300&amp;ssl=1\" data-large-file=\"https:\/\/i0.wp.com\/przedszkole8.pl\/wp-content\/uploads\/2025\/11\/IMG-20251111-WA0000.jpg?fit=550%2C733&amp;ssl=1\" src=\"https:\/\/i0.wp.com\/przedszkole8.pl\/wp-content\/uploads\/2025\/11\/IMG-20251111-WA0000.jpg?resize=550%2C733&#038;ssl=1\" alt=\"\" class=\"wp-image-15960\" srcset=\"https:\/\/i0.wp.com\/przedszkole8.pl\/wp-content\/uploads\/2025\/11\/IMG-20251111-WA0000.jpg?w=1200&amp;ssl=1 1200w, https:\/\/i0.wp.com\/przedszkole8.pl\/wp-content\/uploads\/2025\/11\/IMG-20251111-WA0000.jpg?resize=225%2C300&amp;ssl=1 225w, https:\/\/i0.wp.com\/przedszkole8.pl\/wp-content\/uploads\/2025\/11\/IMG-20251111-WA0000.jpg?resize=768%2C1024&amp;ssl=1 768w, https:\/\/i0.wp.com\/przedszkole8.pl\/wp-content\/uploads\/2025\/11\/IMG-20251111-WA0000.jpg?resize=1152%2C1536&amp;ssl=1 1152w, https:\/\/i0.wp.com\/przedszkole8.pl\/wp-content\/uploads\/2025\/11\/IMG-20251111-WA0000.jpg?w=1100&amp;ssl=1 1100w\" sizes=\"auto, (max-width: 550px) 100vw, 550px\" \/><\/figure>\n","protected":false},"excerpt":{"rendered":"<p>Go\u015bcili\u015bmy w naszej grupie mam\u0119 Poli. Mama przeczyta\u0142a dzieciom ulubion\u0105 bajk\u0119 Poli pt \u201eSzewczyk Dratewka\u201d. Wszystkie dzieci s\u0142ucha\u0142y uwa\u017cnie a p\u00f3\u017aniej wypowiada\u0142y si\u0119 na temat bajki. Podczas zabaw dowolnych ch\u0119tne dzieci narysowa\u0142y ilustracje do bajki. Dzi\u0119kujemy mamie Poli za udzia\u0142 w akcji \u201eCzytanie na dywanie\u201d.<\/p>\n","protected":false},"author":28,"featured_media":0,"comment_status":"closed","ping_status":"closed","sticky":false,"template":"","format":"standard","meta":{"jetpack_post_was_ever_published":false,"_jetpack_newsletter_access":"","_jetpack_dont_email_post_to_subs":false,"_jetpack_newsletter_tier_id":0,"_jetpack_memberships_contains_paywalled_content":false,"_jetpack_memberships_contains_paid_content":false,"footnotes":"","jetpack_publicize_message":"","jetpack_publicize_feature_enabled":true,"jetpack_social_post_already_shared":true,"jetpack_social_options":{"image_generator_settings":{"template":"highway","default_image_id":0,"font":"","enabled":false},"version":2}},"categories":[56],"tags":[],"class_list":["post-15961","post","type-post","status-publish","format-standard","hentry","category-niedzwiadki-2"],"jetpack_publicize_connections":[],"jetpack_featured_media_url":"","jetpack_sharing_enabled":true,"jetpack_shortlink":"https:\/\/wp.me\/p7NQjT-49r","jetpack-related-posts":[],"_links":{"self":[{"href":"https:\/\/przedszkole8.pl\/index.php?rest_route=\/wp\/v2\/posts\/15961","targetHints":{"allow":["GET"]}}],"collection":[{"href":"https:\/\/przedszkole8.pl\/index.php?rest_route=\/wp\/v2\/posts"}],"about":[{"href":"https:\/\/przedszkole8.pl\/index.php?rest_route=\/wp\/v2\/types\/post"}],"author":[{"embeddable":true,"href":"https:\/\/przedszkole8.pl\/index.php?rest_route=\/wp\/v2\/users\/28"}],"replies":[{"embeddable":true,"href":"https:\/\/przedszkole8.pl\/index.php?rest_route=%2Fwp%2Fv2%2Fcomments&post=15961"}],"version-history":[{"count":2,"href":"https:\/\/przedszkole8.pl\/index.php?rest_route=\/wp\/v2\/posts\/15961\/revisions"}],"predecessor-version":[{"id":15964,"href":"https:\/\/przedszkole8.pl\/index.php?rest_route=\/wp\/v2\/posts\/15961\/revisions\/15964"}],"wp:attachment":[{"href":"https:\/\/przedszkole8.pl\/index.php?rest_route=%2Fwp%2Fv2%2Fmedia&parent=15961"}],"wp:term":[{"taxonomy":"category","embeddable":true,"href":"https:\/\/przedszkole8.pl\/index.php?rest_route=%2Fwp%2Fv2%2Fcategories&post=15961"},{"taxonomy":"post_tag","embeddable":true,"href":"https:\/\/przedszkole8.pl\/index.php?rest_route=%2Fwp%2Fv2%2Ftags&post=15961"}],"curies":[{"name":"wp","href":"https:\/\/api.w.org\/{rel}","templated":true}]}}