{"id":15899,"date":"2025-10-28T10:06:55","date_gmt":"2025-10-28T10:06:55","guid":{"rendered":"https:\/\/przedszkole8.pl\/?p=15899"},"modified":"2025-10-28T10:06:58","modified_gmt":"2025-10-28T10:06:58","slug":"zapisy-na-10-11-2025","status":"publish","type":"post","link":"https:\/\/przedszkole8.pl\/?p=15899","title":{"rendered":"Zapisy na 10.11.2025"},"content":{"rendered":"\n<p>W zwi\u0105zku z konieczno\u015bci\u0105 organizacji pracy w dniu\u00a010.11.2025 r. (tj. w poniedzia\u0142ek)\u00a0prosimy\u00a0o zapisywanie dzieci obecnych w tym\u00a0dniu w przedszkolu w terminie do <strong><u><strong>31.10.2025<\/strong><\/u><\/strong>\u00a0r. (pi\u0105tek).<\/p>\n\n\n\n<p>Listy z zapisami znajduj\u0105 si\u0119 u nauczycielek poszczeg\u00f3lnych grup.<\/p>\n","protected":false},"excerpt":{"rendered":"<p>W zwi\u0105zku z konieczno\u015bci\u0105 organizacji pracy w dniu\u00a010.11.2025 r. (tj. w poniedzia\u0142ek)\u00a0prosimy\u00a0o zapisywanie dzieci obecnych w tym\u00a0dniu w przedszkolu w terminie do 31.10.2025\u00a0r. (pi\u0105tek). Listy z zapisami znajduj\u0105 si\u0119 u nauczycielek poszczeg\u00f3lnych grup.<\/p>\n","protected":false},"author":1,"featured_media":0,"comment_status":"closed","ping_status":"closed","sticky":false,"template":"","format":"standard","meta":{"jetpack_post_was_ever_published":false,"_jetpack_newsletter_access":"","_jetpack_dont_email_post_to_subs":false,"_jetpack_newsletter_tier_id":0,"_jetpack_memberships_contains_paywalled_content":false,"_jetpack_memberships_contains_paid_content":false,"footnotes":"","jetpack_publicize_message":"","jetpack_publicize_feature_enabled":true,"jetpack_social_post_already_shared":true,"jetpack_social_options":{"image_generator_settings":{"template":"highway","default_image_id":0,"font":"","enabled":false},"version":2}},"categories":[16],"tags":[],"class_list":["post-15899","post","type-post","status-publish","format-standard","hentry","category-nowosci"],"jetpack_publicize_connections":[],"jetpack_featured_media_url":"","jetpack_sharing_enabled":true,"jetpack_shortlink":"https:\/\/wp.me\/p7NQjT-48r","jetpack-related-posts":[],"_links":{"self":[{"href":"https:\/\/przedszkole8.pl\/index.php?rest_route=\/wp\/v2\/posts\/15899","targetHints":{"allow":["GET"]}}],"collection":[{"href":"https:\/\/przedszkole8.pl\/index.php?rest_route=\/wp\/v2\/posts"}],"about":[{"href":"https:\/\/przedszkole8.pl\/index.php?rest_route=\/wp\/v2\/types\/post"}],"author":[{"embeddable":true,"href":"https:\/\/przedszkole8.pl\/index.php?rest_route=\/wp\/v2\/users\/1"}],"replies":[{"embeddable":true,"href":"https:\/\/przedszkole8.pl\/index.php?rest_route=%2Fwp%2Fv2%2Fcomments&post=15899"}],"version-history":[{"count":2,"href":"https:\/\/przedszkole8.pl\/index.php?rest_route=\/wp\/v2\/posts\/15899\/revisions"}],"predecessor-version":[{"id":15901,"href":"https:\/\/przedszkole8.pl\/index.php?rest_route=\/wp\/v2\/posts\/15899\/revisions\/15901"}],"wp:attachment":[{"href":"https:\/\/przedszkole8.pl\/index.php?rest_route=%2Fwp%2Fv2%2Fmedia&parent=15899"}],"wp:term":[{"taxonomy":"category","embeddable":true,"href":"https:\/\/przedszkole8.pl\/index.php?rest_route=%2Fwp%2Fv2%2Fcategories&post=15899"},{"taxonomy":"post_tag","embeddable":true,"href":"https:\/\/przedszkole8.pl\/index.php?rest_route=%2Fwp%2Fv2%2Ftags&post=15899"}],"curies":[{"name":"wp","href":"https:\/\/api.w.org\/{rel}","templated":true}]}}