{"id":15895,"date":"2025-10-27T17:51:51","date_gmt":"2025-10-27T17:51:51","guid":{"rendered":"https:\/\/przedszkole8.pl\/?p=15895"},"modified":"2025-10-27T17:51:54","modified_gmt":"2025-10-27T17:51:54","slug":"urodziny-tomka","status":"publish","type":"post","link":"https:\/\/przedszkole8.pl\/?p=15895","title":{"rendered":"Urodziny Tomka"},"content":{"rendered":"\n<p>W poniedzia\u0142ek 27 pa\u017adziernika \u015bwi\u0119towali\u015bmy urodzinki Tomcia, kt\u00f3ry sko\u0144czy\u0142 3 lata. By\u0142y serdeczne \u017cyczenia i &#8222;Sto lat&#8221;, a od Tomka na pami\u0105tk\u0119 dzieci otrzyma\u0142y naklejki. Naszemu solenizantowi jeszcze raz \u017cyczymy wszystkiego najlepszego! <\/p>\n\n\n\n<figure class=\"wp-block-gallery has-nested-images columns-default is-cropped wp-block-gallery-1 is-layout-flex wp-block-gallery-is-layout-flex\">\n<figure class=\"wp-block-image size-large\"><a href=\"https:\/\/i0.wp.com\/przedszkole8.pl\/wp-content\/uploads\/2025\/10\/20251027_110033-scaled-e1761587265926.jpg?ssl=1\"><img data-recalc-dims=\"1\" loading=\"lazy\" decoding=\"async\" width=\"550\" height=\"785\" data-attachment-id=\"15892\" data-permalink=\"https:\/\/przedszkole8.pl\/?attachment_id=15892\" data-orig-file=\"https:\/\/i0.wp.com\/przedszkole8.pl\/wp-content\/uploads\/2025\/10\/20251027_110033-scaled-e1761587265926.jpg?fit=1440%2C2057&amp;ssl=1\" data-orig-size=\"1440,2057\" data-comments-opened=\"0\" data-image-meta=\"{&quot;aperture&quot;:&quot;1.7&quot;,&quot;credit&quot;:&quot;&quot;,&quot;camera&quot;:&quot;SM-A405FN&quot;,&quot;caption&quot;:&quot;&quot;,&quot;created_timestamp&quot;:&quot;1761562833&quot;,&quot;copyright&quot;:&quot;&quot;,&quot;focal_length&quot;:&quot;3.92&quot;,&quot;iso&quot;:&quot;400&quot;,&quot;shutter_speed&quot;:&quot;0.01&quot;,&quot;title&quot;:&quot;&quot;,&quot;orientation&quot;:&quot;1&quot;}\" data-image-title=\"20251027_110033\" data-image-description=\"\" data-image-caption=\"\" data-medium-file=\"https:\/\/i0.wp.com\/przedszkole8.pl\/wp-content\/uploads\/2025\/10\/20251027_110033-scaled-e1761587265926.jpg?fit=210%2C300&amp;ssl=1\" data-large-file=\"https:\/\/i0.wp.com\/przedszkole8.pl\/wp-content\/uploads\/2025\/10\/20251027_110033-scaled-e1761587265926.jpg?fit=550%2C785&amp;ssl=1\" data-id=\"15892\" src=\"https:\/\/i0.wp.com\/przedszkole8.pl\/wp-content\/uploads\/2025\/10\/20251027_110033-scaled-e1761587265926-717x1024.jpg?resize=550%2C785&#038;ssl=1\" alt=\"\" class=\"wp-image-15892\" srcset=\"https:\/\/i0.wp.com\/przedszkole8.pl\/wp-content\/uploads\/2025\/10\/20251027_110033-scaled-e1761587265926.jpg?resize=717%2C1024&amp;ssl=1 717w, https:\/\/i0.wp.com\/przedszkole8.pl\/wp-content\/uploads\/2025\/10\/20251027_110033-scaled-e1761587265926.jpg?resize=210%2C300&amp;ssl=1 210w, https:\/\/i0.wp.com\/przedszkole8.pl\/wp-content\/uploads\/2025\/10\/20251027_110033-scaled-e1761587265926.jpg?resize=768%2C1097&amp;ssl=1 768w, https:\/\/i0.wp.com\/przedszkole8.pl\/wp-content\/uploads\/2025\/10\/20251027_110033-scaled-e1761587265926.jpg?resize=1075%2C1536&amp;ssl=1 1075w, https:\/\/i0.wp.com\/przedszkole8.pl\/wp-content\/uploads\/2025\/10\/20251027_110033-scaled-e1761587265926.jpg?resize=1434%2C2048&amp;ssl=1 1434w, https:\/\/i0.wp.com\/przedszkole8.pl\/wp-content\/uploads\/2025\/10\/20251027_110033-scaled-e1761587265926.jpg?w=1440&amp;ssl=1 1440w\" sizes=\"auto, (max-width: 550px) 100vw, 550px\" \/><\/a><\/figure>\n\n\n\n<figure class=\"wp-block-image size-large\"><a href=\"https:\/\/i0.wp.com\/przedszkole8.pl\/wp-content\/uploads\/2025\/10\/20251027_104231-scaled.jpg?ssl=1\"><img data-recalc-dims=\"1\" loading=\"lazy\" decoding=\"async\" width=\"550\" height=\"309\" data-attachment-id=\"15891\" data-permalink=\"https:\/\/przedszkole8.pl\/?attachment_id=15891\" data-orig-file=\"https:\/\/i0.wp.com\/przedszkole8.pl\/wp-content\/uploads\/2025\/10\/20251027_104231-scaled.jpg?fit=2560%2C1440&amp;ssl=1\" data-orig-size=\"2560,1440\" data-comments-opened=\"0\" data-image-meta=\"{&quot;aperture&quot;:&quot;1.7&quot;,&quot;credit&quot;:&quot;&quot;,&quot;camera&quot;:&quot;SM-A405FN&quot;,&quot;caption&quot;:&quot;&quot;,&quot;created_timestamp&quot;:&quot;1761561750&quot;,&quot;copyright&quot;:&quot;&quot;,&quot;focal_length&quot;:&quot;3.92&quot;,&quot;iso&quot;:&quot;400&quot;,&quot;shutter_speed&quot;:&quot;0.01&quot;,&quot;title&quot;:&quot;&quot;,&quot;orientation&quot;:&quot;1&quot;}\" data-image-title=\"20251027_104231\" data-image-description=\"\" data-image-caption=\"\" data-medium-file=\"https:\/\/i0.wp.com\/przedszkole8.pl\/wp-content\/uploads\/2025\/10\/20251027_104231-scaled.jpg?fit=300%2C169&amp;ssl=1\" data-large-file=\"https:\/\/i0.wp.com\/przedszkole8.pl\/wp-content\/uploads\/2025\/10\/20251027_104231-scaled.jpg?fit=550%2C309&amp;ssl=1\" data-id=\"15891\" src=\"https:\/\/i0.wp.com\/przedszkole8.pl\/wp-content\/uploads\/2025\/10\/20251027_104231.jpg?resize=550%2C309&#038;ssl=1\" alt=\"\" class=\"wp-image-15891\" srcset=\"https:\/\/i0.wp.com\/przedszkole8.pl\/wp-content\/uploads\/2025\/10\/20251027_104231-scaled.jpg?resize=1024%2C576&amp;ssl=1 1024w, https:\/\/i0.wp.com\/przedszkole8.pl\/wp-content\/uploads\/2025\/10\/20251027_104231-scaled.jpg?resize=300%2C169&amp;ssl=1 300w, https:\/\/i0.wp.com\/przedszkole8.pl\/wp-content\/uploads\/2025\/10\/20251027_104231-scaled.jpg?resize=768%2C432&amp;ssl=1 768w, https:\/\/i0.wp.com\/przedszkole8.pl\/wp-content\/uploads\/2025\/10\/20251027_104231-scaled.jpg?resize=1536%2C864&amp;ssl=1 1536w, https:\/\/i0.wp.com\/przedszkole8.pl\/wp-content\/uploads\/2025\/10\/20251027_104231-scaled.jpg?resize=2048%2C1152&amp;ssl=1 2048w, https:\/\/i0.wp.com\/przedszkole8.pl\/wp-content\/uploads\/2025\/10\/20251027_104231-scaled.jpg?w=1100&amp;ssl=1 1100w, https:\/\/i0.wp.com\/przedszkole8.pl\/wp-content\/uploads\/2025\/10\/20251027_104231-scaled.jpg?w=1650&amp;ssl=1 1650w\" sizes=\"auto, (max-width: 550px) 100vw, 550px\" \/><\/a><\/figure>\n<\/figure>\n","protected":false},"excerpt":{"rendered":"<p>W poniedzia\u0142ek 27 pa\u017adziernika \u015bwi\u0119towali\u015bmy urodzinki Tomcia, kt\u00f3ry sko\u0144czy\u0142 3 lata. By\u0142y serdeczne \u017cyczenia i &#8222;Sto lat&#8221;, a od Tomka na pami\u0105tk\u0119 dzieci otrzyma\u0142y naklejki. Naszemu solenizantowi jeszcze raz \u017cyczymy wszystkiego najlepszego!<\/p>\n","protected":false},"author":24,"featured_media":0,"comment_status":"closed","ping_status":"closed","sticky":false,"template":"","format":"standard","meta":{"jetpack_post_was_ever_published":false,"_jetpack_newsletter_access":"","_jetpack_dont_email_post_to_subs":false,"_jetpack_newsletter_tier_id":0,"_jetpack_memberships_contains_paywalled_content":false,"_jetpack_memberships_contains_paid_content":false,"footnotes":"","jetpack_publicize_message":"","jetpack_publicize_feature_enabled":true,"jetpack_social_post_already_shared":true,"jetpack_social_options":{"image_generator_settings":{"template":"highway","default_image_id":0,"font":"","enabled":false},"version":2}},"categories":[53],"tags":[],"class_list":["post-15895","post","type-post","status-publish","format-standard","hentry","category-puchatki"],"jetpack_publicize_connections":[],"jetpack_featured_media_url":"","jetpack_sharing_enabled":true,"jetpack_shortlink":"https:\/\/wp.me\/p7NQjT-48n","jetpack-related-posts":[],"_links":{"self":[{"href":"https:\/\/przedszkole8.pl\/index.php?rest_route=\/wp\/v2\/posts\/15895","targetHints":{"allow":["GET"]}}],"collection":[{"href":"https:\/\/przedszkole8.pl\/index.php?rest_route=\/wp\/v2\/posts"}],"about":[{"href":"https:\/\/przedszkole8.pl\/index.php?rest_route=\/wp\/v2\/types\/post"}],"author":[{"embeddable":true,"href":"https:\/\/przedszkole8.pl\/index.php?rest_route=\/wp\/v2\/users\/24"}],"replies":[{"embeddable":true,"href":"https:\/\/przedszkole8.pl\/index.php?rest_route=%2Fwp%2Fv2%2Fcomments&post=15895"}],"version-history":[{"count":1,"href":"https:\/\/przedszkole8.pl\/index.php?rest_route=\/wp\/v2\/posts\/15895\/revisions"}],"predecessor-version":[{"id":15896,"href":"https:\/\/przedszkole8.pl\/index.php?rest_route=\/wp\/v2\/posts\/15895\/revisions\/15896"}],"wp:attachment":[{"href":"https:\/\/przedszkole8.pl\/index.php?rest_route=%2Fwp%2Fv2%2Fmedia&parent=15895"}],"wp:term":[{"taxonomy":"category","embeddable":true,"href":"https:\/\/przedszkole8.pl\/index.php?rest_route=%2Fwp%2Fv2%2Fcategories&post=15895"},{"taxonomy":"post_tag","embeddable":true,"href":"https:\/\/przedszkole8.pl\/index.php?rest_route=%2Fwp%2Fv2%2Ftags&post=15895"}],"curies":[{"name":"wp","href":"https:\/\/api.w.org\/{rel}","templated":true}]}}