{"id":15791,"date":"2025-08-29T10:37:45","date_gmt":"2025-08-29T10:37:45","guid":{"rendered":"https:\/\/przedszkole8.pl\/?p=15791"},"modified":"2025-08-29T10:37:46","modified_gmt":"2025-08-29T10:37:46","slug":"zebrania-organizacyjne-4","status":"publish","type":"post","link":"https:\/\/przedszkole8.pl\/?p=15791","title":{"rendered":"Zebrania organizacyjne"},"content":{"rendered":"\n<p>Serdecznie zapraszamy Pa\u0144stwa na zebrania organizacyjne, kt\u00f3re odb\u0119d\u0105 si\u0119:<\/p>\n\n\n\n<ul class=\"wp-block-list\">\n<li>w II grupie w czwartek 04.09. o godzinie 17:00<\/li>\n\n\n\n<li>w III grupie w \u015brod\u0119 03.09. o godzinie 17:00<\/li>\n\n\n\n<li>w IV grupie w czwartek o godzinie 17:00<\/li>\n<\/ul>\n","protected":false},"excerpt":{"rendered":"<p>Serdecznie zapraszamy Pa\u0144stwa na zebrania organizacyjne, kt\u00f3re odb\u0119d\u0105 si\u0119:<\/p>\n","protected":false},"author":1,"featured_media":0,"comment_status":"closed","ping_status":"closed","sticky":false,"template":"","format":"standard","meta":{"jetpack_post_was_ever_published":false,"_jetpack_newsletter_access":"","_jetpack_dont_email_post_to_subs":false,"_jetpack_newsletter_tier_id":0,"_jetpack_memberships_contains_paywalled_content":false,"_jetpack_memberships_contains_paid_content":false,"footnotes":"","jetpack_publicize_message":"","jetpack_publicize_feature_enabled":true,"jetpack_social_post_already_shared":true,"jetpack_social_options":{"image_generator_settings":{"template":"highway","default_image_id":0,"font":"","enabled":false},"version":2}},"categories":[16],"tags":[],"class_list":["post-15791","post","type-post","status-publish","format-standard","hentry","category-nowosci"],"jetpack_publicize_connections":[],"jetpack_featured_media_url":"","jetpack_sharing_enabled":true,"jetpack_shortlink":"https:\/\/wp.me\/p7NQjT-46H","jetpack-related-posts":[],"_links":{"self":[{"href":"https:\/\/przedszkole8.pl\/index.php?rest_route=\/wp\/v2\/posts\/15791","targetHints":{"allow":["GET"]}}],"collection":[{"href":"https:\/\/przedszkole8.pl\/index.php?rest_route=\/wp\/v2\/posts"}],"about":[{"href":"https:\/\/przedszkole8.pl\/index.php?rest_route=\/wp\/v2\/types\/post"}],"author":[{"embeddable":true,"href":"https:\/\/przedszkole8.pl\/index.php?rest_route=\/wp\/v2\/users\/1"}],"replies":[{"embeddable":true,"href":"https:\/\/przedszkole8.pl\/index.php?rest_route=%2Fwp%2Fv2%2Fcomments&post=15791"}],"version-history":[{"count":1,"href":"https:\/\/przedszkole8.pl\/index.php?rest_route=\/wp\/v2\/posts\/15791\/revisions"}],"predecessor-version":[{"id":15792,"href":"https:\/\/przedszkole8.pl\/index.php?rest_route=\/wp\/v2\/posts\/15791\/revisions\/15792"}],"wp:attachment":[{"href":"https:\/\/przedszkole8.pl\/index.php?rest_route=%2Fwp%2Fv2%2Fmedia&parent=15791"}],"wp:term":[{"taxonomy":"category","embeddable":true,"href":"https:\/\/przedszkole8.pl\/index.php?rest_route=%2Fwp%2Fv2%2Fcategories&post=15791"},{"taxonomy":"post_tag","embeddable":true,"href":"https:\/\/przedszkole8.pl\/index.php?rest_route=%2Fwp%2Fv2%2Ftags&post=15791"}],"curies":[{"name":"wp","href":"https:\/\/api.w.org\/{rel}","templated":true}]}}