{"id":15788,"date":"2025-08-25T10:29:43","date_gmt":"2025-08-25T10:29:43","guid":{"rendered":"https:\/\/przedszkole8.pl\/?p=15788"},"modified":"2025-08-25T10:29:45","modified_gmt":"2025-08-25T10:29:45","slug":"zebranie-organizacyjne-grupy-i","status":"publish","type":"post","link":"https:\/\/przedszkole8.pl\/?p=15788","title":{"rendered":"Zebranie organizacyjne grupy I"},"content":{"rendered":"\n<p>Zapraszamy Rodzic\u00f3w z grupy I na zebranie organizacyjne, kt\u00f3re odb\u0119dzie si\u0119 we wtorek 02.09.2025 r. o godzinie 17:00.<\/p>\n\n\n\n<p>O zebraniach organizacyjnych w pozosta\u0142ych grupach poinformujemy w pi\u0105tek 29.08.2025 r.<\/p>\n","protected":false},"excerpt":{"rendered":"<p>Zapraszamy Rodzic\u00f3w z grupy I na zebranie organizacyjne, kt\u00f3re odb\u0119dzie si\u0119 we wtorek 02.09.2025 r. o godzinie 17:00. O zebraniach organizacyjnych w pozosta\u0142ych grupach poinformujemy w pi\u0105tek 29.08.2025 r.<\/p>\n","protected":false},"author":1,"featured_media":0,"comment_status":"closed","ping_status":"closed","sticky":false,"template":"","format":"standard","meta":{"jetpack_post_was_ever_published":false,"_jetpack_newsletter_access":"","_jetpack_dont_email_post_to_subs":false,"_jetpack_newsletter_tier_id":0,"_jetpack_memberships_contains_paywalled_content":false,"_jetpack_memberships_contains_paid_content":false,"footnotes":"","jetpack_publicize_message":"","jetpack_publicize_feature_enabled":true,"jetpack_social_post_already_shared":true,"jetpack_social_options":{"image_generator_settings":{"template":"highway","default_image_id":0,"font":"","enabled":false},"version":2}},"categories":[16],"tags":[],"class_list":["post-15788","post","type-post","status-publish","format-standard","hentry","category-nowosci"],"jetpack_publicize_connections":[],"jetpack_featured_media_url":"","jetpack_sharing_enabled":true,"jetpack_shortlink":"https:\/\/wp.me\/p7NQjT-46E","jetpack-related-posts":[],"_links":{"self":[{"href":"https:\/\/przedszkole8.pl\/index.php?rest_route=\/wp\/v2\/posts\/15788","targetHints":{"allow":["GET"]}}],"collection":[{"href":"https:\/\/przedszkole8.pl\/index.php?rest_route=\/wp\/v2\/posts"}],"about":[{"href":"https:\/\/przedszkole8.pl\/index.php?rest_route=\/wp\/v2\/types\/post"}],"author":[{"embeddable":true,"href":"https:\/\/przedszkole8.pl\/index.php?rest_route=\/wp\/v2\/users\/1"}],"replies":[{"embeddable":true,"href":"https:\/\/przedszkole8.pl\/index.php?rest_route=%2Fwp%2Fv2%2Fcomments&post=15788"}],"version-history":[{"count":1,"href":"https:\/\/przedszkole8.pl\/index.php?rest_route=\/wp\/v2\/posts\/15788\/revisions"}],"predecessor-version":[{"id":15789,"href":"https:\/\/przedszkole8.pl\/index.php?rest_route=\/wp\/v2\/posts\/15788\/revisions\/15789"}],"wp:attachment":[{"href":"https:\/\/przedszkole8.pl\/index.php?rest_route=%2Fwp%2Fv2%2Fmedia&parent=15788"}],"wp:term":[{"taxonomy":"category","embeddable":true,"href":"https:\/\/przedszkole8.pl\/index.php?rest_route=%2Fwp%2Fv2%2Fcategories&post=15788"},{"taxonomy":"post_tag","embeddable":true,"href":"https:\/\/przedszkole8.pl\/index.php?rest_route=%2Fwp%2Fv2%2Ftags&post=15788"}],"curies":[{"name":"wp","href":"https:\/\/api.w.org\/{rel}","templated":true}]}}