{"id":15742,"date":"2025-05-23T15:39:29","date_gmt":"2025-05-23T15:39:29","guid":{"rendered":"https:\/\/przedszkole8.pl\/?p=15742"},"modified":"2025-06-09T15:49:32","modified_gmt":"2025-06-09T15:49:32","slug":"dziekuje-mamo-dziekuje-tato","status":"publish","type":"post","link":"https:\/\/przedszkole8.pl\/?p=15742","title":{"rendered":"Dzi\u0119kuj\u0119 mamo, dzi\u0119kuj\u0119 tato&#8230;"},"content":{"rendered":"\n<p>Dnia 19 maja odby\u0142a si\u0119 w naszej grupie uroczysto\u015b\u0107 z okazji Dnia Mamy i Taty. Dzie\u0144 pe\u0142en wzrusze\u0144, emocji, szcz\u0119\u015bcia i dumy. Nasze Uszatki przygotowa\u0142y wyst\u0119p artystyczny pt. &#8221; Dzi\u0119kuj\u0119 mamo, dzi\u0119kuj\u0119 tato&#8221;. W trakcie wyst\u0119pu uda\u0142o nam si\u0119 w\u0142\u0105czy\u0107 rodzic\u00f3w do wsp\u00f3lnej zabawy, a na koniec wr\u0119czyli\u015bmy naszym kochanym mamom i tatusiom drobne upominki. Wszystkim rodzicom dzi\u0119kujemy za pomoc w przygotowaniach oraz wsparcie. <\/p>\n\n\n\n<figure class=\"wp-block-gallery has-nested-images columns-default is-cropped wp-block-gallery-1 is-layout-flex wp-block-gallery-is-layout-flex\">\n<figure class=\"wp-block-image size-large\"><a href=\"https:\/\/i0.wp.com\/przedszkole8.pl\/wp-content\/uploads\/2025\/06\/a.jpg?ssl=1\"><img data-recalc-dims=\"1\" loading=\"lazy\" decoding=\"async\" width=\"550\" height=\"733\" data-attachment-id=\"15743\" data-permalink=\"https:\/\/przedszkole8.pl\/?attachment_id=15743\" data-orig-file=\"https:\/\/i0.wp.com\/przedszkole8.pl\/wp-content\/uploads\/2025\/06\/a.jpg?fit=1536%2C2048&amp;ssl=1\" data-orig-size=\"1536,2048\" data-comments-opened=\"0\" data-image-meta=\"{&quot;aperture&quot;:&quot;0&quot;,&quot;credit&quot;:&quot;&quot;,&quot;camera&quot;:&quot;&quot;,&quot;caption&quot;:&quot;&quot;,&quot;created_timestamp&quot;:&quot;0&quot;,&quot;copyright&quot;:&quot;&quot;,&quot;focal_length&quot;:&quot;0&quot;,&quot;iso&quot;:&quot;0&quot;,&quot;shutter_speed&quot;:&quot;0&quot;,&quot;title&quot;:&quot;&quot;,&quot;orientation&quot;:&quot;0&quot;}\" data-image-title=\"a\" data-image-description=\"\" data-image-caption=\"\" data-medium-file=\"https:\/\/i0.wp.com\/przedszkole8.pl\/wp-content\/uploads\/2025\/06\/a.jpg?fit=225%2C300&amp;ssl=1\" data-large-file=\"https:\/\/i0.wp.com\/przedszkole8.pl\/wp-content\/uploads\/2025\/06\/a.jpg?fit=550%2C733&amp;ssl=1\" data-id=\"15743\" src=\"https:\/\/i0.wp.com\/przedszkole8.pl\/wp-content\/uploads\/2025\/06\/a.jpg?resize=550%2C733&#038;ssl=1\" alt=\"\" class=\"wp-image-15743\" srcset=\"https:\/\/i0.wp.com\/przedszkole8.pl\/wp-content\/uploads\/2025\/06\/a.jpg?resize=768%2C1024&amp;ssl=1 768w, https:\/\/i0.wp.com\/przedszkole8.pl\/wp-content\/uploads\/2025\/06\/a.jpg?resize=225%2C300&amp;ssl=1 225w, https:\/\/i0.wp.com\/przedszkole8.pl\/wp-content\/uploads\/2025\/06\/a.jpg?resize=1152%2C1536&amp;ssl=1 1152w, https:\/\/i0.wp.com\/przedszkole8.pl\/wp-content\/uploads\/2025\/06\/a.jpg?w=1536&amp;ssl=1 1536w, https:\/\/i0.wp.com\/przedszkole8.pl\/wp-content\/uploads\/2025\/06\/a.jpg?w=1100&amp;ssl=1 1100w\" sizes=\"auto, (max-width: 550px) 100vw, 550px\" \/><\/a><\/figure>\n<\/figure>\n","protected":false},"excerpt":{"rendered":"<p>Dnia 19 maja odby\u0142a si\u0119 w naszej grupie uroczysto\u015b\u0107 z okazji Dnia Mamy i Taty. Dzie\u0144 pe\u0142en wzrusze\u0144, emocji, szcz\u0119\u015bcia i dumy. Nasze Uszatki przygotowa\u0142y wyst\u0119p artystyczny pt. &#8221; Dzi\u0119kuj\u0119 mamo, dzi\u0119kuj\u0119 tato&#8221;. W trakcie wyst\u0119pu uda\u0142o nam si\u0119 w\u0142\u0105czy\u0107 rodzic\u00f3w do wsp\u00f3lnej zabawy, a na koniec wr\u0119czyli\u015bmy naszym kochanym mamom i tatusiom drobne upominki.<\/p>\n","protected":false},"author":10,"featured_media":0,"comment_status":"closed","ping_status":"closed","sticky":false,"template":"","format":"standard","meta":{"jetpack_post_was_ever_published":false,"_jetpack_newsletter_access":"","_jetpack_dont_email_post_to_subs":false,"_jetpack_newsletter_tier_id":0,"_jetpack_memberships_contains_paywalled_content":false,"_jetpack_memberships_contains_paid_content":false,"footnotes":"","jetpack_publicize_message":"","jetpack_publicize_feature_enabled":true,"jetpack_social_post_already_shared":true,"jetpack_social_options":{"image_generator_settings":{"template":"highway","default_image_id":0,"font":"","enabled":false},"version":2}},"categories":[49],"tags":[],"class_list":["post-15742","post","type-post","status-publish","format-standard","hentry","category-uszatki-24-25"],"jetpack_publicize_connections":[],"jetpack_featured_media_url":"","jetpack_sharing_enabled":true,"jetpack_shortlink":"https:\/\/wp.me\/p7NQjT-45U","jetpack-related-posts":[],"_links":{"self":[{"href":"https:\/\/przedszkole8.pl\/index.php?rest_route=\/wp\/v2\/posts\/15742","targetHints":{"allow":["GET"]}}],"collection":[{"href":"https:\/\/przedszkole8.pl\/index.php?rest_route=\/wp\/v2\/posts"}],"about":[{"href":"https:\/\/przedszkole8.pl\/index.php?rest_route=\/wp\/v2\/types\/post"}],"author":[{"embeddable":true,"href":"https:\/\/przedszkole8.pl\/index.php?rest_route=\/wp\/v2\/users\/10"}],"replies":[{"embeddable":true,"href":"https:\/\/przedszkole8.pl\/index.php?rest_route=%2Fwp%2Fv2%2Fcomments&post=15742"}],"version-history":[{"count":1,"href":"https:\/\/przedszkole8.pl\/index.php?rest_route=\/wp\/v2\/posts\/15742\/revisions"}],"predecessor-version":[{"id":15744,"href":"https:\/\/przedszkole8.pl\/index.php?rest_route=\/wp\/v2\/posts\/15742\/revisions\/15744"}],"wp:attachment":[{"href":"https:\/\/przedszkole8.pl\/index.php?rest_route=%2Fwp%2Fv2%2Fmedia&parent=15742"}],"wp:term":[{"taxonomy":"category","embeddable":true,"href":"https:\/\/przedszkole8.pl\/index.php?rest_route=%2Fwp%2Fv2%2Fcategories&post=15742"},{"taxonomy":"post_tag","embeddable":true,"href":"https:\/\/przedszkole8.pl\/index.php?rest_route=%2Fwp%2Fv2%2Ftags&post=15742"}],"curies":[{"name":"wp","href":"https:\/\/api.w.org\/{rel}","templated":true}]}}