{"id":15734,"date":"2025-04-25T15:25:34","date_gmt":"2025-04-25T15:25:34","guid":{"rendered":"https:\/\/przedszkole8.pl\/?p=15734"},"modified":"2025-06-09T15:38:13","modified_gmt":"2025-06-09T15:38:13","slug":"zajecia-otwarte-z-rodzicami-2","status":"publish","type":"post","link":"https:\/\/przedszkole8.pl\/?p=15734","title":{"rendered":"Zaj\u0119cia otwarte z rodzicami"},"content":{"rendered":"\n<p>Bardzo dzi\u0119kujemy wszystkim obecnym rodzicom na zaj\u0119ciach otwartych z okazji zbli\u017caj\u0105cych si\u0119 \u015awi\u0105t Wielkanocnych. To ogromna rado\u015b\u0107 dla Uszatk\u00f3w, kiedy mog\u0105 sp\u0119dzi\u0107 troch\u0119 czasu z rodzicami w swoim przedszkolu \ud83d\ude42<\/p>\n\n\n\n<figure class=\"wp-block-gallery has-nested-images columns-default is-cropped wp-block-gallery-1 is-layout-flex wp-block-gallery-is-layout-flex\">\n<figure class=\"wp-block-image size-large\"><a href=\"https:\/\/i0.wp.com\/przedszkole8.pl\/wp-content\/uploads\/2025\/06\/4.jpg?ssl=1\"><img data-recalc-dims=\"1\" loading=\"lazy\" decoding=\"async\" width=\"550\" height=\"413\" data-attachment-id=\"15735\" data-permalink=\"https:\/\/przedszkole8.pl\/?attachment_id=15735\" data-orig-file=\"https:\/\/i0.wp.com\/przedszkole8.pl\/wp-content\/uploads\/2025\/06\/4.jpg?fit=2048%2C1536&amp;ssl=1\" data-orig-size=\"2048,1536\" data-comments-opened=\"0\" data-image-meta=\"{&quot;aperture&quot;:&quot;0&quot;,&quot;credit&quot;:&quot;&quot;,&quot;camera&quot;:&quot;&quot;,&quot;caption&quot;:&quot;&quot;,&quot;created_timestamp&quot;:&quot;0&quot;,&quot;copyright&quot;:&quot;&quot;,&quot;focal_length&quot;:&quot;0&quot;,&quot;iso&quot;:&quot;0&quot;,&quot;shutter_speed&quot;:&quot;0&quot;,&quot;title&quot;:&quot;&quot;,&quot;orientation&quot;:&quot;0&quot;}\" data-image-title=\"4\" data-image-description=\"\" data-image-caption=\"\" data-medium-file=\"https:\/\/i0.wp.com\/przedszkole8.pl\/wp-content\/uploads\/2025\/06\/4.jpg?fit=300%2C225&amp;ssl=1\" data-large-file=\"https:\/\/i0.wp.com\/przedszkole8.pl\/wp-content\/uploads\/2025\/06\/4.jpg?fit=550%2C413&amp;ssl=1\" data-id=\"15735\" src=\"https:\/\/i0.wp.com\/przedszkole8.pl\/wp-content\/uploads\/2025\/06\/4.jpg?resize=550%2C413&#038;ssl=1\" alt=\"\" class=\"wp-image-15735\" srcset=\"https:\/\/i0.wp.com\/przedszkole8.pl\/wp-content\/uploads\/2025\/06\/4.jpg?resize=1024%2C768&amp;ssl=1 1024w, https:\/\/i0.wp.com\/przedszkole8.pl\/wp-content\/uploads\/2025\/06\/4.jpg?resize=300%2C225&amp;ssl=1 300w, https:\/\/i0.wp.com\/przedszkole8.pl\/wp-content\/uploads\/2025\/06\/4.jpg?resize=768%2C576&amp;ssl=1 768w, https:\/\/i0.wp.com\/przedszkole8.pl\/wp-content\/uploads\/2025\/06\/4.jpg?resize=1536%2C1152&amp;ssl=1 1536w, https:\/\/i0.wp.com\/przedszkole8.pl\/wp-content\/uploads\/2025\/06\/4.jpg?w=2048&amp;ssl=1 2048w, https:\/\/i0.wp.com\/przedszkole8.pl\/wp-content\/uploads\/2025\/06\/4.jpg?w=1100&amp;ssl=1 1100w, https:\/\/i0.wp.com\/przedszkole8.pl\/wp-content\/uploads\/2025\/06\/4.jpg?w=1650&amp;ssl=1 1650w\" sizes=\"auto, (max-width: 550px) 100vw, 550px\" \/><\/a><\/figure>\n\n\n\n<figure class=\"wp-block-image size-large\"><a href=\"https:\/\/i0.wp.com\/przedszkole8.pl\/wp-content\/uploads\/2025\/06\/5.jpg?ssl=1\"><img data-recalc-dims=\"1\" loading=\"lazy\" decoding=\"async\" width=\"550\" height=\"733\" data-attachment-id=\"15737\" data-permalink=\"https:\/\/przedszkole8.pl\/?attachment_id=15737\" data-orig-file=\"https:\/\/i0.wp.com\/przedszkole8.pl\/wp-content\/uploads\/2025\/06\/5.jpg?fit=1536%2C2048&amp;ssl=1\" data-orig-size=\"1536,2048\" data-comments-opened=\"0\" data-image-meta=\"{&quot;aperture&quot;:&quot;0&quot;,&quot;credit&quot;:&quot;&quot;,&quot;camera&quot;:&quot;&quot;,&quot;caption&quot;:&quot;&quot;,&quot;created_timestamp&quot;:&quot;0&quot;,&quot;copyright&quot;:&quot;&quot;,&quot;focal_length&quot;:&quot;0&quot;,&quot;iso&quot;:&quot;0&quot;,&quot;shutter_speed&quot;:&quot;0&quot;,&quot;title&quot;:&quot;&quot;,&quot;orientation&quot;:&quot;0&quot;}\" data-image-title=\"5\" data-image-description=\"\" data-image-caption=\"\" data-medium-file=\"https:\/\/i0.wp.com\/przedszkole8.pl\/wp-content\/uploads\/2025\/06\/5.jpg?fit=225%2C300&amp;ssl=1\" data-large-file=\"https:\/\/i0.wp.com\/przedszkole8.pl\/wp-content\/uploads\/2025\/06\/5.jpg?fit=550%2C733&amp;ssl=1\" data-id=\"15737\" src=\"https:\/\/i0.wp.com\/przedszkole8.pl\/wp-content\/uploads\/2025\/06\/5.jpg?resize=550%2C733&#038;ssl=1\" alt=\"\" class=\"wp-image-15737\" srcset=\"https:\/\/i0.wp.com\/przedszkole8.pl\/wp-content\/uploads\/2025\/06\/5.jpg?resize=768%2C1024&amp;ssl=1 768w, https:\/\/i0.wp.com\/przedszkole8.pl\/wp-content\/uploads\/2025\/06\/5.jpg?resize=225%2C300&amp;ssl=1 225w, https:\/\/i0.wp.com\/przedszkole8.pl\/wp-content\/uploads\/2025\/06\/5.jpg?resize=1152%2C1536&amp;ssl=1 1152w, https:\/\/i0.wp.com\/przedszkole8.pl\/wp-content\/uploads\/2025\/06\/5.jpg?w=1536&amp;ssl=1 1536w, https:\/\/i0.wp.com\/przedszkole8.pl\/wp-content\/uploads\/2025\/06\/5.jpg?w=1100&amp;ssl=1 1100w\" sizes=\"auto, (max-width: 550px) 100vw, 550px\" \/><\/a><\/figure>\n\n\n\n<figure class=\"wp-block-image size-large\"><a href=\"https:\/\/i0.wp.com\/przedszkole8.pl\/wp-content\/uploads\/2025\/06\/6.jpg?ssl=1\"><img data-recalc-dims=\"1\" loading=\"lazy\" decoding=\"async\" width=\"550\" height=\"733\" data-attachment-id=\"15736\" data-permalink=\"https:\/\/przedszkole8.pl\/?attachment_id=15736\" data-orig-file=\"https:\/\/i0.wp.com\/przedszkole8.pl\/wp-content\/uploads\/2025\/06\/6.jpg?fit=1536%2C2048&amp;ssl=1\" data-orig-size=\"1536,2048\" data-comments-opened=\"0\" data-image-meta=\"{&quot;aperture&quot;:&quot;0&quot;,&quot;credit&quot;:&quot;&quot;,&quot;camera&quot;:&quot;&quot;,&quot;caption&quot;:&quot;&quot;,&quot;created_timestamp&quot;:&quot;0&quot;,&quot;copyright&quot;:&quot;&quot;,&quot;focal_length&quot;:&quot;0&quot;,&quot;iso&quot;:&quot;0&quot;,&quot;shutter_speed&quot;:&quot;0&quot;,&quot;title&quot;:&quot;&quot;,&quot;orientation&quot;:&quot;0&quot;}\" data-image-title=\"6\" data-image-description=\"\" data-image-caption=\"\" data-medium-file=\"https:\/\/i0.wp.com\/przedszkole8.pl\/wp-content\/uploads\/2025\/06\/6.jpg?fit=225%2C300&amp;ssl=1\" data-large-file=\"https:\/\/i0.wp.com\/przedszkole8.pl\/wp-content\/uploads\/2025\/06\/6.jpg?fit=550%2C733&amp;ssl=1\" data-id=\"15736\" src=\"https:\/\/i0.wp.com\/przedszkole8.pl\/wp-content\/uploads\/2025\/06\/6.jpg?resize=550%2C733&#038;ssl=1\" alt=\"\" class=\"wp-image-15736\" srcset=\"https:\/\/i0.wp.com\/przedszkole8.pl\/wp-content\/uploads\/2025\/06\/6.jpg?resize=768%2C1024&amp;ssl=1 768w, https:\/\/i0.wp.com\/przedszkole8.pl\/wp-content\/uploads\/2025\/06\/6.jpg?resize=225%2C300&amp;ssl=1 225w, https:\/\/i0.wp.com\/przedszkole8.pl\/wp-content\/uploads\/2025\/06\/6.jpg?resize=1152%2C1536&amp;ssl=1 1152w, https:\/\/i0.wp.com\/przedszkole8.pl\/wp-content\/uploads\/2025\/06\/6.jpg?w=1536&amp;ssl=1 1536w, https:\/\/i0.wp.com\/przedszkole8.pl\/wp-content\/uploads\/2025\/06\/6.jpg?w=1100&amp;ssl=1 1100w\" sizes=\"auto, (max-width: 550px) 100vw, 550px\" \/><\/a><\/figure>\n<\/figure>\n\n\n\n<figure class=\"wp-block-gallery has-nested-images columns-default is-cropped wp-block-gallery-2 is-layout-flex wp-block-gallery-is-layout-flex\">\n<figure class=\"wp-block-image size-large\"><a href=\"https:\/\/i0.wp.com\/przedszkole8.pl\/wp-content\/uploads\/2025\/06\/1.jpg?ssl=1\"><img data-recalc-dims=\"1\" loading=\"lazy\" decoding=\"async\" width=\"550\" height=\"413\" data-attachment-id=\"15738\" data-permalink=\"https:\/\/przedszkole8.pl\/?attachment_id=15738\" data-orig-file=\"https:\/\/i0.wp.com\/przedszkole8.pl\/wp-content\/uploads\/2025\/06\/1.jpg?fit=2048%2C1536&amp;ssl=1\" data-orig-size=\"2048,1536\" data-comments-opened=\"0\" data-image-meta=\"{&quot;aperture&quot;:&quot;0&quot;,&quot;credit&quot;:&quot;&quot;,&quot;camera&quot;:&quot;&quot;,&quot;caption&quot;:&quot;&quot;,&quot;created_timestamp&quot;:&quot;0&quot;,&quot;copyright&quot;:&quot;&quot;,&quot;focal_length&quot;:&quot;0&quot;,&quot;iso&quot;:&quot;0&quot;,&quot;shutter_speed&quot;:&quot;0&quot;,&quot;title&quot;:&quot;&quot;,&quot;orientation&quot;:&quot;0&quot;}\" data-image-title=\"1\" data-image-description=\"\" data-image-caption=\"\" data-medium-file=\"https:\/\/i0.wp.com\/przedszkole8.pl\/wp-content\/uploads\/2025\/06\/1.jpg?fit=300%2C225&amp;ssl=1\" data-large-file=\"https:\/\/i0.wp.com\/przedszkole8.pl\/wp-content\/uploads\/2025\/06\/1.jpg?fit=550%2C413&amp;ssl=1\" data-id=\"15738\" src=\"https:\/\/i0.wp.com\/przedszkole8.pl\/wp-content\/uploads\/2025\/06\/1.jpg?resize=550%2C413&#038;ssl=1\" alt=\"\" class=\"wp-image-15738\" srcset=\"https:\/\/i0.wp.com\/przedszkole8.pl\/wp-content\/uploads\/2025\/06\/1.jpg?resize=1024%2C768&amp;ssl=1 1024w, https:\/\/i0.wp.com\/przedszkole8.pl\/wp-content\/uploads\/2025\/06\/1.jpg?resize=300%2C225&amp;ssl=1 300w, https:\/\/i0.wp.com\/przedszkole8.pl\/wp-content\/uploads\/2025\/06\/1.jpg?resize=768%2C576&amp;ssl=1 768w, https:\/\/i0.wp.com\/przedszkole8.pl\/wp-content\/uploads\/2025\/06\/1.jpg?resize=1536%2C1152&amp;ssl=1 1536w, https:\/\/i0.wp.com\/przedszkole8.pl\/wp-content\/uploads\/2025\/06\/1.jpg?w=2048&amp;ssl=1 2048w, https:\/\/i0.wp.com\/przedszkole8.pl\/wp-content\/uploads\/2025\/06\/1.jpg?w=1100&amp;ssl=1 1100w, https:\/\/i0.wp.com\/przedszkole8.pl\/wp-content\/uploads\/2025\/06\/1.jpg?w=1650&amp;ssl=1 1650w\" sizes=\"auto, (max-width: 550px) 100vw, 550px\" \/><\/a><\/figure>\n\n\n\n<figure class=\"wp-block-image size-large\"><a href=\"https:\/\/i0.wp.com\/przedszkole8.pl\/wp-content\/uploads\/2025\/06\/2.jpg?ssl=1\"><img data-recalc-dims=\"1\" loading=\"lazy\" decoding=\"async\" width=\"550\" height=\"413\" data-attachment-id=\"15740\" data-permalink=\"https:\/\/przedszkole8.pl\/?attachment_id=15740\" data-orig-file=\"https:\/\/i0.wp.com\/przedszkole8.pl\/wp-content\/uploads\/2025\/06\/2.jpg?fit=2048%2C1536&amp;ssl=1\" data-orig-size=\"2048,1536\" data-comments-opened=\"0\" data-image-meta=\"{&quot;aperture&quot;:&quot;0&quot;,&quot;credit&quot;:&quot;&quot;,&quot;camera&quot;:&quot;&quot;,&quot;caption&quot;:&quot;&quot;,&quot;created_timestamp&quot;:&quot;0&quot;,&quot;copyright&quot;:&quot;&quot;,&quot;focal_length&quot;:&quot;0&quot;,&quot;iso&quot;:&quot;0&quot;,&quot;shutter_speed&quot;:&quot;0&quot;,&quot;title&quot;:&quot;&quot;,&quot;orientation&quot;:&quot;0&quot;}\" data-image-title=\"2\" data-image-description=\"\" data-image-caption=\"\" data-medium-file=\"https:\/\/i0.wp.com\/przedszkole8.pl\/wp-content\/uploads\/2025\/06\/2.jpg?fit=300%2C225&amp;ssl=1\" data-large-file=\"https:\/\/i0.wp.com\/przedszkole8.pl\/wp-content\/uploads\/2025\/06\/2.jpg?fit=550%2C413&amp;ssl=1\" data-id=\"15740\" src=\"https:\/\/i0.wp.com\/przedszkole8.pl\/wp-content\/uploads\/2025\/06\/2.jpg?resize=550%2C413&#038;ssl=1\" alt=\"\" class=\"wp-image-15740\" srcset=\"https:\/\/i0.wp.com\/przedszkole8.pl\/wp-content\/uploads\/2025\/06\/2.jpg?resize=1024%2C768&amp;ssl=1 1024w, https:\/\/i0.wp.com\/przedszkole8.pl\/wp-content\/uploads\/2025\/06\/2.jpg?resize=300%2C225&amp;ssl=1 300w, https:\/\/i0.wp.com\/przedszkole8.pl\/wp-content\/uploads\/2025\/06\/2.jpg?resize=768%2C576&amp;ssl=1 768w, https:\/\/i0.wp.com\/przedszkole8.pl\/wp-content\/uploads\/2025\/06\/2.jpg?resize=1536%2C1152&amp;ssl=1 1536w, https:\/\/i0.wp.com\/przedszkole8.pl\/wp-content\/uploads\/2025\/06\/2.jpg?w=2048&amp;ssl=1 2048w, https:\/\/i0.wp.com\/przedszkole8.pl\/wp-content\/uploads\/2025\/06\/2.jpg?w=1100&amp;ssl=1 1100w, https:\/\/i0.wp.com\/przedszkole8.pl\/wp-content\/uploads\/2025\/06\/2.jpg?w=1650&amp;ssl=1 1650w\" sizes=\"auto, (max-width: 550px) 100vw, 550px\" \/><\/a><\/figure>\n\n\n\n<figure class=\"wp-block-image size-large\"><a href=\"https:\/\/i0.wp.com\/przedszkole8.pl\/wp-content\/uploads\/2025\/06\/3.jpg?ssl=1\"><img data-recalc-dims=\"1\" loading=\"lazy\" decoding=\"async\" width=\"550\" height=\"413\" data-attachment-id=\"15739\" data-permalink=\"https:\/\/przedszkole8.pl\/?attachment_id=15739\" data-orig-file=\"https:\/\/i0.wp.com\/przedszkole8.pl\/wp-content\/uploads\/2025\/06\/3.jpg?fit=2048%2C1536&amp;ssl=1\" data-orig-size=\"2048,1536\" data-comments-opened=\"0\" data-image-meta=\"{&quot;aperture&quot;:&quot;0&quot;,&quot;credit&quot;:&quot;&quot;,&quot;camera&quot;:&quot;&quot;,&quot;caption&quot;:&quot;&quot;,&quot;created_timestamp&quot;:&quot;0&quot;,&quot;copyright&quot;:&quot;&quot;,&quot;focal_length&quot;:&quot;0&quot;,&quot;iso&quot;:&quot;0&quot;,&quot;shutter_speed&quot;:&quot;0&quot;,&quot;title&quot;:&quot;&quot;,&quot;orientation&quot;:&quot;0&quot;}\" data-image-title=\"3\" data-image-description=\"\" data-image-caption=\"\" data-medium-file=\"https:\/\/i0.wp.com\/przedszkole8.pl\/wp-content\/uploads\/2025\/06\/3.jpg?fit=300%2C225&amp;ssl=1\" data-large-file=\"https:\/\/i0.wp.com\/przedszkole8.pl\/wp-content\/uploads\/2025\/06\/3.jpg?fit=550%2C413&amp;ssl=1\" data-id=\"15739\" src=\"https:\/\/i0.wp.com\/przedszkole8.pl\/wp-content\/uploads\/2025\/06\/3.jpg?resize=550%2C413&#038;ssl=1\" alt=\"\" class=\"wp-image-15739\" srcset=\"https:\/\/i0.wp.com\/przedszkole8.pl\/wp-content\/uploads\/2025\/06\/3.jpg?resize=1024%2C768&amp;ssl=1 1024w, https:\/\/i0.wp.com\/przedszkole8.pl\/wp-content\/uploads\/2025\/06\/3.jpg?resize=300%2C225&amp;ssl=1 300w, https:\/\/i0.wp.com\/przedszkole8.pl\/wp-content\/uploads\/2025\/06\/3.jpg?resize=768%2C576&amp;ssl=1 768w, https:\/\/i0.wp.com\/przedszkole8.pl\/wp-content\/uploads\/2025\/06\/3.jpg?resize=1536%2C1152&amp;ssl=1 1536w, https:\/\/i0.wp.com\/przedszkole8.pl\/wp-content\/uploads\/2025\/06\/3.jpg?w=2048&amp;ssl=1 2048w, https:\/\/i0.wp.com\/przedszkole8.pl\/wp-content\/uploads\/2025\/06\/3.jpg?w=1100&amp;ssl=1 1100w, https:\/\/i0.wp.com\/przedszkole8.pl\/wp-content\/uploads\/2025\/06\/3.jpg?w=1650&amp;ssl=1 1650w\" sizes=\"auto, (max-width: 550px) 100vw, 550px\" \/><\/a><\/figure>\n<\/figure>\n","protected":false},"excerpt":{"rendered":"<p>Bardzo dzi\u0119kujemy wszystkim obecnym rodzicom na zaj\u0119ciach otwartych z okazji zbli\u017caj\u0105cych si\u0119 \u015awi\u0105t Wielkanocnych. To ogromna rado\u015b\u0107 dla Uszatk\u00f3w, kiedy mog\u0105 sp\u0119dzi\u0107 troch\u0119 czasu z rodzicami w swoim przedszkolu \ud83d\ude42<\/p>\n","protected":false},"author":10,"featured_media":0,"comment_status":"closed","ping_status":"closed","sticky":false,"template":"","format":"standard","meta":{"jetpack_post_was_ever_published":false,"_jetpack_newsletter_access":"","_jetpack_dont_email_post_to_subs":false,"_jetpack_newsletter_tier_id":0,"_jetpack_memberships_contains_paywalled_content":false,"_jetpack_memberships_contains_paid_content":false,"footnotes":"","jetpack_publicize_message":"","jetpack_publicize_feature_enabled":true,"jetpack_social_post_already_shared":true,"jetpack_social_options":{"image_generator_settings":{"template":"highway","default_image_id":0,"font":"","enabled":false},"version":2}},"categories":[49],"tags":[],"class_list":["post-15734","post","type-post","status-publish","format-standard","hentry","category-uszatki-24-25"],"jetpack_publicize_connections":[],"jetpack_featured_media_url":"","jetpack_sharing_enabled":true,"jetpack_shortlink":"https:\/\/wp.me\/p7NQjT-45M","jetpack-related-posts":[],"_links":{"self":[{"href":"https:\/\/przedszkole8.pl\/index.php?rest_route=\/wp\/v2\/posts\/15734","targetHints":{"allow":["GET"]}}],"collection":[{"href":"https:\/\/przedszkole8.pl\/index.php?rest_route=\/wp\/v2\/posts"}],"about":[{"href":"https:\/\/przedszkole8.pl\/index.php?rest_route=\/wp\/v2\/types\/post"}],"author":[{"embeddable":true,"href":"https:\/\/przedszkole8.pl\/index.php?rest_route=\/wp\/v2\/users\/10"}],"replies":[{"embeddable":true,"href":"https:\/\/przedszkole8.pl\/index.php?rest_route=%2Fwp%2Fv2%2Fcomments&post=15734"}],"version-history":[{"count":1,"href":"https:\/\/przedszkole8.pl\/index.php?rest_route=\/wp\/v2\/posts\/15734\/revisions"}],"predecessor-version":[{"id":15741,"href":"https:\/\/przedszkole8.pl\/index.php?rest_route=\/wp\/v2\/posts\/15734\/revisions\/15741"}],"wp:attachment":[{"href":"https:\/\/przedszkole8.pl\/index.php?rest_route=%2Fwp%2Fv2%2Fmedia&parent=15734"}],"wp:term":[{"taxonomy":"category","embeddable":true,"href":"https:\/\/przedszkole8.pl\/index.php?rest_route=%2Fwp%2Fv2%2Fcategories&post=15734"},{"taxonomy":"post_tag","embeddable":true,"href":"https:\/\/przedszkole8.pl\/index.php?rest_route=%2Fwp%2Fv2%2Ftags&post=15734"}],"curies":[{"name":"wp","href":"https:\/\/api.w.org\/{rel}","templated":true}]}}