{"id":15726,"date":"2025-05-29T10:14:39","date_gmt":"2025-05-29T10:14:39","guid":{"rendered":"https:\/\/przedszkole8.pl\/?p=15726"},"modified":"2025-05-29T10:14:40","modified_gmt":"2025-05-29T10:14:40","slug":"festyn-z-okazji-dnia-dziecka-komenda-miejska-policji-i-arka-gdynia","status":"publish","type":"post","link":"https:\/\/przedszkole8.pl\/?p=15726","title":{"rendered":"Festyn z okazji Dnia Dziecka &#8211; Komenda Miejska Policji i Arka Gdynia"},"content":{"rendered":"\n<p>Poni\u017cej przekazujemy Pa\u0144stwu zaproszenie na uroczysto\u015bci zwi\u0105zane z Dniem Dziecka.<\/p>\n\n\n\n<p>Komenda Miejska Policji w Gdyni we wsp\u00f3\u0142pracy z Klubem Sportowym Arka Gdynia<br>serdecznie zaprasza wszystkie dzieci na&nbsp;<strong>festyn z okazji Dnia Dziecka<\/strong>,<br>kt\u00f3ry odb\u0119dzie si\u0119 31.05.2025 roku na Stadionie Narodowym Rugby przy ul. Kazimierza G\u00f3rskiego 10 w Gdyni.<\/p>\n\n\n\n<p>W programie przewidziano wiele atrakcji edukacyjnych i sportowych, m.in.:<\/p>\n\n\n\n<ul class=\"wp-block-list\">\n<li>Turniej pi\u0142ki no\u017cnej<\/li>\n\n\n\n<li>Pokaz technika kryminalistyki (zabezpieczanie odcisk\u00f3w palc\u00f3w i inne)<\/li>\n\n\n\n<li>Pokaz udzielania pierwszej pomocy<\/li>\n\n\n\n<li>Stanowiska z zadaniami sportowymi (kopanie pi\u0142ki do celu, \u017conglowanie, slalom)<\/li>\n\n\n\n<li>Pokaz tresury ps\u00f3w s\u0142u\u017cbowych<\/li>\n\n\n\n<li>Prezentacja sprz\u0119tu policyjnego (m.in. kamizelki, tarcze, narkogogle, alkogogle)<\/li>\n\n\n\n<li>Pokaz sprz\u0119tu Wydzia\u0142u Ruchu Drogowego (motocykl, samoch\u00f3d wypadkowy)<\/li>\n\n\n\n<li>Laserowa strzelnica<\/li>\n\n\n\n<li>Edukacyjna mata z przej\u015bciem dla pieszych<\/li>\n\n\n\n<li>Malowanie twarzy<\/li>\n\n\n\n<li>Dmucha\u0144ce<\/li>\n<\/ul>\n\n\n\n<p>Festyn to doskona\u0142a okazja, by w ciekawy i aktywny spos\u00f3b sp\u0119dzi\u0107 czas, a tak\u017ce lepiej pozna\u0107 codzienn\u0105 prac\u0119 policjant\u00f3w. Wydarzenie ma charakter edukacyjno-rozrywkowy i jest ca\u0142kowicie bezp\u0142atne.<\/p>\n\n\n\n<figure class=\"wp-block-image size-large\"><a href=\"https:\/\/i0.wp.com\/przedszkole8.pl\/wp-content\/uploads\/2025\/05\/festyn-jestem-kibicem-2025-podglad-1.jpg?ssl=1\"><img data-recalc-dims=\"1\" loading=\"lazy\" decoding=\"async\" width=\"550\" height=\"778\" data-attachment-id=\"15724\" data-permalink=\"https:\/\/przedszkole8.pl\/?attachment_id=15724\" data-orig-file=\"https:\/\/i0.wp.com\/przedszkole8.pl\/wp-content\/uploads\/2025\/05\/festyn-jestem-kibicem-2025-podglad-1.jpg?fit=794%2C1123&amp;ssl=1\" data-orig-size=\"794,1123\" data-comments-opened=\"0\" data-image-meta=\"{&quot;aperture&quot;:&quot;0&quot;,&quot;credit&quot;:&quot;&quot;,&quot;camera&quot;:&quot;&quot;,&quot;caption&quot;:&quot;&quot;,&quot;created_timestamp&quot;:&quot;0&quot;,&quot;copyright&quot;:&quot;&quot;,&quot;focal_length&quot;:&quot;0&quot;,&quot;iso&quot;:&quot;0&quot;,&quot;shutter_speed&quot;:&quot;0&quot;,&quot;title&quot;:&quot;&quot;,&quot;orientation&quot;:&quot;0&quot;}\" data-image-title=\"festyn-jestem-kibicem-2025-podglad\" data-image-description=\"\" data-image-caption=\"\" data-medium-file=\"https:\/\/i0.wp.com\/przedszkole8.pl\/wp-content\/uploads\/2025\/05\/festyn-jestem-kibicem-2025-podglad-1.jpg?fit=212%2C300&amp;ssl=1\" data-large-file=\"https:\/\/i0.wp.com\/przedszkole8.pl\/wp-content\/uploads\/2025\/05\/festyn-jestem-kibicem-2025-podglad-1.jpg?fit=550%2C778&amp;ssl=1\" src=\"https:\/\/i0.wp.com\/przedszkole8.pl\/wp-content\/uploads\/2025\/05\/festyn-jestem-kibicem-2025-podglad-1.jpg?resize=550%2C778&#038;ssl=1\" alt=\"\" class=\"wp-image-15724\" srcset=\"https:\/\/i0.wp.com\/przedszkole8.pl\/wp-content\/uploads\/2025\/05\/festyn-jestem-kibicem-2025-podglad-1.jpg?resize=724%2C1024&amp;ssl=1 724w, https:\/\/i0.wp.com\/przedszkole8.pl\/wp-content\/uploads\/2025\/05\/festyn-jestem-kibicem-2025-podglad-1.jpg?resize=212%2C300&amp;ssl=1 212w, https:\/\/i0.wp.com\/przedszkole8.pl\/wp-content\/uploads\/2025\/05\/festyn-jestem-kibicem-2025-podglad-1.jpg?resize=768%2C1086&amp;ssl=1 768w, https:\/\/i0.wp.com\/przedszkole8.pl\/wp-content\/uploads\/2025\/05\/festyn-jestem-kibicem-2025-podglad-1.jpg?w=794&amp;ssl=1 794w\" sizes=\"auto, (max-width: 550px) 100vw, 550px\" \/><\/a><\/figure>\n","protected":false},"excerpt":{"rendered":"<p>Poni\u017cej przekazujemy Pa\u0144stwu zaproszenie na uroczysto\u015bci zwi\u0105zane z Dniem Dziecka. Komenda Miejska Policji w Gdyni we wsp\u00f3\u0142pracy z Klubem Sportowym Arka Gdyniaserdecznie zaprasza wszystkie dzieci na&nbsp;festyn z okazji Dnia Dziecka,kt\u00f3ry odb\u0119dzie si\u0119 31.05.2025 roku na Stadionie Narodowym Rugby przy ul. Kazimierza G\u00f3rskiego 10 w Gdyni. W programie przewidziano wiele atrakcji edukacyjnych i sportowych, m.in.: Festyn<\/p>\n","protected":false},"author":1,"featured_media":0,"comment_status":"closed","ping_status":"closed","sticky":false,"template":"","format":"standard","meta":{"jetpack_post_was_ever_published":false,"_jetpack_newsletter_access":"","_jetpack_dont_email_post_to_subs":false,"_jetpack_newsletter_tier_id":0,"_jetpack_memberships_contains_paywalled_content":false,"_jetpack_memberships_contains_paid_content":false,"footnotes":"","jetpack_publicize_message":"","jetpack_publicize_feature_enabled":true,"jetpack_social_post_already_shared":true,"jetpack_social_options":{"image_generator_settings":{"template":"highway","default_image_id":0,"font":"","enabled":false},"version":2}},"categories":[16],"tags":[],"class_list":["post-15726","post","type-post","status-publish","format-standard","hentry","category-nowosci"],"jetpack_publicize_connections":[],"jetpack_featured_media_url":"","jetpack_sharing_enabled":true,"jetpack_shortlink":"https:\/\/wp.me\/p7NQjT-45E","jetpack-related-posts":[],"_links":{"self":[{"href":"https:\/\/przedszkole8.pl\/index.php?rest_route=\/wp\/v2\/posts\/15726","targetHints":{"allow":["GET"]}}],"collection":[{"href":"https:\/\/przedszkole8.pl\/index.php?rest_route=\/wp\/v2\/posts"}],"about":[{"href":"https:\/\/przedszkole8.pl\/index.php?rest_route=\/wp\/v2\/types\/post"}],"author":[{"embeddable":true,"href":"https:\/\/przedszkole8.pl\/index.php?rest_route=\/wp\/v2\/users\/1"}],"replies":[{"embeddable":true,"href":"https:\/\/przedszkole8.pl\/index.php?rest_route=%2Fwp%2Fv2%2Fcomments&post=15726"}],"version-history":[{"count":1,"href":"https:\/\/przedszkole8.pl\/index.php?rest_route=\/wp\/v2\/posts\/15726\/revisions"}],"predecessor-version":[{"id":15727,"href":"https:\/\/przedszkole8.pl\/index.php?rest_route=\/wp\/v2\/posts\/15726\/revisions\/15727"}],"wp:attachment":[{"href":"https:\/\/przedszkole8.pl\/index.php?rest_route=%2Fwp%2Fv2%2Fmedia&parent=15726"}],"wp:term":[{"taxonomy":"category","embeddable":true,"href":"https:\/\/przedszkole8.pl\/index.php?rest_route=%2Fwp%2Fv2%2Fcategories&post=15726"},{"taxonomy":"post_tag","embeddable":true,"href":"https:\/\/przedszkole8.pl\/index.php?rest_route=%2Fwp%2Fv2%2Ftags&post=15726"}],"curies":[{"name":"wp","href":"https:\/\/api.w.org\/{rel}","templated":true}]}}