{"id":15720,"date":"2025-05-29T08:55:15","date_gmt":"2025-05-29T08:55:15","guid":{"rendered":"https:\/\/przedszkole8.pl\/?p=15720"},"modified":"2025-05-29T08:55:40","modified_gmt":"2025-05-29T08:55:40","slug":"ognisko-u-niedzwiadkow","status":"publish","type":"post","link":"https:\/\/przedszkole8.pl\/?p=15720","title":{"rendered":"Ognisko u Nied\u017awiadk\u00f3w"},"content":{"rendered":"\n<p>28 maja odby\u0142y si\u0119 rodzinne warsztaty w grupie Nied\u017awiadk\u00f3w. By\u0142o ognisko, wsp\u00f3lne \u015bpiewy i bardzo mi\u0142o sp\u0119dzony czas w gronie znajomych, przyjaci\u00f3\u0142 i rodziny. Dzi\u0119kujemy wszystkim Rodzicom za liczn\u0105 obecno\u015b\u0107 i wsp\u00f3lnie sp\u0119dzone magiczne chwile.<\/p>\n\n\n<div class=\"wp-block-image\">\n<figure class=\"aligncenter size-large is-resized\"><a href=\"https:\/\/i0.wp.com\/przedszkole8.pl\/wp-content\/uploads\/2025\/05\/blazing-bonfire-fiery-image-campfire.png?ssl=1\"><img data-recalc-dims=\"1\" loading=\"lazy\" decoding=\"async\" width=\"550\" height=\"550\" data-attachment-id=\"15719\" data-permalink=\"https:\/\/przedszkole8.pl\/?attachment_id=15719\" data-orig-file=\"https:\/\/i0.wp.com\/przedszkole8.pl\/wp-content\/uploads\/2025\/05\/blazing-bonfire-fiery-image-campfire.png?fit=2000%2C2000&amp;ssl=1\" data-orig-size=\"2000,2000\" data-comments-opened=\"0\" data-image-meta=\"{&quot;aperture&quot;:&quot;0&quot;,&quot;credit&quot;:&quot;&quot;,&quot;camera&quot;:&quot;&quot;,&quot;caption&quot;:&quot;&quot;,&quot;created_timestamp&quot;:&quot;0&quot;,&quot;copyright&quot;:&quot;&quot;,&quot;focal_length&quot;:&quot;0&quot;,&quot;iso&quot;:&quot;0&quot;,&quot;shutter_speed&quot;:&quot;0&quot;,&quot;title&quot;:&quot;&quot;,&quot;orientation&quot;:&quot;0&quot;}\" data-image-title=\"blazing-bonfire-fiery-image-campfire\" data-image-description=\"\" data-image-caption=\"\" data-medium-file=\"https:\/\/i0.wp.com\/przedszkole8.pl\/wp-content\/uploads\/2025\/05\/blazing-bonfire-fiery-image-campfire.png?fit=300%2C300&amp;ssl=1\" data-large-file=\"https:\/\/i0.wp.com\/przedszkole8.pl\/wp-content\/uploads\/2025\/05\/blazing-bonfire-fiery-image-campfire.png?fit=550%2C550&amp;ssl=1\" src=\"https:\/\/i0.wp.com\/przedszkole8.pl\/wp-content\/uploads\/2025\/05\/blazing-bonfire-fiery-image-campfire.png?resize=550%2C550&#038;ssl=1\" alt=\"\" class=\"wp-image-15719\" style=\"width:237px;height:auto\" srcset=\"https:\/\/i0.wp.com\/przedszkole8.pl\/wp-content\/uploads\/2025\/05\/blazing-bonfire-fiery-image-campfire.png?resize=1024%2C1024&amp;ssl=1 1024w, https:\/\/i0.wp.com\/przedszkole8.pl\/wp-content\/uploads\/2025\/05\/blazing-bonfire-fiery-image-campfire.png?resize=300%2C300&amp;ssl=1 300w, https:\/\/i0.wp.com\/przedszkole8.pl\/wp-content\/uploads\/2025\/05\/blazing-bonfire-fiery-image-campfire.png?resize=150%2C150&amp;ssl=1 150w, https:\/\/i0.wp.com\/przedszkole8.pl\/wp-content\/uploads\/2025\/05\/blazing-bonfire-fiery-image-campfire.png?resize=768%2C768&amp;ssl=1 768w, https:\/\/i0.wp.com\/przedszkole8.pl\/wp-content\/uploads\/2025\/05\/blazing-bonfire-fiery-image-campfire.png?resize=1536%2C1536&amp;ssl=1 1536w, https:\/\/i0.wp.com\/przedszkole8.pl\/wp-content\/uploads\/2025\/05\/blazing-bonfire-fiery-image-campfire.png?w=2000&amp;ssl=1 2000w, https:\/\/i0.wp.com\/przedszkole8.pl\/wp-content\/uploads\/2025\/05\/blazing-bonfire-fiery-image-campfire.png?w=1100&amp;ssl=1 1100w, https:\/\/i0.wp.com\/przedszkole8.pl\/wp-content\/uploads\/2025\/05\/blazing-bonfire-fiery-image-campfire.png?w=1650&amp;ssl=1 1650w\" sizes=\"auto, (max-width: 550px) 100vw, 550px\" \/><\/a><\/figure><\/div>","protected":false},"excerpt":{"rendered":"<p>28 maja odby\u0142y si\u0119 rodzinne warsztaty w grupie Nied\u017awiadk\u00f3w. By\u0142o ognisko, wsp\u00f3lne \u015bpiewy i bardzo mi\u0142o sp\u0119dzony czas w gronie znajomych, przyjaci\u00f3\u0142 i rodziny. Dzi\u0119kujemy wszystkim Rodzicom za liczn\u0105 obecno\u015b\u0107 i wsp\u00f3lnie sp\u0119dzone magiczne chwile.<\/p>\n","protected":false},"author":24,"featured_media":0,"comment_status":"closed","ping_status":"closed","sticky":false,"template":"","format":"standard","meta":{"jetpack_post_was_ever_published":false,"_jetpack_newsletter_access":"","_jetpack_dont_email_post_to_subs":false,"_jetpack_newsletter_tier_id":0,"_jetpack_memberships_contains_paywalled_content":false,"_jetpack_memberships_contains_paid_content":false,"footnotes":"","jetpack_publicize_message":"","jetpack_publicize_feature_enabled":true,"jetpack_social_post_already_shared":true,"jetpack_social_options":{"image_generator_settings":{"template":"highway","default_image_id":0,"font":"","enabled":false},"version":2}},"categories":[52],"tags":[],"class_list":["post-15720","post","type-post","status-publish","format-standard","hentry","category-niedzwiadki-24-25"],"jetpack_publicize_connections":[],"jetpack_featured_media_url":"","jetpack_sharing_enabled":true,"jetpack_shortlink":"https:\/\/wp.me\/p7NQjT-45y","jetpack-related-posts":[],"_links":{"self":[{"href":"https:\/\/przedszkole8.pl\/index.php?rest_route=\/wp\/v2\/posts\/15720","targetHints":{"allow":["GET"]}}],"collection":[{"href":"https:\/\/przedszkole8.pl\/index.php?rest_route=\/wp\/v2\/posts"}],"about":[{"href":"https:\/\/przedszkole8.pl\/index.php?rest_route=\/wp\/v2\/types\/post"}],"author":[{"embeddable":true,"href":"https:\/\/przedszkole8.pl\/index.php?rest_route=\/wp\/v2\/users\/24"}],"replies":[{"embeddable":true,"href":"https:\/\/przedszkole8.pl\/index.php?rest_route=%2Fwp%2Fv2%2Fcomments&post=15720"}],"version-history":[{"count":2,"href":"https:\/\/przedszkole8.pl\/index.php?rest_route=\/wp\/v2\/posts\/15720\/revisions"}],"predecessor-version":[{"id":15722,"href":"https:\/\/przedszkole8.pl\/index.php?rest_route=\/wp\/v2\/posts\/15720\/revisions\/15722"}],"wp:attachment":[{"href":"https:\/\/przedszkole8.pl\/index.php?rest_route=%2Fwp%2Fv2%2Fmedia&parent=15720"}],"wp:term":[{"taxonomy":"category","embeddable":true,"href":"https:\/\/przedszkole8.pl\/index.php?rest_route=%2Fwp%2Fv2%2Fcategories&post=15720"},{"taxonomy":"post_tag","embeddable":true,"href":"https:\/\/przedszkole8.pl\/index.php?rest_route=%2Fwp%2Fv2%2Ftags&post=15720"}],"curies":[{"name":"wp","href":"https:\/\/api.w.org\/{rel}","templated":true}]}}