{"id":15638,"date":"2025-04-24T17:38:30","date_gmt":"2025-04-24T17:38:30","guid":{"rendered":"https:\/\/przedszkole8.pl\/?p=15638"},"modified":"2025-04-24T18:11:24","modified_gmt":"2025-04-24T18:11:24","slug":"gdynia-na-fali-4","status":"publish","type":"post","link":"https:\/\/przedszkole8.pl\/?p=15638","title":{"rendered":"Gdynia na Fali"},"content":{"rendered":"\n<p>W czwartek 24 kwietnia uczestniczyli\u015bmy w warsztatach z cyklu &#8222;Gdynia Na Fali&#8221;. Zorganizowane przy wsp\u00f3\u0142pracy Gdy\u0144skiego Centrum Sportu z trenerami z Yacht Klubu Stal Gdynia zaj\u0119cia przybli\u017cy\u0142y nam sport, jakim jest \u017ceglarstwo, oraz pozwoli\u0142y na poznanie zasad bezpiecze\u0144stwa obowi\u0105zuj\u0105cych w czasie odpoczynku, zabawy i aktywno\u015bci nad wod\u0105. Zapoznali\u015bmy si\u0119 dok\u0142adnie z budow\u0105 \u0142\u00f3dki regatowej typu Optimist, z bliska obejrzeli\u015bmy SUPa, zobaczyli\u015bmy jak wygl\u0105da zwyk\u0142a piankowa kamizelka ratunkowa oraz jak dzia\u0142a automatycznie nadmuchuj\u0105ca si\u0119 kamizelka. Poznali\u015bmy tak\u017ce zasady k\u0105pieli w morzu oraz poznali\u015bmy numer ratunkowy do WOPR. Mieli\u015bmy tak\u017ce okazj\u0119 zaobserwowa\u0107, jak dzia\u0142a ratunkowa flara sygnalizacyjna oraz \u015bwieca dymna.<\/p>\n\n\n\n<figure class=\"wp-block-gallery has-nested-images columns-default is-cropped wp-block-gallery-1 is-layout-flex wp-block-gallery-is-layout-flex\">\n<figure class=\"wp-block-image size-large\"><a href=\"https:\/\/i0.wp.com\/przedszkole8.pl\/wp-content\/uploads\/2025\/04\/20250424_093642-scaled.jpg?ssl=1\"><img data-recalc-dims=\"1\" loading=\"lazy\" decoding=\"async\" width=\"550\" height=\"978\" data-attachment-id=\"15622\" data-permalink=\"https:\/\/przedszkole8.pl\/?attachment_id=15622\" data-orig-file=\"https:\/\/i0.wp.com\/przedszkole8.pl\/wp-content\/uploads\/2025\/04\/20250424_093642-scaled.jpg?fit=1440%2C2560&amp;ssl=1\" data-orig-size=\"1440,2560\" data-comments-opened=\"0\" data-image-meta=\"{&quot;aperture&quot;:&quot;1.7&quot;,&quot;credit&quot;:&quot;&quot;,&quot;camera&quot;:&quot;SM-A405FN&quot;,&quot;caption&quot;:&quot;&quot;,&quot;created_timestamp&quot;:&quot;1745487402&quot;,&quot;copyright&quot;:&quot;&quot;,&quot;focal_length&quot;:&quot;3.92&quot;,&quot;iso&quot;:&quot;40&quot;,&quot;shutter_speed&quot;:&quot;0.0015873015873016&quot;,&quot;title&quot;:&quot;&quot;,&quot;orientation&quot;:&quot;1&quot;}\" data-image-title=\"20250424_093642\" data-image-description=\"\" data-image-caption=\"\" data-medium-file=\"https:\/\/i0.wp.com\/przedszkole8.pl\/wp-content\/uploads\/2025\/04\/20250424_093642-scaled.jpg?fit=169%2C300&amp;ssl=1\" data-large-file=\"https:\/\/i0.wp.com\/przedszkole8.pl\/wp-content\/uploads\/2025\/04\/20250424_093642-scaled.jpg?fit=550%2C978&amp;ssl=1\" data-id=\"15622\" src=\"https:\/\/i0.wp.com\/przedszkole8.pl\/wp-content\/uploads\/2025\/04\/20250424_093642.jpg?resize=550%2C978&#038;ssl=1\" alt=\"\" class=\"wp-image-15622\" srcset=\"https:\/\/i0.wp.com\/przedszkole8.pl\/wp-content\/uploads\/2025\/04\/20250424_093642-scaled.jpg?resize=576%2C1024&amp;ssl=1 576w, https:\/\/i0.wp.com\/przedszkole8.pl\/wp-content\/uploads\/2025\/04\/20250424_093642-scaled.jpg?resize=169%2C300&amp;ssl=1 169w, https:\/\/i0.wp.com\/przedszkole8.pl\/wp-content\/uploads\/2025\/04\/20250424_093642-scaled.jpg?resize=768%2C1365&amp;ssl=1 768w, https:\/\/i0.wp.com\/przedszkole8.pl\/wp-content\/uploads\/2025\/04\/20250424_093642-scaled.jpg?resize=864%2C1536&amp;ssl=1 864w, https:\/\/i0.wp.com\/przedszkole8.pl\/wp-content\/uploads\/2025\/04\/20250424_093642-scaled.jpg?resize=1152%2C2048&amp;ssl=1 1152w, https:\/\/i0.wp.com\/przedszkole8.pl\/wp-content\/uploads\/2025\/04\/20250424_093642-scaled.jpg?w=1440&amp;ssl=1 1440w, https:\/\/i0.wp.com\/przedszkole8.pl\/wp-content\/uploads\/2025\/04\/20250424_093642-scaled.jpg?w=1100&amp;ssl=1 1100w\" sizes=\"auto, (max-width: 550px) 100vw, 550px\" \/><\/a><\/figure>\n\n\n\n<figure class=\"wp-block-image size-large\"><a href=\"https:\/\/i0.wp.com\/przedszkole8.pl\/wp-content\/uploads\/2025\/04\/20250424_095042-scaled.jpg?ssl=1\"><img data-recalc-dims=\"1\" loading=\"lazy\" decoding=\"async\" width=\"550\" height=\"978\" data-attachment-id=\"15621\" data-permalink=\"https:\/\/przedszkole8.pl\/?attachment_id=15621\" data-orig-file=\"https:\/\/i0.wp.com\/przedszkole8.pl\/wp-content\/uploads\/2025\/04\/20250424_095042-scaled.jpg?fit=1440%2C2560&amp;ssl=1\" data-orig-size=\"1440,2560\" data-comments-opened=\"0\" data-image-meta=\"{&quot;aperture&quot;:&quot;1.7&quot;,&quot;credit&quot;:&quot;&quot;,&quot;camera&quot;:&quot;SM-A405FN&quot;,&quot;caption&quot;:&quot;&quot;,&quot;created_timestamp&quot;:&quot;1745488241&quot;,&quot;copyright&quot;:&quot;&quot;,&quot;focal_length&quot;:&quot;3.92&quot;,&quot;iso&quot;:&quot;40&quot;,&quot;shutter_speed&quot;:&quot;0.0014947683109118&quot;,&quot;title&quot;:&quot;&quot;,&quot;orientation&quot;:&quot;1&quot;}\" data-image-title=\"20250424_095042\" data-image-description=\"\" data-image-caption=\"\" data-medium-file=\"https:\/\/i0.wp.com\/przedszkole8.pl\/wp-content\/uploads\/2025\/04\/20250424_095042-scaled.jpg?fit=169%2C300&amp;ssl=1\" data-large-file=\"https:\/\/i0.wp.com\/przedszkole8.pl\/wp-content\/uploads\/2025\/04\/20250424_095042-scaled.jpg?fit=550%2C978&amp;ssl=1\" data-id=\"15621\" src=\"https:\/\/i0.wp.com\/przedszkole8.pl\/wp-content\/uploads\/2025\/04\/20250424_095042.jpg?resize=550%2C978&#038;ssl=1\" alt=\"\" class=\"wp-image-15621\" srcset=\"https:\/\/i0.wp.com\/przedszkole8.pl\/wp-content\/uploads\/2025\/04\/20250424_095042-scaled.jpg?resize=576%2C1024&amp;ssl=1 576w, https:\/\/i0.wp.com\/przedszkole8.pl\/wp-content\/uploads\/2025\/04\/20250424_095042-scaled.jpg?resize=169%2C300&amp;ssl=1 169w, https:\/\/i0.wp.com\/przedszkole8.pl\/wp-content\/uploads\/2025\/04\/20250424_095042-scaled.jpg?resize=768%2C1365&amp;ssl=1 768w, https:\/\/i0.wp.com\/przedszkole8.pl\/wp-content\/uploads\/2025\/04\/20250424_095042-scaled.jpg?resize=864%2C1536&amp;ssl=1 864w, https:\/\/i0.wp.com\/przedszkole8.pl\/wp-content\/uploads\/2025\/04\/20250424_095042-scaled.jpg?resize=1152%2C2048&amp;ssl=1 1152w, https:\/\/i0.wp.com\/przedszkole8.pl\/wp-content\/uploads\/2025\/04\/20250424_095042-scaled.jpg?w=1440&amp;ssl=1 1440w, https:\/\/i0.wp.com\/przedszkole8.pl\/wp-content\/uploads\/2025\/04\/20250424_095042-scaled.jpg?w=1100&amp;ssl=1 1100w\" sizes=\"auto, (max-width: 550px) 100vw, 550px\" \/><\/a><\/figure>\n\n\n\n<figure class=\"wp-block-image size-large\"><a href=\"https:\/\/i0.wp.com\/przedszkole8.pl\/wp-content\/uploads\/2025\/04\/20250424_101928-scaled.jpg?ssl=1\"><img data-recalc-dims=\"1\" loading=\"lazy\" decoding=\"async\" width=\"550\" height=\"309\" data-attachment-id=\"15620\" data-permalink=\"https:\/\/przedszkole8.pl\/?attachment_id=15620\" data-orig-file=\"https:\/\/i0.wp.com\/przedszkole8.pl\/wp-content\/uploads\/2025\/04\/20250424_101928-scaled.jpg?fit=2560%2C1440&amp;ssl=1\" data-orig-size=\"2560,1440\" data-comments-opened=\"0\" data-image-meta=\"{&quot;aperture&quot;:&quot;1.7&quot;,&quot;credit&quot;:&quot;&quot;,&quot;camera&quot;:&quot;SM-A405FN&quot;,&quot;caption&quot;:&quot;&quot;,&quot;created_timestamp&quot;:&quot;1745489967&quot;,&quot;copyright&quot;:&quot;&quot;,&quot;focal_length&quot;:&quot;3.92&quot;,&quot;iso&quot;:&quot;40&quot;,&quot;shutter_speed&quot;:&quot;0.00032499187520312&quot;,&quot;title&quot;:&quot;&quot;,&quot;orientation&quot;:&quot;1&quot;}\" data-image-title=\"20250424_101928\" data-image-description=\"\" data-image-caption=\"\" data-medium-file=\"https:\/\/i0.wp.com\/przedszkole8.pl\/wp-content\/uploads\/2025\/04\/20250424_101928-scaled.jpg?fit=300%2C169&amp;ssl=1\" data-large-file=\"https:\/\/i0.wp.com\/przedszkole8.pl\/wp-content\/uploads\/2025\/04\/20250424_101928-scaled.jpg?fit=550%2C309&amp;ssl=1\" data-id=\"15620\" src=\"https:\/\/i0.wp.com\/przedszkole8.pl\/wp-content\/uploads\/2025\/04\/20250424_101928.jpg?resize=550%2C309&#038;ssl=1\" alt=\"\" class=\"wp-image-15620\" srcset=\"https:\/\/i0.wp.com\/przedszkole8.pl\/wp-content\/uploads\/2025\/04\/20250424_101928-scaled.jpg?resize=1024%2C576&amp;ssl=1 1024w, https:\/\/i0.wp.com\/przedszkole8.pl\/wp-content\/uploads\/2025\/04\/20250424_101928-scaled.jpg?resize=300%2C169&amp;ssl=1 300w, https:\/\/i0.wp.com\/przedszkole8.pl\/wp-content\/uploads\/2025\/04\/20250424_101928-scaled.jpg?resize=768%2C432&amp;ssl=1 768w, https:\/\/i0.wp.com\/przedszkole8.pl\/wp-content\/uploads\/2025\/04\/20250424_101928-scaled.jpg?resize=1536%2C864&amp;ssl=1 1536w, https:\/\/i0.wp.com\/przedszkole8.pl\/wp-content\/uploads\/2025\/04\/20250424_101928-scaled.jpg?resize=2048%2C1152&amp;ssl=1 2048w, https:\/\/i0.wp.com\/przedszkole8.pl\/wp-content\/uploads\/2025\/04\/20250424_101928-scaled.jpg?w=1100&amp;ssl=1 1100w, https:\/\/i0.wp.com\/przedszkole8.pl\/wp-content\/uploads\/2025\/04\/20250424_101928-scaled.jpg?w=1650&amp;ssl=1 1650w\" sizes=\"auto, (max-width: 550px) 100vw, 550px\" \/><\/a><\/figure>\n<\/figure>\n\n\n\n<figure class=\"wp-block-image size-large is-resized\"><a href=\"https:\/\/gdyniasport.pl\/pl\/projekty\/gdynia-na-fali\"><img data-recalc-dims=\"1\" loading=\"lazy\" decoding=\"async\" width=\"550\" height=\"290\" data-attachment-id=\"15627\" data-permalink=\"https:\/\/przedszkole8.pl\/?attachment_id=15627\" data-orig-file=\"https:\/\/i0.wp.com\/przedszkole8.pl\/wp-content\/uploads\/2025\/04\/GDYNIA_SAILING_TEAM_i_Gdynia_Na_Fali_-_OSTAECZNE_LOGOTYPY_PENE_wersja_13-page-006.jpg?fit=2438%2C1285&amp;ssl=1\" data-orig-size=\"2438,1285\" data-comments-opened=\"0\" data-image-meta=\"{&quot;aperture&quot;:&quot;0&quot;,&quot;credit&quot;:&quot;&quot;,&quot;camera&quot;:&quot;&quot;,&quot;caption&quot;:&quot;&quot;,&quot;created_timestamp&quot;:&quot;0&quot;,&quot;copyright&quot;:&quot;&quot;,&quot;focal_length&quot;:&quot;0&quot;,&quot;iso&quot;:&quot;0&quot;,&quot;shutter_speed&quot;:&quot;0&quot;,&quot;title&quot;:&quot;&quot;,&quot;orientation&quot;:&quot;0&quot;}\" data-image-title=\"GDYNIA_SAILING_TEAM_i_Gdynia_Na_Fali_-_OSTAECZNE_LOGOTYPY_PENE_wersja_13-page-006\" data-image-description=\"\" data-image-caption=\"\" data-medium-file=\"https:\/\/i0.wp.com\/przedszkole8.pl\/wp-content\/uploads\/2025\/04\/GDYNIA_SAILING_TEAM_i_Gdynia_Na_Fali_-_OSTAECZNE_LOGOTYPY_PENE_wersja_13-page-006.jpg?fit=300%2C158&amp;ssl=1\" data-large-file=\"https:\/\/i0.wp.com\/przedszkole8.pl\/wp-content\/uploads\/2025\/04\/GDYNIA_SAILING_TEAM_i_Gdynia_Na_Fali_-_OSTAECZNE_LOGOTYPY_PENE_wersja_13-page-006.jpg?fit=550%2C290&amp;ssl=1\" src=\"https:\/\/i0.wp.com\/przedszkole8.pl\/wp-content\/uploads\/2025\/04\/GDYNIA_SAILING_TEAM_i_Gdynia_Na_Fali_-_OSTAECZNE_LOGOTYPY_PENE_wersja_13-page-006.jpg?resize=550%2C290&#038;ssl=1\" alt=\"\" class=\"wp-image-15627\" style=\"width:838px;height:auto\" srcset=\"https:\/\/i0.wp.com\/przedszkole8.pl\/wp-content\/uploads\/2025\/04\/GDYNIA_SAILING_TEAM_i_Gdynia_Na_Fali_-_OSTAECZNE_LOGOTYPY_PENE_wersja_13-page-006.jpg?resize=1024%2C540&amp;ssl=1 1024w, https:\/\/i0.wp.com\/przedszkole8.pl\/wp-content\/uploads\/2025\/04\/GDYNIA_SAILING_TEAM_i_Gdynia_Na_Fali_-_OSTAECZNE_LOGOTYPY_PENE_wersja_13-page-006.jpg?resize=300%2C158&amp;ssl=1 300w, https:\/\/i0.wp.com\/przedszkole8.pl\/wp-content\/uploads\/2025\/04\/GDYNIA_SAILING_TEAM_i_Gdynia_Na_Fali_-_OSTAECZNE_LOGOTYPY_PENE_wersja_13-page-006.jpg?resize=768%2C405&amp;ssl=1 768w, https:\/\/i0.wp.com\/przedszkole8.pl\/wp-content\/uploads\/2025\/04\/GDYNIA_SAILING_TEAM_i_Gdynia_Na_Fali_-_OSTAECZNE_LOGOTYPY_PENE_wersja_13-page-006.jpg?resize=1536%2C810&amp;ssl=1 1536w, https:\/\/i0.wp.com\/przedszkole8.pl\/wp-content\/uploads\/2025\/04\/GDYNIA_SAILING_TEAM_i_Gdynia_Na_Fali_-_OSTAECZNE_LOGOTYPY_PENE_wersja_13-page-006.jpg?resize=2048%2C1079&amp;ssl=1 2048w, https:\/\/i0.wp.com\/przedszkole8.pl\/wp-content\/uploads\/2025\/04\/GDYNIA_SAILING_TEAM_i_Gdynia_Na_Fali_-_OSTAECZNE_LOGOTYPY_PENE_wersja_13-page-006.jpg?w=1100&amp;ssl=1 1100w, https:\/\/i0.wp.com\/przedszkole8.pl\/wp-content\/uploads\/2025\/04\/GDYNIA_SAILING_TEAM_i_Gdynia_Na_Fali_-_OSTAECZNE_LOGOTYPY_PENE_wersja_13-page-006.jpg?w=1650&amp;ssl=1 1650w\" sizes=\"auto, (max-width: 550px) 100vw, 550px\" \/><\/a><\/figure>\n","protected":false},"excerpt":{"rendered":"<p>W czwartek 24 kwietnia uczestniczyli\u015bmy w warsztatach z cyklu &#8222;Gdynia Na Fali&#8221;. Zorganizowane przy wsp\u00f3\u0142pracy Gdy\u0144skiego Centrum Sportu z trenerami z Yacht Klubu Stal Gdynia zaj\u0119cia przybli\u017cy\u0142y nam sport, jakim jest \u017ceglarstwo, oraz pozwoli\u0142y na poznanie zasad bezpiecze\u0144stwa obowi\u0105zuj\u0105cych w czasie odpoczynku, zabawy i aktywno\u015bci nad wod\u0105. Zapoznali\u015bmy si\u0119 dok\u0142adnie z budow\u0105 \u0142\u00f3dki regatowej typu<\/p>\n","protected":false},"author":24,"featured_media":0,"comment_status":"closed","ping_status":"closed","sticky":false,"template":"","format":"standard","meta":{"jetpack_post_was_ever_published":false,"_jetpack_newsletter_access":"","_jetpack_dont_email_post_to_subs":false,"_jetpack_newsletter_tier_id":0,"_jetpack_memberships_contains_paywalled_content":false,"_jetpack_memberships_contains_paid_content":false,"footnotes":"","jetpack_publicize_message":"","jetpack_publicize_feature_enabled":true,"jetpack_social_post_already_shared":true,"jetpack_social_options":{"image_generator_settings":{"template":"highway","default_image_id":0,"font":"","enabled":false},"version":2}},"categories":[52],"tags":[],"class_list":["post-15638","post","type-post","status-publish","format-standard","hentry","category-niedzwiadki-24-25"],"jetpack_publicize_connections":[],"jetpack_featured_media_url":"","jetpack_sharing_enabled":true,"jetpack_shortlink":"https:\/\/wp.me\/p7NQjT-44e","jetpack-related-posts":[],"_links":{"self":[{"href":"https:\/\/przedszkole8.pl\/index.php?rest_route=\/wp\/v2\/posts\/15638","targetHints":{"allow":["GET"]}}],"collection":[{"href":"https:\/\/przedszkole8.pl\/index.php?rest_route=\/wp\/v2\/posts"}],"about":[{"href":"https:\/\/przedszkole8.pl\/index.php?rest_route=\/wp\/v2\/types\/post"}],"author":[{"embeddable":true,"href":"https:\/\/przedszkole8.pl\/index.php?rest_route=\/wp\/v2\/users\/24"}],"replies":[{"embeddable":true,"href":"https:\/\/przedszkole8.pl\/index.php?rest_route=%2Fwp%2Fv2%2Fcomments&post=15638"}],"version-history":[{"count":4,"href":"https:\/\/przedszkole8.pl\/index.php?rest_route=\/wp\/v2\/posts\/15638\/revisions"}],"predecessor-version":[{"id":15644,"href":"https:\/\/przedszkole8.pl\/index.php?rest_route=\/wp\/v2\/posts\/15638\/revisions\/15644"}],"wp:attachment":[{"href":"https:\/\/przedszkole8.pl\/index.php?rest_route=%2Fwp%2Fv2%2Fmedia&parent=15638"}],"wp:term":[{"taxonomy":"category","embeddable":true,"href":"https:\/\/przedszkole8.pl\/index.php?rest_route=%2Fwp%2Fv2%2Fcategories&post=15638"},{"taxonomy":"post_tag","embeddable":true,"href":"https:\/\/przedszkole8.pl\/index.php?rest_route=%2Fwp%2Fv2%2Ftags&post=15638"}],"curies":[{"name":"wp","href":"https:\/\/api.w.org\/{rel}","templated":true}]}}