{"id":15596,"date":"2025-04-14T07:12:07","date_gmt":"2025-04-14T07:12:07","guid":{"rendered":"https:\/\/przedszkole8.pl\/?p=15596"},"modified":"2025-04-14T07:12:09","modified_gmt":"2025-04-14T07:12:09","slug":"deklaracje-na-wakacje","status":"publish","type":"post","link":"https:\/\/przedszkole8.pl\/?p=15596","title":{"rendered":"Deklaracje na wakacje"},"content":{"rendered":"\n<p>W dniach <strong>14.-25.04.2025<\/strong> r. u nauczycielek poszczeg\u00f3lnych grup b\u0119dzie mo\u017cna z\u0142o\u017cy\u0107 <strong>deklaracj\u0119 na wakacje<\/strong>. Przypominamy, \u017ce w tym roku nasze przedszkole jest <strong>zamkni\u0119te w sierpniu<\/strong>.<\/p>\n\n\n\n<p>Rodzice potrzebuj\u0105cy miejsca dla swojego dziecka w innym przedszkolu proszeni s\u0105 o zg\u0142oszenie tego na adres przedszkole@p8.edu.gdynia.pl Prosimy poda\u0107 w mailu, w jakich tygodniach sierpnia potrzebuj\u0105 Pa\u0144stwo opieki nad dzieckiem.<\/p>\n\n\n\n<p><strong>Ze wzgl\u0119du na bardzo ograniczon\u0105 ilo\u015b\u0107 miejsc w Przedszkolu nr 36 o przyj\u0119ciu na sierpie\u0144 decyduje kolejno\u015b\u0107 zg\u0142osze\u0144.<\/strong> W przypadku braku miejsc w Przedszkolu nr 36 mog\u0105 Pa\u0144stwo szuka\u0107 miejsca dla dziecka samodzielnie.<\/p>\n","protected":false},"excerpt":{"rendered":"<p>W dniach 14.-25.04.2025 r. u nauczycielek poszczeg\u00f3lnych grup b\u0119dzie mo\u017cna z\u0142o\u017cy\u0107 deklaracj\u0119 na wakacje. Przypominamy, \u017ce w tym roku nasze przedszkole jest zamkni\u0119te w sierpniu. Rodzice potrzebuj\u0105cy miejsca dla swojego dziecka w innym przedszkolu proszeni s\u0105 o zg\u0142oszenie tego na adres przedszkole@p8.edu.gdynia.pl Prosimy poda\u0107 w mailu, w jakich tygodniach sierpnia potrzebuj\u0105 Pa\u0144stwo opieki nad dzieckiem.<\/p>\n","protected":false},"author":1,"featured_media":0,"comment_status":"closed","ping_status":"closed","sticky":false,"template":"","format":"standard","meta":{"jetpack_post_was_ever_published":false,"_jetpack_newsletter_access":"","_jetpack_dont_email_post_to_subs":false,"_jetpack_newsletter_tier_id":0,"_jetpack_memberships_contains_paywalled_content":false,"_jetpack_memberships_contains_paid_content":false,"footnotes":"","jetpack_publicize_message":"","jetpack_publicize_feature_enabled":true,"jetpack_social_post_already_shared":true,"jetpack_social_options":{"image_generator_settings":{"template":"highway","default_image_id":0,"font":"","enabled":false},"version":2}},"categories":[16],"tags":[],"class_list":["post-15596","post","type-post","status-publish","format-standard","hentry","category-nowosci"],"jetpack_publicize_connections":[],"jetpack_featured_media_url":"","jetpack_sharing_enabled":true,"jetpack_shortlink":"https:\/\/wp.me\/p7NQjT-43y","jetpack-related-posts":[],"_links":{"self":[{"href":"https:\/\/przedszkole8.pl\/index.php?rest_route=\/wp\/v2\/posts\/15596","targetHints":{"allow":["GET"]}}],"collection":[{"href":"https:\/\/przedszkole8.pl\/index.php?rest_route=\/wp\/v2\/posts"}],"about":[{"href":"https:\/\/przedszkole8.pl\/index.php?rest_route=\/wp\/v2\/types\/post"}],"author":[{"embeddable":true,"href":"https:\/\/przedszkole8.pl\/index.php?rest_route=\/wp\/v2\/users\/1"}],"replies":[{"embeddable":true,"href":"https:\/\/przedszkole8.pl\/index.php?rest_route=%2Fwp%2Fv2%2Fcomments&post=15596"}],"version-history":[{"count":1,"href":"https:\/\/przedszkole8.pl\/index.php?rest_route=\/wp\/v2\/posts\/15596\/revisions"}],"predecessor-version":[{"id":15597,"href":"https:\/\/przedszkole8.pl\/index.php?rest_route=\/wp\/v2\/posts\/15596\/revisions\/15597"}],"wp:attachment":[{"href":"https:\/\/przedszkole8.pl\/index.php?rest_route=%2Fwp%2Fv2%2Fmedia&parent=15596"}],"wp:term":[{"taxonomy":"category","embeddable":true,"href":"https:\/\/przedszkole8.pl\/index.php?rest_route=%2Fwp%2Fv2%2Fcategories&post=15596"},{"taxonomy":"post_tag","embeddable":true,"href":"https:\/\/przedszkole8.pl\/index.php?rest_route=%2Fwp%2Fv2%2Ftags&post=15596"}],"curies":[{"name":"wp","href":"https:\/\/api.w.org\/{rel}","templated":true}]}}