{"id":15594,"date":"2025-04-12T19:41:35","date_gmt":"2025-04-12T19:41:35","guid":{"rendered":"https:\/\/przedszkole8.pl\/?p=15594"},"modified":"2025-04-12T19:41:36","modified_gmt":"2025-04-12T19:41:36","slug":"kolorowy-tydzien-zdrowia-czytanie-na-dywanie","status":"publish","type":"post","link":"https:\/\/przedszkole8.pl\/?p=15594","title":{"rendered":"Kolorowy tydzie\u0144 zdrowia + Czytanie na dywanie"},"content":{"rendered":"\n<p>W\u0142a\u015bnie sko\u0144czyli\u015bmy obchodzi\u0107 \u201eKolorowy Tydzie\u0144 Zdrowia\u201d. Nasz tydzie\u0144 by\u0142 bardzo pracowity i przepe\u0142niony witaminami. Ka\u017cdego dnia obowi\u0105zywa\u0142 inny kolor ubrania. <\/p>\n\n\n\n<p><strong>Poniedzia\u0142ek 07.04 \u2013 ,,\u015aWIATOWY DZIE\u0143 ZDROWIA&#8221; &#8211; kolor niebieski<\/strong><\/p>\n\n\n\n<p>Gimnastyka w sali przedszkolnej z wykorzystaniem przybor\u00f3w sportowych.<\/p>\n\n\n\n<p>Nauka o tym, jak wa\u017cna jest woda.<\/p>\n\n\n\n<p><strong>Wtorek 08.04 \u2013 ,,WIEM, \u017bE ZDROWO JEM&#8221; kolor \u017c\u00f3\u0142ty<\/strong><\/p>\n\n\n\n<p>Zaj\u0119cia o zdrowym od\u017cywianiu<strong> <\/strong>prowadzone przez pani\u0105 kuchark\u0119 i pani\u0105 intendentk\u0119.<\/p>\n\n\n\n<p><strong>\u015aroda 09.04 \u2013 ,,MAM TE MOCE &#8211; W \u015aROD\u0118 PIJ\u0118 SOCZEK&#8221; &#8211; kolor pomara\u0144czowy<\/strong><\/p>\n\n\n\n<p>Przygotowanie soku z pomara\u0144czy oraz degustacja.<\/p>\n\n\n\n<p><strong>Czwartek 10.04 -kolor zielony<\/strong><\/p>\n\n\n\n<p>Przygotowanie przez dzieci sa\u0142atki z zielonych owoc\u00f3w (gruszka, jab\u0142ko, kiwi).<\/p>\n\n\n\n<p><strong>Pi\u0105tek 11.04 &#8211; ,,PRZEDSZKOLAKI \u017bYJ\u0104 ZDROWO I KOLOROWO&#8221; &#8211; kolor czerwony<\/strong><\/p>\n\n\n\n<p>Projektowanie kolorowej piramidy zdrowia.<br>&#8222;Czytanie na dywanie&#8221; przez mam\u0119 Izy.<\/p>\n\n\n\n<figure class=\"wp-block-image\"><img data-recalc-dims=\"1\" loading=\"lazy\" decoding=\"async\" width=\"550\" height=\"825\" data-attachment-id=\"15583\" data-permalink=\"https:\/\/przedszkole8.pl\/?attachment_id=15583\" data-orig-file=\"https:\/\/i0.wp.com\/przedszkole8.pl\/wp-content\/uploads\/2025\/04\/kolarz-1.png?fit=1333%2C2000&amp;ssl=1\" data-orig-size=\"1333,2000\" data-comments-opened=\"0\" data-image-meta=\"{&quot;aperture&quot;:&quot;0&quot;,&quot;credit&quot;:&quot;&quot;,&quot;camera&quot;:&quot;&quot;,&quot;caption&quot;:&quot;&quot;,&quot;created_timestamp&quot;:&quot;0&quot;,&quot;copyright&quot;:&quot;&quot;,&quot;focal_length&quot;:&quot;0&quot;,&quot;iso&quot;:&quot;0&quot;,&quot;shutter_speed&quot;:&quot;0&quot;,&quot;title&quot;:&quot;&quot;,&quot;orientation&quot;:&quot;0&quot;}\" data-image-title=\"kolarz 1\" data-image-description=\"\" data-image-caption=\"\" data-medium-file=\"https:\/\/i0.wp.com\/przedszkole8.pl\/wp-content\/uploads\/2025\/04\/kolarz-1.png?fit=200%2C300&amp;ssl=1\" data-large-file=\"https:\/\/i0.wp.com\/przedszkole8.pl\/wp-content\/uploads\/2025\/04\/kolarz-1.png?fit=550%2C826&amp;ssl=1\" src=\"https:\/\/i0.wp.com\/przedszkole8.pl\/wp-content\/uploads\/2025\/04\/kolarz-1.png?resize=550%2C825&#038;ssl=1\" alt=\"\" class=\"wp-image-15583\" srcset=\"https:\/\/i0.wp.com\/przedszkole8.pl\/wp-content\/uploads\/2025\/04\/kolarz-1.png?w=1333&amp;ssl=1 1333w, https:\/\/i0.wp.com\/przedszkole8.pl\/wp-content\/uploads\/2025\/04\/kolarz-1.png?resize=200%2C300&amp;ssl=1 200w, https:\/\/i0.wp.com\/przedszkole8.pl\/wp-content\/uploads\/2025\/04\/kolarz-1.png?resize=682%2C1024&amp;ssl=1 682w, https:\/\/i0.wp.com\/przedszkole8.pl\/wp-content\/uploads\/2025\/04\/kolarz-1.png?resize=768%2C1152&amp;ssl=1 768w, https:\/\/i0.wp.com\/przedszkole8.pl\/wp-content\/uploads\/2025\/04\/kolarz-1.png?resize=1024%2C1536&amp;ssl=1 1024w, https:\/\/i0.wp.com\/przedszkole8.pl\/wp-content\/uploads\/2025\/04\/kolarz-1.png?w=1100&amp;ssl=1 1100w\" sizes=\"auto, (max-width: 550px) 100vw, 550px\" \/><\/figure>\n\n\n\n<figure class=\"wp-block-image\"><img data-recalc-dims=\"1\" loading=\"lazy\" decoding=\"async\" width=\"550\" height=\"825\" data-attachment-id=\"15584\" data-permalink=\"https:\/\/przedszkole8.pl\/?attachment_id=15584\" data-orig-file=\"https:\/\/i0.wp.com\/przedszkole8.pl\/wp-content\/uploads\/2025\/04\/kolarz-2.png?fit=1333%2C2000&amp;ssl=1\" data-orig-size=\"1333,2000\" data-comments-opened=\"0\" data-image-meta=\"{&quot;aperture&quot;:&quot;0&quot;,&quot;credit&quot;:&quot;&quot;,&quot;camera&quot;:&quot;&quot;,&quot;caption&quot;:&quot;&quot;,&quot;created_timestamp&quot;:&quot;0&quot;,&quot;copyright&quot;:&quot;&quot;,&quot;focal_length&quot;:&quot;0&quot;,&quot;iso&quot;:&quot;0&quot;,&quot;shutter_speed&quot;:&quot;0&quot;,&quot;title&quot;:&quot;&quot;,&quot;orientation&quot;:&quot;0&quot;}\" data-image-title=\"kolarz 2\" data-image-description=\"\" data-image-caption=\"\" data-medium-file=\"https:\/\/i0.wp.com\/przedszkole8.pl\/wp-content\/uploads\/2025\/04\/kolarz-2.png?fit=200%2C300&amp;ssl=1\" data-large-file=\"https:\/\/i0.wp.com\/przedszkole8.pl\/wp-content\/uploads\/2025\/04\/kolarz-2.png?fit=550%2C826&amp;ssl=1\" src=\"https:\/\/i0.wp.com\/przedszkole8.pl\/wp-content\/uploads\/2025\/04\/kolarz-2.png?resize=550%2C825&#038;ssl=1\" alt=\"\" class=\"wp-image-15584\" srcset=\"https:\/\/i0.wp.com\/przedszkole8.pl\/wp-content\/uploads\/2025\/04\/kolarz-2.png?w=1333&amp;ssl=1 1333w, https:\/\/i0.wp.com\/przedszkole8.pl\/wp-content\/uploads\/2025\/04\/kolarz-2.png?resize=200%2C300&amp;ssl=1 200w, https:\/\/i0.wp.com\/przedszkole8.pl\/wp-content\/uploads\/2025\/04\/kolarz-2.png?resize=682%2C1024&amp;ssl=1 682w, https:\/\/i0.wp.com\/przedszkole8.pl\/wp-content\/uploads\/2025\/04\/kolarz-2.png?resize=768%2C1152&amp;ssl=1 768w, https:\/\/i0.wp.com\/przedszkole8.pl\/wp-content\/uploads\/2025\/04\/kolarz-2.png?resize=1024%2C1536&amp;ssl=1 1024w, https:\/\/i0.wp.com\/przedszkole8.pl\/wp-content\/uploads\/2025\/04\/kolarz-2.png?w=1100&amp;ssl=1 1100w\" sizes=\"auto, (max-width: 550px) 100vw, 550px\" \/><\/figure>\n\n\n\n<figure class=\"wp-block-image\"><img data-recalc-dims=\"1\" loading=\"lazy\" decoding=\"async\" width=\"550\" height=\"825\" data-attachment-id=\"15585\" data-permalink=\"https:\/\/przedszkole8.pl\/?attachment_id=15585\" data-orig-file=\"https:\/\/i0.wp.com\/przedszkole8.pl\/wp-content\/uploads\/2025\/04\/kolarz-3.png?fit=1333%2C2000&amp;ssl=1\" data-orig-size=\"1333,2000\" data-comments-opened=\"0\" data-image-meta=\"{&quot;aperture&quot;:&quot;0&quot;,&quot;credit&quot;:&quot;&quot;,&quot;camera&quot;:&quot;&quot;,&quot;caption&quot;:&quot;&quot;,&quot;created_timestamp&quot;:&quot;0&quot;,&quot;copyright&quot;:&quot;&quot;,&quot;focal_length&quot;:&quot;0&quot;,&quot;iso&quot;:&quot;0&quot;,&quot;shutter_speed&quot;:&quot;0&quot;,&quot;title&quot;:&quot;&quot;,&quot;orientation&quot;:&quot;0&quot;}\" data-image-title=\"kolarz 3\" data-image-description=\"\" data-image-caption=\"\" data-medium-file=\"https:\/\/i0.wp.com\/przedszkole8.pl\/wp-content\/uploads\/2025\/04\/kolarz-3.png?fit=200%2C300&amp;ssl=1\" data-large-file=\"https:\/\/i0.wp.com\/przedszkole8.pl\/wp-content\/uploads\/2025\/04\/kolarz-3.png?fit=550%2C826&amp;ssl=1\" src=\"https:\/\/i0.wp.com\/przedszkole8.pl\/wp-content\/uploads\/2025\/04\/kolarz-3.png?resize=550%2C825&#038;ssl=1\" alt=\"\" class=\"wp-image-15585\" srcset=\"https:\/\/i0.wp.com\/przedszkole8.pl\/wp-content\/uploads\/2025\/04\/kolarz-3.png?w=1333&amp;ssl=1 1333w, https:\/\/i0.wp.com\/przedszkole8.pl\/wp-content\/uploads\/2025\/04\/kolarz-3.png?resize=200%2C300&amp;ssl=1 200w, https:\/\/i0.wp.com\/przedszkole8.pl\/wp-content\/uploads\/2025\/04\/kolarz-3.png?resize=682%2C1024&amp;ssl=1 682w, https:\/\/i0.wp.com\/przedszkole8.pl\/wp-content\/uploads\/2025\/04\/kolarz-3.png?resize=768%2C1152&amp;ssl=1 768w, https:\/\/i0.wp.com\/przedszkole8.pl\/wp-content\/uploads\/2025\/04\/kolarz-3.png?resize=1024%2C1536&amp;ssl=1 1024w, https:\/\/i0.wp.com\/przedszkole8.pl\/wp-content\/uploads\/2025\/04\/kolarz-3.png?w=1100&amp;ssl=1 1100w\" sizes=\"auto, (max-width: 550px) 100vw, 550px\" \/><\/figure>\n\n\n\n<figure class=\"wp-block-image\"><img data-recalc-dims=\"1\" loading=\"lazy\" decoding=\"async\" width=\"550\" height=\"440\" data-attachment-id=\"15586\" data-permalink=\"https:\/\/przedszkole8.pl\/?attachment_id=15586\" data-orig-file=\"https:\/\/i0.wp.com\/przedszkole8.pl\/wp-content\/uploads\/2025\/04\/kolarz.png?fit=2000%2C1600&amp;ssl=1\" data-orig-size=\"2000,1600\" data-comments-opened=\"0\" data-image-meta=\"{&quot;aperture&quot;:&quot;0&quot;,&quot;credit&quot;:&quot;&quot;,&quot;camera&quot;:&quot;&quot;,&quot;caption&quot;:&quot;&quot;,&quot;created_timestamp&quot;:&quot;0&quot;,&quot;copyright&quot;:&quot;&quot;,&quot;focal_length&quot;:&quot;0&quot;,&quot;iso&quot;:&quot;0&quot;,&quot;shutter_speed&quot;:&quot;0&quot;,&quot;title&quot;:&quot;&quot;,&quot;orientation&quot;:&quot;0&quot;}\" data-image-title=\"kolarz\" data-image-description=\"\" data-image-caption=\"\" data-medium-file=\"https:\/\/i0.wp.com\/przedszkole8.pl\/wp-content\/uploads\/2025\/04\/kolarz.png?fit=300%2C240&amp;ssl=1\" data-large-file=\"https:\/\/i0.wp.com\/przedszkole8.pl\/wp-content\/uploads\/2025\/04\/kolarz.png?fit=550%2C440&amp;ssl=1\" src=\"https:\/\/i0.wp.com\/przedszkole8.pl\/wp-content\/uploads\/2025\/04\/kolarz.png?resize=550%2C440&#038;ssl=1\" alt=\"\" class=\"wp-image-15586\" srcset=\"https:\/\/i0.wp.com\/przedszkole8.pl\/wp-content\/uploads\/2025\/04\/kolarz.png?w=2000&amp;ssl=1 2000w, https:\/\/i0.wp.com\/przedszkole8.pl\/wp-content\/uploads\/2025\/04\/kolarz.png?resize=300%2C240&amp;ssl=1 300w, https:\/\/i0.wp.com\/przedszkole8.pl\/wp-content\/uploads\/2025\/04\/kolarz.png?resize=1024%2C819&amp;ssl=1 1024w, https:\/\/i0.wp.com\/przedszkole8.pl\/wp-content\/uploads\/2025\/04\/kolarz.png?resize=768%2C614&amp;ssl=1 768w, https:\/\/i0.wp.com\/przedszkole8.pl\/wp-content\/uploads\/2025\/04\/kolarz.png?resize=1536%2C1229&amp;ssl=1 1536w, https:\/\/i0.wp.com\/przedszkole8.pl\/wp-content\/uploads\/2025\/04\/kolarz.png?w=1100&amp;ssl=1 1100w, https:\/\/i0.wp.com\/przedszkole8.pl\/wp-content\/uploads\/2025\/04\/kolarz.png?w=1650&amp;ssl=1 1650w\" sizes=\"auto, (max-width: 550px) 100vw, 550px\" \/><\/figure>\n\n\n\n<figure class=\"wp-block-image\"><img data-recalc-dims=\"1\" loading=\"lazy\" decoding=\"async\" width=\"550\" height=\"825\" data-attachment-id=\"15589\" data-permalink=\"https:\/\/przedszkole8.pl\/?attachment_id=15589\" data-orig-file=\"https:\/\/i0.wp.com\/przedszkole8.pl\/wp-content\/uploads\/2025\/04\/kolarz-6.png?fit=1333%2C2000&amp;ssl=1\" data-orig-size=\"1333,2000\" data-comments-opened=\"0\" data-image-meta=\"{&quot;aperture&quot;:&quot;0&quot;,&quot;credit&quot;:&quot;&quot;,&quot;camera&quot;:&quot;&quot;,&quot;caption&quot;:&quot;&quot;,&quot;created_timestamp&quot;:&quot;0&quot;,&quot;copyright&quot;:&quot;&quot;,&quot;focal_length&quot;:&quot;0&quot;,&quot;iso&quot;:&quot;0&quot;,&quot;shutter_speed&quot;:&quot;0&quot;,&quot;title&quot;:&quot;&quot;,&quot;orientation&quot;:&quot;0&quot;}\" data-image-title=\"kolarz\" data-image-description=\"\" data-image-caption=\"\" data-medium-file=\"https:\/\/i0.wp.com\/przedszkole8.pl\/wp-content\/uploads\/2025\/04\/kolarz-6.png?fit=200%2C300&amp;ssl=1\" data-large-file=\"https:\/\/i0.wp.com\/przedszkole8.pl\/wp-content\/uploads\/2025\/04\/kolarz-6.png?fit=550%2C826&amp;ssl=1\" src=\"https:\/\/i0.wp.com\/przedszkole8.pl\/wp-content\/uploads\/2025\/04\/kolarz-6.png?resize=550%2C825&#038;ssl=1\" alt=\"\" class=\"wp-image-15589\" srcset=\"https:\/\/i0.wp.com\/przedszkole8.pl\/wp-content\/uploads\/2025\/04\/kolarz-6.png?w=1333&amp;ssl=1 1333w, https:\/\/i0.wp.com\/przedszkole8.pl\/wp-content\/uploads\/2025\/04\/kolarz-6.png?resize=200%2C300&amp;ssl=1 200w, https:\/\/i0.wp.com\/przedszkole8.pl\/wp-content\/uploads\/2025\/04\/kolarz-6.png?resize=682%2C1024&amp;ssl=1 682w, https:\/\/i0.wp.com\/przedszkole8.pl\/wp-content\/uploads\/2025\/04\/kolarz-6.png?resize=768%2C1152&amp;ssl=1 768w, https:\/\/i0.wp.com\/przedszkole8.pl\/wp-content\/uploads\/2025\/04\/kolarz-6.png?resize=1024%2C1536&amp;ssl=1 1024w, https:\/\/i0.wp.com\/przedszkole8.pl\/wp-content\/uploads\/2025\/04\/kolarz-6.png?w=1100&amp;ssl=1 1100w\" sizes=\"auto, (max-width: 550px) 100vw, 550px\" \/><\/figure>\n\n\n\n<p><\/p>\n","protected":false},"excerpt":{"rendered":"<p>W\u0142a\u015bnie sko\u0144czyli\u015bmy obchodzi\u0107 \u201eKolorowy Tydzie\u0144 Zdrowia\u201d. Nasz tydzie\u0144 by\u0142 bardzo pracowity i przepe\u0142niony witaminami. Ka\u017cdego dnia obowi\u0105zywa\u0142 inny kolor ubrania. Poniedzia\u0142ek 07.04 \u2013 ,,\u015aWIATOWY DZIE\u0143 ZDROWIA&#8221; &#8211; kolor niebieski Gimnastyka w sali przedszkolnej z wykorzystaniem przybor\u00f3w sportowych. Nauka o tym, jak wa\u017cna jest woda. Wtorek 08.04 \u2013 ,,WIEM, \u017bE ZDROWO JEM&#8221; kolor \u017c\u00f3\u0142ty Zaj\u0119cia o<\/p>\n","protected":false},"author":28,"featured_media":0,"comment_status":"closed","ping_status":"closed","sticky":false,"template":"","format":"standard","meta":{"jetpack_post_was_ever_published":false,"_jetpack_newsletter_access":"","_jetpack_dont_email_post_to_subs":false,"_jetpack_newsletter_tier_id":0,"_jetpack_memberships_contains_paywalled_content":false,"_jetpack_memberships_contains_paid_content":false,"footnotes":"","jetpack_publicize_message":"","jetpack_publicize_feature_enabled":true,"jetpack_social_post_already_shared":true,"jetpack_social_options":{"image_generator_settings":{"template":"highway","default_image_id":0,"font":"","enabled":false},"version":2}},"categories":[50],"tags":[],"class_list":["post-15594","post","type-post","status-publish","format-standard","hentry","category-misie-24-25"],"jetpack_publicize_connections":[],"jetpack_featured_media_url":"","jetpack_sharing_enabled":true,"jetpack_shortlink":"https:\/\/wp.me\/p7NQjT-43w","jetpack-related-posts":[],"_links":{"self":[{"href":"https:\/\/przedszkole8.pl\/index.php?rest_route=\/wp\/v2\/posts\/15594","targetHints":{"allow":["GET"]}}],"collection":[{"href":"https:\/\/przedszkole8.pl\/index.php?rest_route=\/wp\/v2\/posts"}],"about":[{"href":"https:\/\/przedszkole8.pl\/index.php?rest_route=\/wp\/v2\/types\/post"}],"author":[{"embeddable":true,"href":"https:\/\/przedszkole8.pl\/index.php?rest_route=\/wp\/v2\/users\/28"}],"replies":[{"embeddable":true,"href":"https:\/\/przedszkole8.pl\/index.php?rest_route=%2Fwp%2Fv2%2Fcomments&post=15594"}],"version-history":[{"count":1,"href":"https:\/\/przedszkole8.pl\/index.php?rest_route=\/wp\/v2\/posts\/15594\/revisions"}],"predecessor-version":[{"id":15595,"href":"https:\/\/przedszkole8.pl\/index.php?rest_route=\/wp\/v2\/posts\/15594\/revisions\/15595"}],"wp:attachment":[{"href":"https:\/\/przedszkole8.pl\/index.php?rest_route=%2Fwp%2Fv2%2Fmedia&parent=15594"}],"wp:term":[{"taxonomy":"category","embeddable":true,"href":"https:\/\/przedszkole8.pl\/index.php?rest_route=%2Fwp%2Fv2%2Fcategories&post=15594"},{"taxonomy":"post_tag","embeddable":true,"href":"https:\/\/przedszkole8.pl\/index.php?rest_route=%2Fwp%2Fv2%2Ftags&post=15594"}],"curies":[{"name":"wp","href":"https:\/\/api.w.org\/{rel}","templated":true}]}}