{"id":15580,"date":"2025-04-11T21:52:46","date_gmt":"2025-04-11T21:52:46","guid":{"rendered":"https:\/\/przedszkole8.pl\/?p=15580"},"modified":"2025-04-11T21:52:48","modified_gmt":"2025-04-11T21:52:48","slug":"czytanie-na-dywanie-u-niedzwiadkow-4","status":"publish","type":"post","link":"https:\/\/przedszkole8.pl\/?p=15580","title":{"rendered":",,Czytanie na dywanie&#8221; u Nied\u017awiadk\u00f3w"},"content":{"rendered":"\n<p>Dzisiaj, czyli 11 kwietnia grup\u0119 V odwiedzi\u0142\u0105 mama Matyldy, kt\u00f3ra przeczya\u0142a dzieciom ksi\u0105\u017ceczk\u0119 pt,, Komu zupki&#8221;. Zabawna historia oraz ilustracje pokazywane przez Matyld\u0119 wprawi\u0142a Nied\u017cwiadki w dobry nastr\u00f3j. Dzi\u0119kujemy bardzo mamie za po\u015bpi\u0119cony czas. <\/p>\n","protected":false},"excerpt":{"rendered":"<p>Dzisiaj, czyli 11 kwietnia grup\u0119 V odwiedzi\u0142\u0105 mama Matyldy, kt\u00f3ra przeczya\u0142a dzieciom ksi\u0105\u017ceczk\u0119 pt,, Komu zupki&#8221;. Zabawna historia oraz ilustracje pokazywane przez Matyld\u0119 wprawi\u0142a Nied\u017cwiadki w dobry nastr\u00f3j. Dzi\u0119kujemy bardzo mamie za po\u015bpi\u0119cony czas.<\/p>\n","protected":false},"author":24,"featured_media":0,"comment_status":"closed","ping_status":"closed","sticky":false,"template":"","format":"standard","meta":{"jetpack_post_was_ever_published":false,"_jetpack_newsletter_access":"","_jetpack_dont_email_post_to_subs":false,"_jetpack_newsletter_tier_id":0,"_jetpack_memberships_contains_paywalled_content":false,"_jetpack_memberships_contains_paid_content":false,"footnotes":"","jetpack_publicize_message":"","jetpack_publicize_feature_enabled":true,"jetpack_social_post_already_shared":true,"jetpack_social_options":{"image_generator_settings":{"template":"highway","default_image_id":0,"font":"","enabled":false},"version":2}},"categories":[52],"tags":[],"class_list":["post-15580","post","type-post","status-publish","format-standard","hentry","category-niedzwiadki-24-25"],"jetpack_publicize_connections":[],"jetpack_featured_media_url":"","jetpack_sharing_enabled":true,"jetpack_shortlink":"https:\/\/wp.me\/p7NQjT-43i","jetpack-related-posts":[],"_links":{"self":[{"href":"https:\/\/przedszkole8.pl\/index.php?rest_route=\/wp\/v2\/posts\/15580","targetHints":{"allow":["GET"]}}],"collection":[{"href":"https:\/\/przedszkole8.pl\/index.php?rest_route=\/wp\/v2\/posts"}],"about":[{"href":"https:\/\/przedszkole8.pl\/index.php?rest_route=\/wp\/v2\/types\/post"}],"author":[{"embeddable":true,"href":"https:\/\/przedszkole8.pl\/index.php?rest_route=\/wp\/v2\/users\/24"}],"replies":[{"embeddable":true,"href":"https:\/\/przedszkole8.pl\/index.php?rest_route=%2Fwp%2Fv2%2Fcomments&post=15580"}],"version-history":[{"count":1,"href":"https:\/\/przedszkole8.pl\/index.php?rest_route=\/wp\/v2\/posts\/15580\/revisions"}],"predecessor-version":[{"id":15581,"href":"https:\/\/przedszkole8.pl\/index.php?rest_route=\/wp\/v2\/posts\/15580\/revisions\/15581"}],"wp:attachment":[{"href":"https:\/\/przedszkole8.pl\/index.php?rest_route=%2Fwp%2Fv2%2Fmedia&parent=15580"}],"wp:term":[{"taxonomy":"category","embeddable":true,"href":"https:\/\/przedszkole8.pl\/index.php?rest_route=%2Fwp%2Fv2%2Fcategories&post=15580"},{"taxonomy":"post_tag","embeddable":true,"href":"https:\/\/przedszkole8.pl\/index.php?rest_route=%2Fwp%2Fv2%2Ftags&post=15580"}],"curies":[{"name":"wp","href":"https:\/\/api.w.org\/{rel}","templated":true}]}}