{"id":15470,"date":"2025-04-09T16:40:57","date_gmt":"2025-04-09T16:40:57","guid":{"rendered":"https:\/\/przedszkole8.pl\/?p=15470"},"modified":"2025-04-09T16:40:58","modified_gmt":"2025-04-09T16:40:58","slug":"wycieczka-do-eksperymentu-2","status":"publish","type":"post","link":"https:\/\/przedszkole8.pl\/?p=15470","title":{"rendered":"Wycieczka do Eksperymentu"},"content":{"rendered":"\n<p>W pi\u0105tek 4 kwietnia grupa IV by\u0142a  na wycieczce w  Centrum Nauki Eksperyment w Gdyni. Zwiedzanie rozpocz\u0119li\u015bmy od spotkania z pani\u0105 Edukator. Nast\u0119pnie mogli\u015bmy do\u015bwiadcza\u0107 niezapomnianych wra\u017ce\u0144 na sta\u0142ych interaktywnych wystawach.  P\u00f3\u017aniej udali\u015bmy si\u0119 na zaj\u0119cia edukacyjne pt &#8222;Laboratorium na start&#8221;. Tam dzieci pod czujnym okiem pracownik\u00f3w laboratorium przeprowadza\u0142y  r\u00f3\u017cne do\u015bwiadczenia chemiczne, kt\u00f3re budzi\u0142y wielkie zainteresowanie a niekiedy i zdziwienie. Wycieczka okaza\u0142a si\u0119 znakomit\u0105 lekcja z wielu dziedzin nauki. Dzieci wr\u00f3ci\u0142y do przedszkola pe\u0142ne wra\u017ce\u0144 po spotkaniu ze \u015bwiatem nauki.<\/p>\n\n\n\n<figure class=\"wp-block-gallery has-nested-images columns-default is-cropped wp-block-gallery-1 is-layout-flex wp-block-gallery-is-layout-flex\">\n<figure class=\"wp-block-image size-large\"><a href=\"https:\/\/i0.wp.com\/przedszkole8.pl\/wp-content\/uploads\/2025\/04\/IMG_0724-rotated.jpg?ssl=1\"><img data-recalc-dims=\"1\" loading=\"lazy\" decoding=\"async\" width=\"480\" height=\"640\" data-attachment-id=\"15471\" data-permalink=\"https:\/\/przedszkole8.pl\/?attachment_id=15471\" data-orig-file=\"https:\/\/i0.wp.com\/przedszkole8.pl\/wp-content\/uploads\/2025\/04\/IMG_0724-rotated.jpg?fit=480%2C640&amp;ssl=1\" data-orig-size=\"480,640\" data-comments-opened=\"0\" data-image-meta=\"{&quot;aperture&quot;:&quot;0&quot;,&quot;credit&quot;:&quot;&quot;,&quot;camera&quot;:&quot;&quot;,&quot;caption&quot;:&quot;&quot;,&quot;created_timestamp&quot;:&quot;0&quot;,&quot;copyright&quot;:&quot;&quot;,&quot;focal_length&quot;:&quot;0&quot;,&quot;iso&quot;:&quot;0&quot;,&quot;shutter_speed&quot;:&quot;0&quot;,&quot;title&quot;:&quot;&quot;,&quot;orientation&quot;:&quot;1&quot;}\" data-image-title=\"IMG_0724\" data-image-description=\"\" data-image-caption=\"\" data-medium-file=\"https:\/\/i0.wp.com\/przedszkole8.pl\/wp-content\/uploads\/2025\/04\/IMG_0724-rotated.jpg?fit=225%2C300&amp;ssl=1\" data-large-file=\"https:\/\/i0.wp.com\/przedszkole8.pl\/wp-content\/uploads\/2025\/04\/IMG_0724-rotated.jpg?fit=480%2C640&amp;ssl=1\" data-id=\"15471\" src=\"https:\/\/i0.wp.com\/przedszkole8.pl\/wp-content\/uploads\/2025\/04\/IMG_0724-rotated.jpg?resize=480%2C640&#038;ssl=1\" alt=\"\" class=\"wp-image-15471\" srcset=\"https:\/\/i0.wp.com\/przedszkole8.pl\/wp-content\/uploads\/2025\/04\/IMG_0724-rotated.jpg?w=480&amp;ssl=1 480w, https:\/\/i0.wp.com\/przedszkole8.pl\/wp-content\/uploads\/2025\/04\/IMG_0724-rotated.jpg?resize=225%2C300&amp;ssl=1 225w\" sizes=\"auto, (max-width: 480px) 100vw, 480px\" \/><\/a><\/figure>\n\n\n\n<figure class=\"wp-block-image size-large\"><a href=\"https:\/\/i0.wp.com\/przedszkole8.pl\/wp-content\/uploads\/2025\/04\/IMG_0726-rotated.jpg?ssl=1\"><img data-recalc-dims=\"1\" loading=\"lazy\" decoding=\"async\" width=\"480\" height=\"640\" data-attachment-id=\"15472\" data-permalink=\"https:\/\/przedszkole8.pl\/?attachment_id=15472\" data-orig-file=\"https:\/\/i0.wp.com\/przedszkole8.pl\/wp-content\/uploads\/2025\/04\/IMG_0726-rotated.jpg?fit=480%2C640&amp;ssl=1\" data-orig-size=\"480,640\" data-comments-opened=\"0\" data-image-meta=\"{&quot;aperture&quot;:&quot;0&quot;,&quot;credit&quot;:&quot;&quot;,&quot;camera&quot;:&quot;&quot;,&quot;caption&quot;:&quot;&quot;,&quot;created_timestamp&quot;:&quot;0&quot;,&quot;copyright&quot;:&quot;&quot;,&quot;focal_length&quot;:&quot;0&quot;,&quot;iso&quot;:&quot;0&quot;,&quot;shutter_speed&quot;:&quot;0&quot;,&quot;title&quot;:&quot;&quot;,&quot;orientation&quot;:&quot;1&quot;}\" data-image-title=\"IMG_0726\" data-image-description=\"\" data-image-caption=\"\" data-medium-file=\"https:\/\/i0.wp.com\/przedszkole8.pl\/wp-content\/uploads\/2025\/04\/IMG_0726-rotated.jpg?fit=225%2C300&amp;ssl=1\" data-large-file=\"https:\/\/i0.wp.com\/przedszkole8.pl\/wp-content\/uploads\/2025\/04\/IMG_0726-rotated.jpg?fit=480%2C640&amp;ssl=1\" data-id=\"15472\" src=\"https:\/\/i0.wp.com\/przedszkole8.pl\/wp-content\/uploads\/2025\/04\/IMG_0726-rotated.jpg?resize=480%2C640&#038;ssl=1\" alt=\"\" class=\"wp-image-15472\" srcset=\"https:\/\/i0.wp.com\/przedszkole8.pl\/wp-content\/uploads\/2025\/04\/IMG_0726-rotated.jpg?w=480&amp;ssl=1 480w, https:\/\/i0.wp.com\/przedszkole8.pl\/wp-content\/uploads\/2025\/04\/IMG_0726-rotated.jpg?resize=225%2C300&amp;ssl=1 225w\" sizes=\"auto, (max-width: 480px) 100vw, 480px\" \/><\/a><\/figure>\n\n\n\n<figure class=\"wp-block-image size-large\"><a href=\"https:\/\/i0.wp.com\/przedszkole8.pl\/wp-content\/uploads\/2025\/04\/IMG_0727-rotated.jpg?ssl=1\"><img data-recalc-dims=\"1\" loading=\"lazy\" decoding=\"async\" width=\"480\" height=\"640\" data-attachment-id=\"15473\" data-permalink=\"https:\/\/przedszkole8.pl\/?attachment_id=15473\" data-orig-file=\"https:\/\/i0.wp.com\/przedszkole8.pl\/wp-content\/uploads\/2025\/04\/IMG_0727-rotated.jpg?fit=480%2C640&amp;ssl=1\" data-orig-size=\"480,640\" data-comments-opened=\"0\" data-image-meta=\"{&quot;aperture&quot;:&quot;0&quot;,&quot;credit&quot;:&quot;&quot;,&quot;camera&quot;:&quot;&quot;,&quot;caption&quot;:&quot;&quot;,&quot;created_timestamp&quot;:&quot;0&quot;,&quot;copyright&quot;:&quot;&quot;,&quot;focal_length&quot;:&quot;0&quot;,&quot;iso&quot;:&quot;0&quot;,&quot;shutter_speed&quot;:&quot;0&quot;,&quot;title&quot;:&quot;&quot;,&quot;orientation&quot;:&quot;1&quot;}\" data-image-title=\"IMG_0727\" data-image-description=\"\" data-image-caption=\"\" data-medium-file=\"https:\/\/i0.wp.com\/przedszkole8.pl\/wp-content\/uploads\/2025\/04\/IMG_0727-rotated.jpg?fit=225%2C300&amp;ssl=1\" data-large-file=\"https:\/\/i0.wp.com\/przedszkole8.pl\/wp-content\/uploads\/2025\/04\/IMG_0727-rotated.jpg?fit=480%2C640&amp;ssl=1\" data-id=\"15473\" src=\"https:\/\/i0.wp.com\/przedszkole8.pl\/wp-content\/uploads\/2025\/04\/IMG_0727-rotated.jpg?resize=480%2C640&#038;ssl=1\" alt=\"\" class=\"wp-image-15473\" srcset=\"https:\/\/i0.wp.com\/przedszkole8.pl\/wp-content\/uploads\/2025\/04\/IMG_0727-rotated.jpg?w=480&amp;ssl=1 480w, https:\/\/i0.wp.com\/przedszkole8.pl\/wp-content\/uploads\/2025\/04\/IMG_0727-rotated.jpg?resize=225%2C300&amp;ssl=1 225w\" sizes=\"auto, (max-width: 480px) 100vw, 480px\" \/><\/a><\/figure>\n\n\n\n<figure class=\"wp-block-image size-large\"><a href=\"https:\/\/i0.wp.com\/przedszkole8.pl\/wp-content\/uploads\/2025\/04\/IMG_0728-rotated.jpg?ssl=1\"><img data-recalc-dims=\"1\" loading=\"lazy\" decoding=\"async\" width=\"480\" height=\"640\" data-attachment-id=\"15474\" data-permalink=\"https:\/\/przedszkole8.pl\/?attachment_id=15474\" data-orig-file=\"https:\/\/i0.wp.com\/przedszkole8.pl\/wp-content\/uploads\/2025\/04\/IMG_0728-rotated.jpg?fit=480%2C640&amp;ssl=1\" data-orig-size=\"480,640\" data-comments-opened=\"0\" data-image-meta=\"{&quot;aperture&quot;:&quot;0&quot;,&quot;credit&quot;:&quot;&quot;,&quot;camera&quot;:&quot;&quot;,&quot;caption&quot;:&quot;&quot;,&quot;created_timestamp&quot;:&quot;0&quot;,&quot;copyright&quot;:&quot;&quot;,&quot;focal_length&quot;:&quot;0&quot;,&quot;iso&quot;:&quot;0&quot;,&quot;shutter_speed&quot;:&quot;0&quot;,&quot;title&quot;:&quot;&quot;,&quot;orientation&quot;:&quot;1&quot;}\" data-image-title=\"IMG_0728\" data-image-description=\"\" data-image-caption=\"\" data-medium-file=\"https:\/\/i0.wp.com\/przedszkole8.pl\/wp-content\/uploads\/2025\/04\/IMG_0728-rotated.jpg?fit=225%2C300&amp;ssl=1\" data-large-file=\"https:\/\/i0.wp.com\/przedszkole8.pl\/wp-content\/uploads\/2025\/04\/IMG_0728-rotated.jpg?fit=480%2C640&amp;ssl=1\" data-id=\"15474\" src=\"https:\/\/i0.wp.com\/przedszkole8.pl\/wp-content\/uploads\/2025\/04\/IMG_0728-rotated.jpg?resize=480%2C640&#038;ssl=1\" alt=\"\" class=\"wp-image-15474\" srcset=\"https:\/\/i0.wp.com\/przedszkole8.pl\/wp-content\/uploads\/2025\/04\/IMG_0728-rotated.jpg?w=480&amp;ssl=1 480w, https:\/\/i0.wp.com\/przedszkole8.pl\/wp-content\/uploads\/2025\/04\/IMG_0728-rotated.jpg?resize=225%2C300&amp;ssl=1 225w\" sizes=\"auto, (max-width: 480px) 100vw, 480px\" \/><\/a><\/figure>\n\n\n\n<figure class=\"wp-block-image size-large\"><a href=\"https:\/\/i0.wp.com\/przedszkole8.pl\/wp-content\/uploads\/2025\/04\/IMG_0731-rotated.jpg?ssl=1\"><img data-recalc-dims=\"1\" loading=\"lazy\" decoding=\"async\" width=\"480\" height=\"640\" data-attachment-id=\"15475\" data-permalink=\"https:\/\/przedszkole8.pl\/?attachment_id=15475\" data-orig-file=\"https:\/\/i0.wp.com\/przedszkole8.pl\/wp-content\/uploads\/2025\/04\/IMG_0731-rotated.jpg?fit=480%2C640&amp;ssl=1\" data-orig-size=\"480,640\" data-comments-opened=\"0\" data-image-meta=\"{&quot;aperture&quot;:&quot;0&quot;,&quot;credit&quot;:&quot;&quot;,&quot;camera&quot;:&quot;&quot;,&quot;caption&quot;:&quot;&quot;,&quot;created_timestamp&quot;:&quot;0&quot;,&quot;copyright&quot;:&quot;&quot;,&quot;focal_length&quot;:&quot;0&quot;,&quot;iso&quot;:&quot;0&quot;,&quot;shutter_speed&quot;:&quot;0&quot;,&quot;title&quot;:&quot;&quot;,&quot;orientation&quot;:&quot;1&quot;}\" data-image-title=\"IMG_0731\" data-image-description=\"\" data-image-caption=\"\" data-medium-file=\"https:\/\/i0.wp.com\/przedszkole8.pl\/wp-content\/uploads\/2025\/04\/IMG_0731-rotated.jpg?fit=225%2C300&amp;ssl=1\" data-large-file=\"https:\/\/i0.wp.com\/przedszkole8.pl\/wp-content\/uploads\/2025\/04\/IMG_0731-rotated.jpg?fit=480%2C640&amp;ssl=1\" data-id=\"15475\" src=\"https:\/\/i0.wp.com\/przedszkole8.pl\/wp-content\/uploads\/2025\/04\/IMG_0731-rotated.jpg?resize=480%2C640&#038;ssl=1\" alt=\"\" class=\"wp-image-15475\" srcset=\"https:\/\/i0.wp.com\/przedszkole8.pl\/wp-content\/uploads\/2025\/04\/IMG_0731-rotated.jpg?w=480&amp;ssl=1 480w, https:\/\/i0.wp.com\/przedszkole8.pl\/wp-content\/uploads\/2025\/04\/IMG_0731-rotated.jpg?resize=225%2C300&amp;ssl=1 225w\" sizes=\"auto, (max-width: 480px) 100vw, 480px\" \/><\/a><\/figure>\n<\/figure>\n\n\n\n<p><\/p>\n","protected":false},"excerpt":{"rendered":"<p>W pi\u0105tek 4 kwietnia grupa IV by\u0142a na wycieczce w Centrum Nauki Eksperyment w Gdyni. Zwiedzanie rozpocz\u0119li\u015bmy od spotkania z pani\u0105 Edukator. Nast\u0119pnie mogli\u015bmy do\u015bwiadcza\u0107 niezapomnianych wra\u017ce\u0144 na sta\u0142ych interaktywnych wystawach. P\u00f3\u017aniej udali\u015bmy si\u0119 na zaj\u0119cia edukacyjne pt &#8222;Laboratorium na start&#8221;. Tam dzieci pod czujnym okiem pracownik\u00f3w laboratorium przeprowadza\u0142y r\u00f3\u017cne do\u015bwiadczenia chemiczne, kt\u00f3re budzi\u0142y wielkie<\/p>\n","protected":false},"author":9,"featured_media":0,"comment_status":"closed","ping_status":"closed","sticky":false,"template":"","format":"standard","meta":{"jetpack_post_was_ever_published":false,"_jetpack_newsletter_access":"","_jetpack_dont_email_post_to_subs":false,"_jetpack_newsletter_tier_id":0,"_jetpack_memberships_contains_paywalled_content":false,"_jetpack_memberships_contains_paid_content":false,"footnotes":"","jetpack_publicize_message":"","jetpack_publicize_feature_enabled":true,"jetpack_social_post_already_shared":true,"jetpack_social_options":{"image_generator_settings":{"template":"highway","default_image_id":0,"font":"","enabled":false},"version":2}},"categories":[51],"tags":[],"class_list":["post-15470","post","type-post","status-publish","format-standard","hentry","category-gumisie-24-25"],"jetpack_publicize_connections":[],"jetpack_featured_media_url":"","jetpack_sharing_enabled":true,"jetpack_shortlink":"https:\/\/wp.me\/p7NQjT-41w","jetpack-related-posts":[],"_links":{"self":[{"href":"https:\/\/przedszkole8.pl\/index.php?rest_route=\/wp\/v2\/posts\/15470","targetHints":{"allow":["GET"]}}],"collection":[{"href":"https:\/\/przedszkole8.pl\/index.php?rest_route=\/wp\/v2\/posts"}],"about":[{"href":"https:\/\/przedszkole8.pl\/index.php?rest_route=\/wp\/v2\/types\/post"}],"author":[{"embeddable":true,"href":"https:\/\/przedszkole8.pl\/index.php?rest_route=\/wp\/v2\/users\/9"}],"replies":[{"embeddable":true,"href":"https:\/\/przedszkole8.pl\/index.php?rest_route=%2Fwp%2Fv2%2Fcomments&post=15470"}],"version-history":[{"count":2,"href":"https:\/\/przedszkole8.pl\/index.php?rest_route=\/wp\/v2\/posts\/15470\/revisions"}],"predecessor-version":[{"id":15477,"href":"https:\/\/przedszkole8.pl\/index.php?rest_route=\/wp\/v2\/posts\/15470\/revisions\/15477"}],"wp:attachment":[{"href":"https:\/\/przedszkole8.pl\/index.php?rest_route=%2Fwp%2Fv2%2Fmedia&parent=15470"}],"wp:term":[{"taxonomy":"category","embeddable":true,"href":"https:\/\/przedszkole8.pl\/index.php?rest_route=%2Fwp%2Fv2%2Fcategories&post=15470"},{"taxonomy":"post_tag","embeddable":true,"href":"https:\/\/przedszkole8.pl\/index.php?rest_route=%2Fwp%2Fv2%2Ftags&post=15470"}],"curies":[{"name":"wp","href":"https:\/\/api.w.org\/{rel}","templated":true}]}}