{"id":15466,"date":"2025-04-09T08:11:40","date_gmt":"2025-04-09T08:11:40","guid":{"rendered":"https:\/\/przedszkole8.pl\/?p=15466"},"modified":"2025-04-09T08:11:41","modified_gmt":"2025-04-09T08:11:41","slug":"szkolenie-dla-rodzicow","status":"publish","type":"post","link":"https:\/\/przedszkole8.pl\/?p=15466","title":{"rendered":"Szkolenie dla Rodzic\u00f3w"},"content":{"rendered":"\n<p>Zapraszamy Pa\u0144stwa na szkolenie pt. &#8222;Alfabet potrzeb dzieci\u0119cych&#8221;, kt\u00f3re odb\u0119dzie si\u0119 w naszym przedszkolu we wtorek 15.04.2025 r. o godzinie 16:00. Szkolenie poprowadzi pani psycholog z Poradni Psychologiczno-Pedagogicznej nr 2 w Gdyni.<\/p>\n","protected":false},"excerpt":{"rendered":"<p>Zapraszamy Pa\u0144stwa na szkolenie pt. &#8222;Alfabet potrzeb dzieci\u0119cych&#8221;, kt\u00f3re odb\u0119dzie si\u0119 w naszym przedszkolu we wtorek 15.04.2025 r. o godzinie 16:00. Szkolenie poprowadzi pani psycholog z Poradni Psychologiczno-Pedagogicznej nr 2 w Gdyni.<\/p>\n","protected":false},"author":1,"featured_media":0,"comment_status":"closed","ping_status":"closed","sticky":false,"template":"","format":"standard","meta":{"jetpack_post_was_ever_published":false,"_jetpack_newsletter_access":"","_jetpack_dont_email_post_to_subs":false,"_jetpack_newsletter_tier_id":0,"_jetpack_memberships_contains_paywalled_content":false,"_jetpack_memberships_contains_paid_content":false,"footnotes":"","jetpack_publicize_message":"","jetpack_publicize_feature_enabled":true,"jetpack_social_post_already_shared":true,"jetpack_social_options":{"image_generator_settings":{"template":"highway","default_image_id":0,"font":"","enabled":false},"version":2}},"categories":[16],"tags":[],"class_list":["post-15466","post","type-post","status-publish","format-standard","hentry","category-nowosci"],"jetpack_publicize_connections":[],"jetpack_featured_media_url":"","jetpack_sharing_enabled":true,"jetpack_shortlink":"https:\/\/wp.me\/p7NQjT-41s","jetpack-related-posts":[],"_links":{"self":[{"href":"https:\/\/przedszkole8.pl\/index.php?rest_route=\/wp\/v2\/posts\/15466","targetHints":{"allow":["GET"]}}],"collection":[{"href":"https:\/\/przedszkole8.pl\/index.php?rest_route=\/wp\/v2\/posts"}],"about":[{"href":"https:\/\/przedszkole8.pl\/index.php?rest_route=\/wp\/v2\/types\/post"}],"author":[{"embeddable":true,"href":"https:\/\/przedszkole8.pl\/index.php?rest_route=\/wp\/v2\/users\/1"}],"replies":[{"embeddable":true,"href":"https:\/\/przedszkole8.pl\/index.php?rest_route=%2Fwp%2Fv2%2Fcomments&post=15466"}],"version-history":[{"count":1,"href":"https:\/\/przedszkole8.pl\/index.php?rest_route=\/wp\/v2\/posts\/15466\/revisions"}],"predecessor-version":[{"id":15467,"href":"https:\/\/przedszkole8.pl\/index.php?rest_route=\/wp\/v2\/posts\/15466\/revisions\/15467"}],"wp:attachment":[{"href":"https:\/\/przedszkole8.pl\/index.php?rest_route=%2Fwp%2Fv2%2Fmedia&parent=15466"}],"wp:term":[{"taxonomy":"category","embeddable":true,"href":"https:\/\/przedszkole8.pl\/index.php?rest_route=%2Fwp%2Fv2%2Fcategories&post=15466"},{"taxonomy":"post_tag","embeddable":true,"href":"https:\/\/przedszkole8.pl\/index.php?rest_route=%2Fwp%2Fv2%2Ftags&post=15466"}],"curies":[{"name":"wp","href":"https:\/\/api.w.org\/{rel}","templated":true}]}}