{"id":15441,"date":"2025-03-30T19:46:34","date_gmt":"2025-03-30T19:46:34","guid":{"rendered":"https:\/\/przedszkole8.pl\/?p=15441"},"modified":"2025-03-30T19:46:36","modified_gmt":"2025-03-30T19:46:36","slug":"konkurs-szkola-moich-marzen","status":"publish","type":"post","link":"https:\/\/przedszkole8.pl\/?p=15441","title":{"rendered":"Konkurs ,,Szko\u0142a moich marze\u0144&#8221;"},"content":{"rendered":"\n<p>Dzieci z naszego przedszkola bra\u0142y udzia\u0142 w zorganizowanym przez szko\u0142\u0119 44 z Gdyni, konkursie pt. ,,Szko\u0142a moich marze\u0144&#8221;. <\/p>\n\n\n\n<p>Z przyjemno\u015bcia gratulujemy:<\/p>\n\n\n\n<p>Marcie z gr V za zdobycie nagrody specjanej<\/p>\n\n\n\n<p>Jeremiemu z gr V za zdobycie wyr\u00f3\u017cnienia<\/p>\n\n\n\n<p>Dzi\u0119kujemy wszystkim dzieciom za wzi\u0119cie udzia\u0142u w konkursie. <\/p>\n","protected":false},"excerpt":{"rendered":"<p>Dzieci z naszego przedszkola bra\u0142y udzia\u0142 w zorganizowanym przez szko\u0142\u0119 44 z Gdyni, konkursie pt. ,,Szko\u0142a moich marze\u0144&#8221;. Z przyjemno\u015bcia gratulujemy: Marcie z gr V za zdobycie nagrody specjanej Jeremiemu z gr V za zdobycie wyr\u00f3\u017cnienia Dzi\u0119kujemy wszystkim dzieciom za wzi\u0119cie udzia\u0142u w konkursie.<\/p>\n","protected":false},"author":24,"featured_media":0,"comment_status":"closed","ping_status":"closed","sticky":false,"template":"","format":"standard","meta":{"jetpack_post_was_ever_published":false,"_jetpack_newsletter_access":"","_jetpack_dont_email_post_to_subs":false,"_jetpack_newsletter_tier_id":0,"_jetpack_memberships_contains_paywalled_content":false,"_jetpack_memberships_contains_paid_content":false,"footnotes":"","jetpack_publicize_message":"","jetpack_publicize_feature_enabled":true,"jetpack_social_post_already_shared":true,"jetpack_social_options":{"image_generator_settings":{"template":"highway","default_image_id":0,"font":"","enabled":false},"version":2}},"categories":[16],"tags":[],"class_list":["post-15441","post","type-post","status-publish","format-standard","hentry","category-nowosci"],"jetpack_publicize_connections":[],"jetpack_featured_media_url":"","jetpack_sharing_enabled":true,"jetpack_shortlink":"https:\/\/wp.me\/p7NQjT-413","jetpack-related-posts":[],"_links":{"self":[{"href":"https:\/\/przedszkole8.pl\/index.php?rest_route=\/wp\/v2\/posts\/15441","targetHints":{"allow":["GET"]}}],"collection":[{"href":"https:\/\/przedszkole8.pl\/index.php?rest_route=\/wp\/v2\/posts"}],"about":[{"href":"https:\/\/przedszkole8.pl\/index.php?rest_route=\/wp\/v2\/types\/post"}],"author":[{"embeddable":true,"href":"https:\/\/przedszkole8.pl\/index.php?rest_route=\/wp\/v2\/users\/24"}],"replies":[{"embeddable":true,"href":"https:\/\/przedszkole8.pl\/index.php?rest_route=%2Fwp%2Fv2%2Fcomments&post=15441"}],"version-history":[{"count":1,"href":"https:\/\/przedszkole8.pl\/index.php?rest_route=\/wp\/v2\/posts\/15441\/revisions"}],"predecessor-version":[{"id":15442,"href":"https:\/\/przedszkole8.pl\/index.php?rest_route=\/wp\/v2\/posts\/15441\/revisions\/15442"}],"wp:attachment":[{"href":"https:\/\/przedszkole8.pl\/index.php?rest_route=%2Fwp%2Fv2%2Fmedia&parent=15441"}],"wp:term":[{"taxonomy":"category","embeddable":true,"href":"https:\/\/przedszkole8.pl\/index.php?rest_route=%2Fwp%2Fv2%2Fcategories&post=15441"},{"taxonomy":"post_tag","embeddable":true,"href":"https:\/\/przedszkole8.pl\/index.php?rest_route=%2Fwp%2Fv2%2Ftags&post=15441"}],"curies":[{"name":"wp","href":"https:\/\/api.w.org\/{rel}","templated":true}]}}