{"id":15430,"date":"2025-03-28T18:18:54","date_gmt":"2025-03-28T18:18:54","guid":{"rendered":"https:\/\/przedszkole8.pl\/?p=15430"},"modified":"2025-03-28T18:18:56","modified_gmt":"2025-03-28T18:18:56","slug":"wyniki-konkursu-rodzinnego-droga-misia-do-przedszkola-gra-planszowa","status":"publish","type":"post","link":"https:\/\/przedszkole8.pl\/?p=15430","title":{"rendered":"Wyniki konkursu rodzinnego &#8222;Droga Misia do przedszkola&#8221; &#8211; gra planszowa"},"content":{"rendered":"\n<p>Dzi\u015b, w pi\u0105tek 28 marca, zako\u0144czy\u0142 si\u0119 przedszkolny konkurs rodzinny &#8222;Droga Misia do przedszkola&#8221; &#8211; gra planszowa. W \u015brod\u0119 26 marca komisja oceniaj\u0105ca prace dzieci, wykonane z pomoc\u0105 rodzic\u00f3w, wy\u0142oni\u0142a spo\u015br\u00f3d sze\u015bciu uczestnik\u00f3w (w tym jedna praca rodze\u0144stwa) zwyci\u0119zc\u0119 konkursu. Jest nim Adam Sz. z grupy V, kt\u00f3ry otrzyma\u0142 pierwsze miejsce. Drugie miejsce zaj\u0105\u0142 Nikodem W. z gr. V., trzecie miejsce Igor M. z gr. V. Wyr\u00f3\u017cnienie otrzyma\u0142a Ania M. Udzia\u0142 w konkursie wzi\u0119\u0142y r\u00f3wnie\u017c Matylda S. z gr. V oraz Marianna z gr. IV wraz z bratem Gustawem z gr. I. Wszystkie gry planszowe s\u0105 wspania\u0142e, ciekawe, estetycznie wykonane. Bior\u0105c jednak pod uwag\u0119 wszystkie kryteria z regulaminu konkursu, wyniki okaza\u0142y si\u0119 takie jak wy\u017cej. Wszystkim uczestnikom konkursu oraz ich rodzicom bardzo dzi\u0119kujemy za udzia\u0142, zaanga\u017cowanie i inspiracj\u0119 dla innych. Kole\u017cankom i kolegom bardzo si\u0119 podobaj\u0105 gry planszowe. Dzieci ju\u017c graj\u0105 w nie w swoich grupach, czerpi\u0105 du\u017co rado\u015bci i nauki.<\/p>\n\n\n\n<p><\/p>\n\n\n\n<figure class=\"wp-block-gallery has-nested-images columns-default is-cropped wp-block-gallery-1 is-layout-flex wp-block-gallery-is-layout-flex\">\n<figure class=\"wp-block-image size-large\"><a href=\"https:\/\/i0.wp.com\/przedszkole8.pl\/wp-content\/uploads\/2025\/03\/1743182685769-scaled.jpg?ssl=1\"><img data-recalc-dims=\"1\" loading=\"lazy\" decoding=\"async\" width=\"550\" height=\"248\" data-attachment-id=\"15431\" data-permalink=\"https:\/\/przedszkole8.pl\/?attachment_id=15431\" data-orig-file=\"https:\/\/i0.wp.com\/przedszkole8.pl\/wp-content\/uploads\/2025\/03\/1743182685769-scaled.jpg?fit=2560%2C1152&amp;ssl=1\" data-orig-size=\"2560,1152\" data-comments-opened=\"0\" data-image-meta=\"{&quot;aperture&quot;:&quot;0&quot;,&quot;credit&quot;:&quot;&quot;,&quot;camera&quot;:&quot;&quot;,&quot;caption&quot;:&quot;&quot;,&quot;created_timestamp&quot;:&quot;0&quot;,&quot;copyright&quot;:&quot;&quot;,&quot;focal_length&quot;:&quot;0&quot;,&quot;iso&quot;:&quot;0&quot;,&quot;shutter_speed&quot;:&quot;0&quot;,&quot;title&quot;:&quot;&quot;,&quot;orientation&quot;:&quot;1&quot;}\" data-image-title=\"1743182685769\" data-image-description=\"\" data-image-caption=\"\" data-medium-file=\"https:\/\/i0.wp.com\/przedszkole8.pl\/wp-content\/uploads\/2025\/03\/1743182685769-scaled.jpg?fit=300%2C135&amp;ssl=1\" data-large-file=\"https:\/\/i0.wp.com\/przedszkole8.pl\/wp-content\/uploads\/2025\/03\/1743182685769-scaled.jpg?fit=550%2C248&amp;ssl=1\" data-id=\"15431\" src=\"https:\/\/i0.wp.com\/przedszkole8.pl\/wp-content\/uploads\/2025\/03\/1743182685769.jpg?resize=550%2C248&#038;ssl=1\" alt=\"\" class=\"wp-image-15431\" srcset=\"https:\/\/i0.wp.com\/przedszkole8.pl\/wp-content\/uploads\/2025\/03\/1743182685769-scaled.jpg?resize=1024%2C461&amp;ssl=1 1024w, https:\/\/i0.wp.com\/przedszkole8.pl\/wp-content\/uploads\/2025\/03\/1743182685769-scaled.jpg?resize=300%2C135&amp;ssl=1 300w, https:\/\/i0.wp.com\/przedszkole8.pl\/wp-content\/uploads\/2025\/03\/1743182685769-scaled.jpg?resize=768%2C346&amp;ssl=1 768w, https:\/\/i0.wp.com\/przedszkole8.pl\/wp-content\/uploads\/2025\/03\/1743182685769-scaled.jpg?resize=1536%2C691&amp;ssl=1 1536w, https:\/\/i0.wp.com\/przedszkole8.pl\/wp-content\/uploads\/2025\/03\/1743182685769-scaled.jpg?resize=2048%2C922&amp;ssl=1 2048w, https:\/\/i0.wp.com\/przedszkole8.pl\/wp-content\/uploads\/2025\/03\/1743182685769-scaled.jpg?w=1100&amp;ssl=1 1100w, https:\/\/i0.wp.com\/przedszkole8.pl\/wp-content\/uploads\/2025\/03\/1743182685769-scaled.jpg?w=1650&amp;ssl=1 1650w\" sizes=\"auto, (max-width: 550px) 100vw, 550px\" \/><\/a><\/figure>\n<\/figure>\n\n\n\n<figure class=\"wp-block-gallery has-nested-images columns-default is-cropped wp-block-gallery-2 is-layout-flex wp-block-gallery-is-layout-flex\">\n<figure class=\"wp-block-image size-large\"><a href=\"https:\/\/i0.wp.com\/przedszkole8.pl\/wp-content\/uploads\/2025\/03\/1743182835153-scaled.jpg?ssl=1\"><img data-recalc-dims=\"1\" loading=\"lazy\" decoding=\"async\" width=\"550\" height=\"248\" data-attachment-id=\"15432\" data-permalink=\"https:\/\/przedszkole8.pl\/?attachment_id=15432\" data-orig-file=\"https:\/\/i0.wp.com\/przedszkole8.pl\/wp-content\/uploads\/2025\/03\/1743182835153-scaled.jpg?fit=2560%2C1152&amp;ssl=1\" data-orig-size=\"2560,1152\" data-comments-opened=\"0\" data-image-meta=\"{&quot;aperture&quot;:&quot;0&quot;,&quot;credit&quot;:&quot;&quot;,&quot;camera&quot;:&quot;&quot;,&quot;caption&quot;:&quot;&quot;,&quot;created_timestamp&quot;:&quot;0&quot;,&quot;copyright&quot;:&quot;&quot;,&quot;focal_length&quot;:&quot;0&quot;,&quot;iso&quot;:&quot;0&quot;,&quot;shutter_speed&quot;:&quot;0&quot;,&quot;title&quot;:&quot;&quot;,&quot;orientation&quot;:&quot;1&quot;}\" data-image-title=\"1743182835153\" data-image-description=\"\" data-image-caption=\"\" data-medium-file=\"https:\/\/i0.wp.com\/przedszkole8.pl\/wp-content\/uploads\/2025\/03\/1743182835153-scaled.jpg?fit=300%2C135&amp;ssl=1\" data-large-file=\"https:\/\/i0.wp.com\/przedszkole8.pl\/wp-content\/uploads\/2025\/03\/1743182835153-scaled.jpg?fit=550%2C248&amp;ssl=1\" data-id=\"15432\" src=\"https:\/\/i0.wp.com\/przedszkole8.pl\/wp-content\/uploads\/2025\/03\/1743182835153.jpg?resize=550%2C248&#038;ssl=1\" alt=\"\" class=\"wp-image-15432\" srcset=\"https:\/\/i0.wp.com\/przedszkole8.pl\/wp-content\/uploads\/2025\/03\/1743182835153-scaled.jpg?resize=1024%2C461&amp;ssl=1 1024w, https:\/\/i0.wp.com\/przedszkole8.pl\/wp-content\/uploads\/2025\/03\/1743182835153-scaled.jpg?resize=300%2C135&amp;ssl=1 300w, https:\/\/i0.wp.com\/przedszkole8.pl\/wp-content\/uploads\/2025\/03\/1743182835153-scaled.jpg?resize=768%2C346&amp;ssl=1 768w, https:\/\/i0.wp.com\/przedszkole8.pl\/wp-content\/uploads\/2025\/03\/1743182835153-scaled.jpg?resize=1536%2C691&amp;ssl=1 1536w, https:\/\/i0.wp.com\/przedszkole8.pl\/wp-content\/uploads\/2025\/03\/1743182835153-scaled.jpg?resize=2048%2C922&amp;ssl=1 2048w, https:\/\/i0.wp.com\/przedszkole8.pl\/wp-content\/uploads\/2025\/03\/1743182835153-scaled.jpg?w=1100&amp;ssl=1 1100w, https:\/\/i0.wp.com\/przedszkole8.pl\/wp-content\/uploads\/2025\/03\/1743182835153-scaled.jpg?w=1650&amp;ssl=1 1650w\" sizes=\"auto, (max-width: 550px) 100vw, 550px\" \/><\/a><\/figure>\n<\/figure>\n\n\n\n<figure class=\"wp-block-gallery has-nested-images columns-default is-cropped wp-block-gallery-3 is-layout-flex wp-block-gallery-is-layout-flex\">\n<figure class=\"wp-block-image size-large\"><a href=\"https:\/\/i0.wp.com\/przedszkole8.pl\/wp-content\/uploads\/2025\/03\/1743182858015-scaled.jpg?ssl=1\"><img data-recalc-dims=\"1\" loading=\"lazy\" decoding=\"async\" width=\"461\" height=\"1024\" data-attachment-id=\"15433\" data-permalink=\"https:\/\/przedszkole8.pl\/?attachment_id=15433\" data-orig-file=\"https:\/\/i0.wp.com\/przedszkole8.pl\/wp-content\/uploads\/2025\/03\/1743182858015-scaled.jpg?fit=1152%2C2560&amp;ssl=1\" data-orig-size=\"1152,2560\" data-comments-opened=\"0\" data-image-meta=\"{&quot;aperture&quot;:&quot;0&quot;,&quot;credit&quot;:&quot;&quot;,&quot;camera&quot;:&quot;&quot;,&quot;caption&quot;:&quot;&quot;,&quot;created_timestamp&quot;:&quot;0&quot;,&quot;copyright&quot;:&quot;&quot;,&quot;focal_length&quot;:&quot;0&quot;,&quot;iso&quot;:&quot;0&quot;,&quot;shutter_speed&quot;:&quot;0&quot;,&quot;title&quot;:&quot;&quot;,&quot;orientation&quot;:&quot;1&quot;}\" data-image-title=\"1743182858015\" data-image-description=\"\" data-image-caption=\"\" data-medium-file=\"https:\/\/i0.wp.com\/przedszkole8.pl\/wp-content\/uploads\/2025\/03\/1743182858015-scaled.jpg?fit=135%2C300&amp;ssl=1\" data-large-file=\"https:\/\/i0.wp.com\/przedszkole8.pl\/wp-content\/uploads\/2025\/03\/1743182858015-scaled.jpg?fit=461%2C1024&amp;ssl=1\" data-id=\"15433\" src=\"https:\/\/i0.wp.com\/przedszkole8.pl\/wp-content\/uploads\/2025\/03\/1743182858015.jpg?resize=461%2C1024&#038;ssl=1\" alt=\"\" class=\"wp-image-15433\" srcset=\"https:\/\/i0.wp.com\/przedszkole8.pl\/wp-content\/uploads\/2025\/03\/1743182858015-scaled.jpg?resize=461%2C1024&amp;ssl=1 461w, https:\/\/i0.wp.com\/przedszkole8.pl\/wp-content\/uploads\/2025\/03\/1743182858015-scaled.jpg?resize=135%2C300&amp;ssl=1 135w, https:\/\/i0.wp.com\/przedszkole8.pl\/wp-content\/uploads\/2025\/03\/1743182858015-scaled.jpg?resize=768%2C1707&amp;ssl=1 768w, https:\/\/i0.wp.com\/przedszkole8.pl\/wp-content\/uploads\/2025\/03\/1743182858015-scaled.jpg?resize=691%2C1536&amp;ssl=1 691w, https:\/\/i0.wp.com\/przedszkole8.pl\/wp-content\/uploads\/2025\/03\/1743182858015-scaled.jpg?resize=922%2C2048&amp;ssl=1 922w, https:\/\/i0.wp.com\/przedszkole8.pl\/wp-content\/uploads\/2025\/03\/1743182858015-scaled.jpg?w=1152&amp;ssl=1 1152w, https:\/\/i0.wp.com\/przedszkole8.pl\/wp-content\/uploads\/2025\/03\/1743182858015-scaled.jpg?w=1100&amp;ssl=1 1100w\" sizes=\"auto, (max-width: 461px) 100vw, 461px\" \/><\/a><\/figure>\n<\/figure>\n\n\n\n<figure class=\"wp-block-gallery has-nested-images columns-default is-cropped wp-block-gallery-4 is-layout-flex wp-block-gallery-is-layout-flex\">\n<figure class=\"wp-block-image size-large\"><a href=\"https:\/\/i0.wp.com\/przedszkole8.pl\/wp-content\/uploads\/2025\/03\/1743182913417-scaled.jpg?ssl=1\"><img data-recalc-dims=\"1\" loading=\"lazy\" decoding=\"async\" width=\"461\" height=\"1024\" data-attachment-id=\"15434\" data-permalink=\"https:\/\/przedszkole8.pl\/?attachment_id=15434\" data-orig-file=\"https:\/\/i0.wp.com\/przedszkole8.pl\/wp-content\/uploads\/2025\/03\/1743182913417-scaled.jpg?fit=1152%2C2560&amp;ssl=1\" data-orig-size=\"1152,2560\" data-comments-opened=\"0\" data-image-meta=\"{&quot;aperture&quot;:&quot;0&quot;,&quot;credit&quot;:&quot;&quot;,&quot;camera&quot;:&quot;&quot;,&quot;caption&quot;:&quot;&quot;,&quot;created_timestamp&quot;:&quot;0&quot;,&quot;copyright&quot;:&quot;&quot;,&quot;focal_length&quot;:&quot;0&quot;,&quot;iso&quot;:&quot;0&quot;,&quot;shutter_speed&quot;:&quot;0&quot;,&quot;title&quot;:&quot;&quot;,&quot;orientation&quot;:&quot;1&quot;}\" data-image-title=\"1743182913417\" data-image-description=\"\" data-image-caption=\"\" data-medium-file=\"https:\/\/i0.wp.com\/przedszkole8.pl\/wp-content\/uploads\/2025\/03\/1743182913417-scaled.jpg?fit=135%2C300&amp;ssl=1\" data-large-file=\"https:\/\/i0.wp.com\/przedszkole8.pl\/wp-content\/uploads\/2025\/03\/1743182913417-scaled.jpg?fit=461%2C1024&amp;ssl=1\" data-id=\"15434\" src=\"https:\/\/i0.wp.com\/przedszkole8.pl\/wp-content\/uploads\/2025\/03\/1743182913417.jpg?resize=461%2C1024&#038;ssl=1\" alt=\"\" class=\"wp-image-15434\" srcset=\"https:\/\/i0.wp.com\/przedszkole8.pl\/wp-content\/uploads\/2025\/03\/1743182913417-scaled.jpg?resize=461%2C1024&amp;ssl=1 461w, https:\/\/i0.wp.com\/przedszkole8.pl\/wp-content\/uploads\/2025\/03\/1743182913417-scaled.jpg?resize=135%2C300&amp;ssl=1 135w, https:\/\/i0.wp.com\/przedszkole8.pl\/wp-content\/uploads\/2025\/03\/1743182913417-scaled.jpg?resize=768%2C1707&amp;ssl=1 768w, https:\/\/i0.wp.com\/przedszkole8.pl\/wp-content\/uploads\/2025\/03\/1743182913417-scaled.jpg?resize=691%2C1536&amp;ssl=1 691w, https:\/\/i0.wp.com\/przedszkole8.pl\/wp-content\/uploads\/2025\/03\/1743182913417-scaled.jpg?resize=922%2C2048&amp;ssl=1 922w, https:\/\/i0.wp.com\/przedszkole8.pl\/wp-content\/uploads\/2025\/03\/1743182913417-scaled.jpg?w=1152&amp;ssl=1 1152w, https:\/\/i0.wp.com\/przedszkole8.pl\/wp-content\/uploads\/2025\/03\/1743182913417-scaled.jpg?w=1100&amp;ssl=1 1100w\" sizes=\"auto, (max-width: 461px) 100vw, 461px\" \/><\/a><\/figure>\n<\/figure>\n","protected":false},"excerpt":{"rendered":"<p>Dzi\u015b, w pi\u0105tek 28 marca, zako\u0144czy\u0142 si\u0119 przedszkolny konkurs rodzinny &#8222;Droga Misia do przedszkola&#8221; &#8211; gra planszowa. W \u015brod\u0119 26 marca komisja oceniaj\u0105ca prace dzieci, wykonane z pomoc\u0105 rodzic\u00f3w, wy\u0142oni\u0142a spo\u015br\u00f3d sze\u015bciu uczestnik\u00f3w (w tym jedna praca rodze\u0144stwa) zwyci\u0119zc\u0119 konkursu. Jest nim Adam Sz. z grupy V, kt\u00f3ry otrzyma\u0142 pierwsze miejsce. Drugie miejsce zaj\u0105\u0142 Nikodem<\/p>\n","protected":false},"author":20,"featured_media":0,"comment_status":"closed","ping_status":"closed","sticky":false,"template":"","format":"standard","meta":{"jetpack_post_was_ever_published":false,"_jetpack_newsletter_access":"","_jetpack_dont_email_post_to_subs":false,"_jetpack_newsletter_tier_id":0,"_jetpack_memberships_contains_paywalled_content":false,"_jetpack_memberships_contains_paid_content":false,"footnotes":"","jetpack_publicize_message":"","jetpack_publicize_feature_enabled":true,"jetpack_social_post_already_shared":true,"jetpack_social_options":{"image_generator_settings":{"template":"highway","default_image_id":0,"font":"","enabled":false},"version":2}},"categories":[15],"tags":[],"class_list":["post-15430","post","type-post","status-publish","format-standard","hentry","category-z-zycia-przedszkola"],"jetpack_publicize_connections":[],"jetpack_featured_media_url":"","jetpack_sharing_enabled":true,"jetpack_shortlink":"https:\/\/wp.me\/p7NQjT-40S","jetpack-related-posts":[],"_links":{"self":[{"href":"https:\/\/przedszkole8.pl\/index.php?rest_route=\/wp\/v2\/posts\/15430","targetHints":{"allow":["GET"]}}],"collection":[{"href":"https:\/\/przedszkole8.pl\/index.php?rest_route=\/wp\/v2\/posts"}],"about":[{"href":"https:\/\/przedszkole8.pl\/index.php?rest_route=\/wp\/v2\/types\/post"}],"author":[{"embeddable":true,"href":"https:\/\/przedszkole8.pl\/index.php?rest_route=\/wp\/v2\/users\/20"}],"replies":[{"embeddable":true,"href":"https:\/\/przedszkole8.pl\/index.php?rest_route=%2Fwp%2Fv2%2Fcomments&post=15430"}],"version-history":[{"count":1,"href":"https:\/\/przedszkole8.pl\/index.php?rest_route=\/wp\/v2\/posts\/15430\/revisions"}],"predecessor-version":[{"id":15435,"href":"https:\/\/przedszkole8.pl\/index.php?rest_route=\/wp\/v2\/posts\/15430\/revisions\/15435"}],"wp:attachment":[{"href":"https:\/\/przedszkole8.pl\/index.php?rest_route=%2Fwp%2Fv2%2Fmedia&parent=15430"}],"wp:term":[{"taxonomy":"category","embeddable":true,"href":"https:\/\/przedszkole8.pl\/index.php?rest_route=%2Fwp%2Fv2%2Fcategories&post=15430"},{"taxonomy":"post_tag","embeddable":true,"href":"https:\/\/przedszkole8.pl\/index.php?rest_route=%2Fwp%2Fv2%2Ftags&post=15430"}],"curies":[{"name":"wp","href":"https:\/\/api.w.org\/{rel}","templated":true}]}}