{"id":15377,"date":"2025-03-21T18:52:42","date_gmt":"2025-03-21T18:52:42","guid":{"rendered":"https:\/\/przedszkole8.pl\/?p=15377"},"modified":"2025-03-21T18:52:44","modified_gmt":"2025-03-21T18:52:44","slug":"sprzatanie-lasu-2","status":"publish","type":"post","link":"https:\/\/przedszkole8.pl\/?p=15377","title":{"rendered":"Sprz\u0105tanie lasu"},"content":{"rendered":"\n<p>21 marca- wybrali\u015bmy si\u0119 do pobliskiego lasu w celu sprawdzenia jak bardzo jest za\u015bmiecony przez nas -ludzi. Byli\u015bmy dobrze przygotowani &#8211; mieli\u015bmy r\u0119kawiczki i worki na \u015bmieci. Dzieci spisa\u0142y si\u0119 na medal, zbiera\u0142y \u015bmieci z ogromnym zaanga\u017cwaniem. Pierwszy dzie\u0144 kalendarzowej wiosny by\u0142 dla Nied\u017awiadk\u00f3w bardzo pracowity. <\/p>\n\n\n\n<p> <\/p>\n\n\n\n<figure class=\"wp-block-image size-large\"><a href=\"https:\/\/i0.wp.com\/przedszkole8.pl\/wp-content\/uploads\/2025\/03\/WhatsApp-Image-2025-03-21-at-19.26.49.jpeg?ssl=1\"><img data-recalc-dims=\"1\" loading=\"lazy\" decoding=\"async\" width=\"550\" height=\"413\" data-attachment-id=\"15379\" data-permalink=\"https:\/\/przedszkole8.pl\/?attachment_id=15379\" data-orig-file=\"https:\/\/i0.wp.com\/przedszkole8.pl\/wp-content\/uploads\/2025\/03\/WhatsApp-Image-2025-03-21-at-19.26.49.jpeg?fit=1600%2C1200&amp;ssl=1\" data-orig-size=\"1600,1200\" data-comments-opened=\"0\" data-image-meta=\"{&quot;aperture&quot;:&quot;0&quot;,&quot;credit&quot;:&quot;&quot;,&quot;camera&quot;:&quot;&quot;,&quot;caption&quot;:&quot;&quot;,&quot;created_timestamp&quot;:&quot;0&quot;,&quot;copyright&quot;:&quot;&quot;,&quot;focal_length&quot;:&quot;0&quot;,&quot;iso&quot;:&quot;0&quot;,&quot;shutter_speed&quot;:&quot;0&quot;,&quot;title&quot;:&quot;&quot;,&quot;orientation&quot;:&quot;0&quot;}\" data-image-title=\"WhatsApp Image 2025-03-21 at 19.26.49\" data-image-description=\"\" data-image-caption=\"\" data-medium-file=\"https:\/\/i0.wp.com\/przedszkole8.pl\/wp-content\/uploads\/2025\/03\/WhatsApp-Image-2025-03-21-at-19.26.49.jpeg?fit=300%2C225&amp;ssl=1\" data-large-file=\"https:\/\/i0.wp.com\/przedszkole8.pl\/wp-content\/uploads\/2025\/03\/WhatsApp-Image-2025-03-21-at-19.26.49.jpeg?fit=550%2C413&amp;ssl=1\" src=\"https:\/\/i0.wp.com\/przedszkole8.pl\/wp-content\/uploads\/2025\/03\/WhatsApp-Image-2025-03-21-at-19.26.49.jpeg?resize=550%2C413&#038;ssl=1\" alt=\"\" class=\"wp-image-15379\" srcset=\"https:\/\/i0.wp.com\/przedszkole8.pl\/wp-content\/uploads\/2025\/03\/WhatsApp-Image-2025-03-21-at-19.26.49.jpeg?resize=1024%2C768&amp;ssl=1 1024w, https:\/\/i0.wp.com\/przedszkole8.pl\/wp-content\/uploads\/2025\/03\/WhatsApp-Image-2025-03-21-at-19.26.49.jpeg?resize=300%2C225&amp;ssl=1 300w, https:\/\/i0.wp.com\/przedszkole8.pl\/wp-content\/uploads\/2025\/03\/WhatsApp-Image-2025-03-21-at-19.26.49.jpeg?resize=768%2C576&amp;ssl=1 768w, https:\/\/i0.wp.com\/przedszkole8.pl\/wp-content\/uploads\/2025\/03\/WhatsApp-Image-2025-03-21-at-19.26.49.jpeg?resize=1536%2C1152&amp;ssl=1 1536w, https:\/\/i0.wp.com\/przedszkole8.pl\/wp-content\/uploads\/2025\/03\/WhatsApp-Image-2025-03-21-at-19.26.49.jpeg?w=1600&amp;ssl=1 1600w, https:\/\/i0.wp.com\/przedszkole8.pl\/wp-content\/uploads\/2025\/03\/WhatsApp-Image-2025-03-21-at-19.26.49.jpeg?w=1100&amp;ssl=1 1100w\" sizes=\"auto, (max-width: 550px) 100vw, 550px\" \/><\/a><\/figure>\n","protected":false},"excerpt":{"rendered":"<p>21 marca- wybrali\u015bmy si\u0119 do pobliskiego lasu w celu sprawdzenia jak bardzo jest za\u015bmiecony przez nas -ludzi. Byli\u015bmy dobrze przygotowani &#8211; mieli\u015bmy r\u0119kawiczki i worki na \u015bmieci. Dzieci spisa\u0142y si\u0119 na medal, zbiera\u0142y \u015bmieci z ogromnym zaanga\u017cwaniem. Pierwszy dzie\u0144 kalendarzowej wiosny by\u0142 dla Nied\u017awiadk\u00f3w bardzo pracowity.<\/p>\n","protected":false},"author":24,"featured_media":0,"comment_status":"closed","ping_status":"closed","sticky":false,"template":"","format":"standard","meta":{"jetpack_post_was_ever_published":false,"_jetpack_newsletter_access":"","_jetpack_dont_email_post_to_subs":false,"_jetpack_newsletter_tier_id":0,"_jetpack_memberships_contains_paywalled_content":false,"_jetpack_memberships_contains_paid_content":false,"footnotes":"","jetpack_publicize_message":"","jetpack_publicize_feature_enabled":true,"jetpack_social_post_already_shared":true,"jetpack_social_options":{"image_generator_settings":{"template":"highway","default_image_id":0,"font":"","enabled":false},"version":2}},"categories":[52],"tags":[],"class_list":["post-15377","post","type-post","status-publish","format-standard","hentry","category-niedzwiadki-24-25"],"jetpack_publicize_connections":[],"jetpack_featured_media_url":"","jetpack_sharing_enabled":true,"jetpack_shortlink":"https:\/\/wp.me\/p7NQjT-401","jetpack-related-posts":[],"_links":{"self":[{"href":"https:\/\/przedszkole8.pl\/index.php?rest_route=\/wp\/v2\/posts\/15377","targetHints":{"allow":["GET"]}}],"collection":[{"href":"https:\/\/przedszkole8.pl\/index.php?rest_route=\/wp\/v2\/posts"}],"about":[{"href":"https:\/\/przedszkole8.pl\/index.php?rest_route=\/wp\/v2\/types\/post"}],"author":[{"embeddable":true,"href":"https:\/\/przedszkole8.pl\/index.php?rest_route=\/wp\/v2\/users\/24"}],"replies":[{"embeddable":true,"href":"https:\/\/przedszkole8.pl\/index.php?rest_route=%2Fwp%2Fv2%2Fcomments&post=15377"}],"version-history":[{"count":1,"href":"https:\/\/przedszkole8.pl\/index.php?rest_route=\/wp\/v2\/posts\/15377\/revisions"}],"predecessor-version":[{"id":15380,"href":"https:\/\/przedszkole8.pl\/index.php?rest_route=\/wp\/v2\/posts\/15377\/revisions\/15380"}],"wp:attachment":[{"href":"https:\/\/przedszkole8.pl\/index.php?rest_route=%2Fwp%2Fv2%2Fmedia&parent=15377"}],"wp:term":[{"taxonomy":"category","embeddable":true,"href":"https:\/\/przedszkole8.pl\/index.php?rest_route=%2Fwp%2Fv2%2Fcategories&post=15377"},{"taxonomy":"post_tag","embeddable":true,"href":"https:\/\/przedszkole8.pl\/index.php?rest_route=%2Fwp%2Fv2%2Ftags&post=15377"}],"curies":[{"name":"wp","href":"https:\/\/api.w.org\/{rel}","templated":true}]}}