{"id":15374,"date":"2025-03-21T18:23:30","date_gmt":"2025-03-21T18:23:30","guid":{"rendered":"https:\/\/przedszkole8.pl\/?p=15374"},"modified":"2025-03-24T12:03:03","modified_gmt":"2025-03-24T12:03:03","slug":"wizyta-mamy-antosia","status":"publish","type":"post","link":"https:\/\/przedszkole8.pl\/?p=15374","title":{"rendered":"Wizyta mamy Antosia"},"content":{"rendered":"\n<p>20 marca go\u015bcili\u015bmy w naszej grupie jednego z rodzic\u00f3w- mam\u0119 Antosia, kt\u00f3ra przygotowa\u0142a dla dzieci kilka zada\u0144 do wykonania. Po kr\u00f3tkiej rozmowie na temat dnia -21 marca jako nieprzypadkowej dacie \u2013\u00a0<strong>nawi\u0105zuj\u0105cej do obecno\u015bci trzeciego chromosomu w 21 parze chromosom\u00f3w<\/strong> oraz zak\u0142adania koloroweych skarpetek nie do pary aby pokaza\u0107 \u017ce akceptujemy i szanujemy osoby z zespo\u0142em Downa, Nied\u017awiadki szukamy w sali kolorowych papierowych skarpetek ukrytych przez mam\u0119 Antosia a nastepnie same wykonywa\u0142y skarpetki przy u\u017cyciu kartonu i kolorowych w\u0142\u00f3czek. Na zako\u0144czenie ka\u017cde z dzieci otrzyma\u0142o s\u0142odki upominek. Bardzo dziekujemy mamie Antosia za po\u015bwi\u0119cony czas. \ud83d\ude42<\/p>\n","protected":false},"excerpt":{"rendered":"<p>20 marca go\u015bcili\u015bmy w naszej grupie jednego z rodzic\u00f3w- mam\u0119 Antosia, kt\u00f3ra przygotowa\u0142a dla dzieci kilka zada\u0144 do wykonania. Po kr\u00f3tkiej rozmowie na temat dnia -21 marca jako nieprzypadkowej dacie \u2013\u00a0nawi\u0105zuj\u0105cej do obecno\u015bci trzeciego chromosomu w 21 parze chromosom\u00f3w oraz zak\u0142adania koloroweych skarpetek nie do pary aby pokaza\u0107 \u017ce akceptujemy i szanujemy osoby z zespo\u0142em<\/p>\n","protected":false},"author":24,"featured_media":0,"comment_status":"closed","ping_status":"closed","sticky":false,"template":"","format":"standard","meta":{"jetpack_post_was_ever_published":false,"_jetpack_newsletter_access":"","_jetpack_dont_email_post_to_subs":false,"_jetpack_newsletter_tier_id":0,"_jetpack_memberships_contains_paywalled_content":false,"_jetpack_memberships_contains_paid_content":false,"footnotes":"","jetpack_publicize_message":"","jetpack_publicize_feature_enabled":true,"jetpack_social_post_already_shared":true,"jetpack_social_options":{"image_generator_settings":{"template":"highway","default_image_id":0,"font":"","enabled":false},"version":2}},"categories":[52],"tags":[],"class_list":["post-15374","post","type-post","status-publish","format-standard","hentry","category-niedzwiadki-24-25"],"jetpack_publicize_connections":[],"jetpack_featured_media_url":"","jetpack_sharing_enabled":true,"jetpack_shortlink":"https:\/\/wp.me\/p7NQjT-3ZY","jetpack-related-posts":[],"_links":{"self":[{"href":"https:\/\/przedszkole8.pl\/index.php?rest_route=\/wp\/v2\/posts\/15374","targetHints":{"allow":["GET"]}}],"collection":[{"href":"https:\/\/przedszkole8.pl\/index.php?rest_route=\/wp\/v2\/posts"}],"about":[{"href":"https:\/\/przedszkole8.pl\/index.php?rest_route=\/wp\/v2\/types\/post"}],"author":[{"embeddable":true,"href":"https:\/\/przedszkole8.pl\/index.php?rest_route=\/wp\/v2\/users\/24"}],"replies":[{"embeddable":true,"href":"https:\/\/przedszkole8.pl\/index.php?rest_route=%2Fwp%2Fv2%2Fcomments&post=15374"}],"version-history":[{"count":3,"href":"https:\/\/przedszkole8.pl\/index.php?rest_route=\/wp\/v2\/posts\/15374\/revisions"}],"predecessor-version":[{"id":15429,"href":"https:\/\/przedszkole8.pl\/index.php?rest_route=\/wp\/v2\/posts\/15374\/revisions\/15429"}],"wp:attachment":[{"href":"https:\/\/przedszkole8.pl\/index.php?rest_route=%2Fwp%2Fv2%2Fmedia&parent=15374"}],"wp:term":[{"taxonomy":"category","embeddable":true,"href":"https:\/\/przedszkole8.pl\/index.php?rest_route=%2Fwp%2Fv2%2Fcategories&post=15374"},{"taxonomy":"post_tag","embeddable":true,"href":"https:\/\/przedszkole8.pl\/index.php?rest_route=%2Fwp%2Fv2%2Ftags&post=15374"}],"curies":[{"name":"wp","href":"https:\/\/api.w.org\/{rel}","templated":true}]}}