{"id":15371,"date":"2025-03-21T18:10:51","date_gmt":"2025-03-21T18:10:51","guid":{"rendered":"https:\/\/przedszkole8.pl\/?p=15371"},"modified":"2025-03-21T18:13:16","modified_gmt":"2025-03-21T18:13:16","slug":"witamy-wiosne","status":"publish","type":"post","link":"https:\/\/przedszkole8.pl\/?p=15371","title":{"rendered":"Witamy wiosn\u0119"},"content":{"rendered":"\n<p>20 marca w przedszkolnym ogrodzie wszystkie dzieci ze \u015bpiewem na ustach po\u017cegna\u0142y zim\u0119 i powita\u0142y wiosn\u0119. Towarzyszy\u0142y im marzanny. Teraz ju\u017c tylko czekamy na coraz cieplejsze dni:)<\/p>\n\n\n\n<figure class=\"wp-block-image size-large\"><a href=\"https:\/\/i0.wp.com\/przedszkole8.pl\/wp-content\/uploads\/2025\/03\/WhatsApp-Image-2025-03-20-at-21.31.49.jpeg?ssl=1\"><img data-recalc-dims=\"1\" loading=\"lazy\" decoding=\"async\" width=\"550\" height=\"413\" data-attachment-id=\"15372\" data-permalink=\"https:\/\/przedszkole8.pl\/?attachment_id=15372\" data-orig-file=\"https:\/\/i0.wp.com\/przedszkole8.pl\/wp-content\/uploads\/2025\/03\/WhatsApp-Image-2025-03-20-at-21.31.49.jpeg?fit=1600%2C1200&amp;ssl=1\" data-orig-size=\"1600,1200\" data-comments-opened=\"0\" data-image-meta=\"{&quot;aperture&quot;:&quot;0&quot;,&quot;credit&quot;:&quot;&quot;,&quot;camera&quot;:&quot;&quot;,&quot;caption&quot;:&quot;&quot;,&quot;created_timestamp&quot;:&quot;0&quot;,&quot;copyright&quot;:&quot;&quot;,&quot;focal_length&quot;:&quot;0&quot;,&quot;iso&quot;:&quot;0&quot;,&quot;shutter_speed&quot;:&quot;0&quot;,&quot;title&quot;:&quot;&quot;,&quot;orientation&quot;:&quot;0&quot;}\" data-image-title=\"WhatsApp Image 2025-03-20 at 21.31.49\" data-image-description=\"\" data-image-caption=\"\" data-medium-file=\"https:\/\/i0.wp.com\/przedszkole8.pl\/wp-content\/uploads\/2025\/03\/WhatsApp-Image-2025-03-20-at-21.31.49.jpeg?fit=300%2C225&amp;ssl=1\" data-large-file=\"https:\/\/i0.wp.com\/przedszkole8.pl\/wp-content\/uploads\/2025\/03\/WhatsApp-Image-2025-03-20-at-21.31.49.jpeg?fit=550%2C413&amp;ssl=1\" src=\"https:\/\/i0.wp.com\/przedszkole8.pl\/wp-content\/uploads\/2025\/03\/WhatsApp-Image-2025-03-20-at-21.31.49.jpeg?resize=550%2C413&#038;ssl=1\" alt=\"\" class=\"wp-image-15372\" srcset=\"https:\/\/i0.wp.com\/przedszkole8.pl\/wp-content\/uploads\/2025\/03\/WhatsApp-Image-2025-03-20-at-21.31.49.jpeg?resize=1024%2C768&amp;ssl=1 1024w, https:\/\/i0.wp.com\/przedszkole8.pl\/wp-content\/uploads\/2025\/03\/WhatsApp-Image-2025-03-20-at-21.31.49.jpeg?resize=300%2C225&amp;ssl=1 300w, https:\/\/i0.wp.com\/przedszkole8.pl\/wp-content\/uploads\/2025\/03\/WhatsApp-Image-2025-03-20-at-21.31.49.jpeg?resize=768%2C576&amp;ssl=1 768w, https:\/\/i0.wp.com\/przedszkole8.pl\/wp-content\/uploads\/2025\/03\/WhatsApp-Image-2025-03-20-at-21.31.49.jpeg?resize=1536%2C1152&amp;ssl=1 1536w, https:\/\/i0.wp.com\/przedszkole8.pl\/wp-content\/uploads\/2025\/03\/WhatsApp-Image-2025-03-20-at-21.31.49.jpeg?w=1600&amp;ssl=1 1600w, https:\/\/i0.wp.com\/przedszkole8.pl\/wp-content\/uploads\/2025\/03\/WhatsApp-Image-2025-03-20-at-21.31.49.jpeg?w=1100&amp;ssl=1 1100w\" sizes=\"auto, (max-width: 550px) 100vw, 550px\" \/><\/a><\/figure>\n","protected":false},"excerpt":{"rendered":"<p>20 marca w przedszkolnym ogrodzie wszystkie dzieci ze \u015bpiewem na ustach po\u017cegna\u0142y zim\u0119 i powita\u0142y wiosn\u0119. Towarzyszy\u0142y im marzanny. Teraz ju\u017c tylko czekamy na coraz cieplejsze dni:)<\/p>\n","protected":false},"author":24,"featured_media":0,"comment_status":"closed","ping_status":"closed","sticky":false,"template":"","format":"standard","meta":{"jetpack_post_was_ever_published":false,"_jetpack_newsletter_access":"","_jetpack_dont_email_post_to_subs":false,"_jetpack_newsletter_tier_id":0,"_jetpack_memberships_contains_paywalled_content":false,"_jetpack_memberships_contains_paid_content":false,"footnotes":"","jetpack_publicize_message":"","jetpack_publicize_feature_enabled":true,"jetpack_social_post_already_shared":true,"jetpack_social_options":{"image_generator_settings":{"template":"highway","default_image_id":0,"font":"","enabled":false},"version":2}},"categories":[16,52],"tags":[],"class_list":["post-15371","post","type-post","status-publish","format-standard","hentry","category-nowosci","category-niedzwiadki-24-25"],"jetpack_publicize_connections":[],"jetpack_featured_media_url":"","jetpack_sharing_enabled":true,"jetpack_shortlink":"https:\/\/wp.me\/p7NQjT-3ZV","jetpack-related-posts":[],"_links":{"self":[{"href":"https:\/\/przedszkole8.pl\/index.php?rest_route=\/wp\/v2\/posts\/15371","targetHints":{"allow":["GET"]}}],"collection":[{"href":"https:\/\/przedszkole8.pl\/index.php?rest_route=\/wp\/v2\/posts"}],"about":[{"href":"https:\/\/przedszkole8.pl\/index.php?rest_route=\/wp\/v2\/types\/post"}],"author":[{"embeddable":true,"href":"https:\/\/przedszkole8.pl\/index.php?rest_route=\/wp\/v2\/users\/24"}],"replies":[{"embeddable":true,"href":"https:\/\/przedszkole8.pl\/index.php?rest_route=%2Fwp%2Fv2%2Fcomments&post=15371"}],"version-history":[{"count":1,"href":"https:\/\/przedszkole8.pl\/index.php?rest_route=\/wp\/v2\/posts\/15371\/revisions"}],"predecessor-version":[{"id":15373,"href":"https:\/\/przedszkole8.pl\/index.php?rest_route=\/wp\/v2\/posts\/15371\/revisions\/15373"}],"wp:attachment":[{"href":"https:\/\/przedszkole8.pl\/index.php?rest_route=%2Fwp%2Fv2%2Fmedia&parent=15371"}],"wp:term":[{"taxonomy":"category","embeddable":true,"href":"https:\/\/przedszkole8.pl\/index.php?rest_route=%2Fwp%2Fv2%2Fcategories&post=15371"},{"taxonomy":"post_tag","embeddable":true,"href":"https:\/\/przedszkole8.pl\/index.php?rest_route=%2Fwp%2Fv2%2Ftags&post=15371"}],"curies":[{"name":"wp","href":"https:\/\/api.w.org\/{rel}","templated":true}]}}