{"id":15234,"date":"2025-01-27T17:50:10","date_gmt":"2025-01-27T17:50:10","guid":{"rendered":"https:\/\/przedszkole8.pl\/?p=15234"},"modified":"2025-01-27T17:50:11","modified_gmt":"2025-01-27T17:50:11","slug":"urodzinki-u-niedzwiadkow-3","status":"publish","type":"post","link":"https:\/\/przedszkole8.pl\/?p=15234","title":{"rendered":"Urodzinki u Nied\u017awiadk\u00f3w"},"content":{"rendered":"<p>W pi\u0105tek 24 stycznia \u015bwi\u0119towali\u015bmy w naszej grupie kolejne ju\u017c urodzinki. 6 lat sko\u0144czy\u0142a Julka, Miko\u0142aj i Krystian, a ju\u017c za kilka dni 7 lat sko\u0144czy Ania. Solenizantom \u017cyczymy 100 lat i samych wspania\u0142ych dni!<\/p>\n<p>\u00a0<\/p>\n\n<div class=\"wp-block-image\">\n<figure class=\"aligncenter size-full is-resized\"><a href=\"https:\/\/i0.wp.com\/przedszkole8.pl\/wp-content\/uploads\/2024\/09\/urodziny-w-dinolandii-tort.png?ssl=1\"><img data-recalc-dims=\"1\" loading=\"lazy\" decoding=\"async\" width=\"550\" height=\"474\" data-attachment-id=\"14732\" data-permalink=\"https:\/\/przedszkole8.pl\/?attachment_id=14732\" data-orig-file=\"https:\/\/i0.wp.com\/przedszkole8.pl\/wp-content\/uploads\/2024\/09\/urodziny-w-dinolandii-tort.png?fit=800%2C689&amp;ssl=1\" data-orig-size=\"800,689\" data-comments-opened=\"0\" data-image-meta=\"{&quot;aperture&quot;:&quot;0&quot;,&quot;credit&quot;:&quot;&quot;,&quot;camera&quot;:&quot;&quot;,&quot;caption&quot;:&quot;&quot;,&quot;created_timestamp&quot;:&quot;0&quot;,&quot;copyright&quot;:&quot;&quot;,&quot;focal_length&quot;:&quot;0&quot;,&quot;iso&quot;:&quot;0&quot;,&quot;shutter_speed&quot;:&quot;0&quot;,&quot;title&quot;:&quot;&quot;,&quot;orientation&quot;:&quot;0&quot;}\" data-image-title=\"urodziny-w-dinolandii-tort\" data-image-description=\"\" data-image-caption=\"\" data-medium-file=\"https:\/\/i0.wp.com\/przedszkole8.pl\/wp-content\/uploads\/2024\/09\/urodziny-w-dinolandii-tort.png?fit=300%2C258&amp;ssl=1\" data-large-file=\"https:\/\/i0.wp.com\/przedszkole8.pl\/wp-content\/uploads\/2024\/09\/urodziny-w-dinolandii-tort.png?fit=550%2C474&amp;ssl=1\" src=\"https:\/\/i0.wp.com\/przedszkole8.pl\/wp-content\/uploads\/2024\/09\/urodziny-w-dinolandii-tort.png?resize=550%2C474&#038;ssl=1\" alt=\"\" class=\"wp-image-14732\" style=\"width:233px;height:auto\" srcset=\"https:\/\/i0.wp.com\/przedszkole8.pl\/wp-content\/uploads\/2024\/09\/urodziny-w-dinolandii-tort.png?w=800&amp;ssl=1 800w, https:\/\/i0.wp.com\/przedszkole8.pl\/wp-content\/uploads\/2024\/09\/urodziny-w-dinolandii-tort.png?resize=300%2C258&amp;ssl=1 300w, https:\/\/i0.wp.com\/przedszkole8.pl\/wp-content\/uploads\/2024\/09\/urodziny-w-dinolandii-tort.png?resize=768%2C661&amp;ssl=1 768w\" sizes=\"auto, (max-width: 550px) 100vw, 550px\" \/><\/a><\/figure><\/div>","protected":false},"excerpt":{"rendered":"<p>W pi\u0105tek 24 stycznia \u015bwi\u0119towali\u015bmy w naszej grupie kolejne ju\u017c urodzinki. 6 lat sko\u0144czy\u0142a Julka, Miko\u0142aj i Krystian, a ju\u017c za kilka dni 7 lat sko\u0144czy Ania. Solenizantom \u017cyczymy 100 lat i samych wspania\u0142ych dni! \u00a0<\/p>\n","protected":false},"author":24,"featured_media":0,"comment_status":"closed","ping_status":"closed","sticky":false,"template":"","format":"standard","meta":{"jetpack_post_was_ever_published":false,"_jetpack_newsletter_access":"","_jetpack_dont_email_post_to_subs":false,"_jetpack_newsletter_tier_id":0,"_jetpack_memberships_contains_paywalled_content":false,"_jetpack_memberships_contains_paid_content":false,"footnotes":"","jetpack_publicize_message":"","jetpack_publicize_feature_enabled":true,"jetpack_social_post_already_shared":true,"jetpack_social_options":{"image_generator_settings":{"template":"highway","default_image_id":0,"font":"","enabled":false},"version":2}},"categories":[52],"tags":[],"class_list":["post-15234","post","type-post","status-publish","format-standard","hentry","category-niedzwiadki-24-25"],"jetpack_publicize_connections":[],"jetpack_featured_media_url":"","jetpack_sharing_enabled":true,"jetpack_shortlink":"https:\/\/wp.me\/p7NQjT-3XI","jetpack-related-posts":[],"_links":{"self":[{"href":"https:\/\/przedszkole8.pl\/index.php?rest_route=\/wp\/v2\/posts\/15234","targetHints":{"allow":["GET"]}}],"collection":[{"href":"https:\/\/przedszkole8.pl\/index.php?rest_route=\/wp\/v2\/posts"}],"about":[{"href":"https:\/\/przedszkole8.pl\/index.php?rest_route=\/wp\/v2\/types\/post"}],"author":[{"embeddable":true,"href":"https:\/\/przedszkole8.pl\/index.php?rest_route=\/wp\/v2\/users\/24"}],"replies":[{"embeddable":true,"href":"https:\/\/przedszkole8.pl\/index.php?rest_route=%2Fwp%2Fv2%2Fcomments&post=15234"}],"version-history":[{"count":1,"href":"https:\/\/przedszkole8.pl\/index.php?rest_route=\/wp\/v2\/posts\/15234\/revisions"}],"predecessor-version":[{"id":15237,"href":"https:\/\/przedszkole8.pl\/index.php?rest_route=\/wp\/v2\/posts\/15234\/revisions\/15237"}],"wp:attachment":[{"href":"https:\/\/przedszkole8.pl\/index.php?rest_route=%2Fwp%2Fv2%2Fmedia&parent=15234"}],"wp:term":[{"taxonomy":"category","embeddable":true,"href":"https:\/\/przedszkole8.pl\/index.php?rest_route=%2Fwp%2Fv2%2Fcategories&post=15234"},{"taxonomy":"post_tag","embeddable":true,"href":"https:\/\/przedszkole8.pl\/index.php?rest_route=%2Fwp%2Fv2%2Ftags&post=15234"}],"curies":[{"name":"wp","href":"https:\/\/api.w.org\/{rel}","templated":true}]}}