{"id":15218,"date":"2025-01-24T09:55:55","date_gmt":"2025-01-24T09:55:55","guid":{"rendered":"https:\/\/przedszkole8.pl\/?p=15218"},"modified":"2025-01-24T09:55:56","modified_gmt":"2025-01-24T09:55:56","slug":"spacer-do-lasu-9","status":"publish","type":"post","link":"https:\/\/przedszkole8.pl\/?p=15218","title":{"rendered":"Spacer do lasu"},"content":{"rendered":"<p>We wtorek 14 stycznia poszli\u015bmy na spacer do zimowego lasu. Le\u017c\u0105cy w lesie \u015bnieg u\u0142atwi\u0142 nam obserwacje trop\u00f3w zwierz\u0105t, dla kt\u00f3rych las ten jest domem. Opr\u00f3cz obserwacji \u015blad\u00f3w, wypatrywali\u015bmy tak\u017ce ptak\u00f3w, poszli\u015bmy r\u00f3wnie\u017c zobaczy\u0107 widok na gdy\u0144ski port. W trakcie spaceru poszukiwali\u015bmy te\u017c przedmiot\u00f3w, kt\u00f3rych nazwy rozpoczyna\u0142y si\u0119 g\u0142osk\u0105 &#8222;b&#8221;, gdy\u017c w\u0142a\u015bnie t\u0119 liter\u0119 poznali\u015bmy tego dnia rano. Przyjemny spacer do lasu by\u0142 dla nas inspiracj\u0105 do kolejnej pracy plastycznej pt. &#8222;Zimowy las&#8221;.<\/p>\n\n\n<figure class=\"wp-block-image size-large\"><a href=\"https:\/\/i0.wp.com\/przedszkole8.pl\/wp-content\/uploads\/2025\/01\/20250116_093424-scaled.jpg?ssl=1\"><img data-recalc-dims=\"1\" loading=\"lazy\" decoding=\"async\" width=\"550\" height=\"409\" data-attachment-id=\"15220\" data-permalink=\"https:\/\/przedszkole8.pl\/?attachment_id=15220\" data-orig-file=\"https:\/\/i0.wp.com\/przedszkole8.pl\/wp-content\/uploads\/2025\/01\/20250116_093424-scaled.jpg?fit=2560%2C1901&amp;ssl=1\" data-orig-size=\"2560,1901\" data-comments-opened=\"0\" data-image-meta=\"{&quot;aperture&quot;:&quot;1.7&quot;,&quot;credit&quot;:&quot;&quot;,&quot;camera&quot;:&quot;SM-A405FN&quot;,&quot;caption&quot;:&quot;&quot;,&quot;created_timestamp&quot;:&quot;1737020061&quot;,&quot;copyright&quot;:&quot;&quot;,&quot;focal_length&quot;:&quot;3.92&quot;,&quot;iso&quot;:&quot;320&quot;,&quot;shutter_speed&quot;:&quot;0.02&quot;,&quot;title&quot;:&quot;&quot;,&quot;orientation&quot;:&quot;0&quot;}\" data-image-title=\"20250116_093424\" data-image-description=\"\" data-image-caption=\"\" data-medium-file=\"https:\/\/i0.wp.com\/przedszkole8.pl\/wp-content\/uploads\/2025\/01\/20250116_093424-scaled.jpg?fit=300%2C223&amp;ssl=1\" data-large-file=\"https:\/\/i0.wp.com\/przedszkole8.pl\/wp-content\/uploads\/2025\/01\/20250116_093424-scaled.jpg?fit=550%2C409&amp;ssl=1\" src=\"https:\/\/i0.wp.com\/przedszkole8.pl\/wp-content\/uploads\/2025\/01\/20250116_093424.jpg?resize=550%2C409&#038;ssl=1\" alt=\"\" class=\"wp-image-15220\" srcset=\"https:\/\/i0.wp.com\/przedszkole8.pl\/wp-content\/uploads\/2025\/01\/20250116_093424-scaled.jpg?resize=1024%2C761&amp;ssl=1 1024w, https:\/\/i0.wp.com\/przedszkole8.pl\/wp-content\/uploads\/2025\/01\/20250116_093424-scaled.jpg?resize=300%2C223&amp;ssl=1 300w, https:\/\/i0.wp.com\/przedszkole8.pl\/wp-content\/uploads\/2025\/01\/20250116_093424-scaled.jpg?resize=768%2C570&amp;ssl=1 768w, https:\/\/i0.wp.com\/przedszkole8.pl\/wp-content\/uploads\/2025\/01\/20250116_093424-scaled.jpg?resize=1536%2C1141&amp;ssl=1 1536w, https:\/\/i0.wp.com\/przedszkole8.pl\/wp-content\/uploads\/2025\/01\/20250116_093424-scaled.jpg?resize=2048%2C1521&amp;ssl=1 2048w, https:\/\/i0.wp.com\/przedszkole8.pl\/wp-content\/uploads\/2025\/01\/20250116_093424-scaled.jpg?w=1100&amp;ssl=1 1100w, https:\/\/i0.wp.com\/przedszkole8.pl\/wp-content\/uploads\/2025\/01\/20250116_093424-scaled.jpg?w=1650&amp;ssl=1 1650w\" sizes=\"auto, (max-width: 550px) 100vw, 550px\" \/><\/a><\/figure>\n","protected":false},"excerpt":{"rendered":"<p>We wtorek 14 stycznia poszli\u015bmy na spacer do zimowego lasu. Le\u017c\u0105cy w lesie \u015bnieg u\u0142atwi\u0142 nam obserwacje trop\u00f3w zwierz\u0105t, dla kt\u00f3rych las ten jest domem. Opr\u00f3cz obserwacji \u015blad\u00f3w, wypatrywali\u015bmy tak\u017ce ptak\u00f3w, poszli\u015bmy r\u00f3wnie\u017c zobaczy\u0107 widok na gdy\u0144ski port. W trakcie spaceru poszukiwali\u015bmy te\u017c przedmiot\u00f3w, kt\u00f3rych nazwy rozpoczyna\u0142y si\u0119 g\u0142osk\u0105 &#8222;b&#8221;, gdy\u017c w\u0142a\u015bnie t\u0119 liter\u0119 poznali\u015bmy<\/p>\n","protected":false},"author":24,"featured_media":0,"comment_status":"closed","ping_status":"closed","sticky":false,"template":"","format":"standard","meta":{"jetpack_post_was_ever_published":false,"_jetpack_newsletter_access":"","_jetpack_dont_email_post_to_subs":false,"_jetpack_newsletter_tier_id":0,"_jetpack_memberships_contains_paywalled_content":false,"_jetpack_memberships_contains_paid_content":false,"footnotes":"","jetpack_publicize_message":"","jetpack_publicize_feature_enabled":true,"jetpack_social_post_already_shared":true,"jetpack_social_options":{"image_generator_settings":{"template":"highway","default_image_id":0,"font":"","enabled":false},"version":2}},"categories":[52],"tags":[],"class_list":["post-15218","post","type-post","status-publish","format-standard","hentry","category-niedzwiadki-24-25"],"jetpack_publicize_connections":[],"jetpack_featured_media_url":"","jetpack_sharing_enabled":true,"jetpack_shortlink":"https:\/\/wp.me\/p7NQjT-3Xs","jetpack-related-posts":[],"_links":{"self":[{"href":"https:\/\/przedszkole8.pl\/index.php?rest_route=\/wp\/v2\/posts\/15218","targetHints":{"allow":["GET"]}}],"collection":[{"href":"https:\/\/przedszkole8.pl\/index.php?rest_route=\/wp\/v2\/posts"}],"about":[{"href":"https:\/\/przedszkole8.pl\/index.php?rest_route=\/wp\/v2\/types\/post"}],"author":[{"embeddable":true,"href":"https:\/\/przedszkole8.pl\/index.php?rest_route=\/wp\/v2\/users\/24"}],"replies":[{"embeddable":true,"href":"https:\/\/przedszkole8.pl\/index.php?rest_route=%2Fwp%2Fv2%2Fcomments&post=15218"}],"version-history":[{"count":2,"href":"https:\/\/przedszkole8.pl\/index.php?rest_route=\/wp\/v2\/posts\/15218\/revisions"}],"predecessor-version":[{"id":15221,"href":"https:\/\/przedszkole8.pl\/index.php?rest_route=\/wp\/v2\/posts\/15218\/revisions\/15221"}],"wp:attachment":[{"href":"https:\/\/przedszkole8.pl\/index.php?rest_route=%2Fwp%2Fv2%2Fmedia&parent=15218"}],"wp:term":[{"taxonomy":"category","embeddable":true,"href":"https:\/\/przedszkole8.pl\/index.php?rest_route=%2Fwp%2Fv2%2Fcategories&post=15218"},{"taxonomy":"post_tag","embeddable":true,"href":"https:\/\/przedszkole8.pl\/index.php?rest_route=%2Fwp%2Fv2%2Ftags&post=15218"}],"curies":[{"name":"wp","href":"https:\/\/api.w.org\/{rel}","templated":true}]}}