{"id":15213,"date":"2025-01-20T07:33:35","date_gmt":"2025-01-20T07:33:35","guid":{"rendered":"https:\/\/przedszkole8.pl\/?p=15213"},"modified":"2025-01-20T07:33:36","modified_gmt":"2025-01-20T07:33:36","slug":"bal-karnawalowy-12","status":"publish","type":"post","link":"https:\/\/przedszkole8.pl\/?p=15213","title":{"rendered":"Bal karnawa\u0142owy"},"content":{"rendered":"\n<p>Bal karnawa\u0142owy pod has\u0142em &#8222;Roboty i robotki&#8221; odb\u0119dzie si\u0119 w czwartek 6.02.2025 r.  Grupy I i II bawi\u0105 si\u0119 od godziny 9:00, a grupy III, IV i V od godziny 10:00.<\/p>\n","protected":false},"excerpt":{"rendered":"<p>Bal karnawa\u0142owy pod has\u0142em &#8222;Roboty i robotki&#8221; odb\u0119dzie si\u0119 w czwartek 6.02.2025 r. Grupy I i II bawi\u0105 si\u0119 od godziny 9:00, a grupy III, IV i V od godziny 10:00.<\/p>\n","protected":false},"author":1,"featured_media":0,"comment_status":"closed","ping_status":"closed","sticky":false,"template":"","format":"standard","meta":{"jetpack_post_was_ever_published":false,"_jetpack_newsletter_access":"","_jetpack_dont_email_post_to_subs":false,"_jetpack_newsletter_tier_id":0,"_jetpack_memberships_contains_paywalled_content":false,"_jetpack_memberships_contains_paid_content":false,"footnotes":"","jetpack_publicize_message":"","jetpack_publicize_feature_enabled":true,"jetpack_social_post_already_shared":true,"jetpack_social_options":{"image_generator_settings":{"template":"highway","default_image_id":0,"font":"","enabled":false},"version":2}},"categories":[16],"tags":[],"class_list":["post-15213","post","type-post","status-publish","format-standard","hentry","category-nowosci"],"jetpack_publicize_connections":[],"jetpack_featured_media_url":"","jetpack_sharing_enabled":true,"jetpack_shortlink":"https:\/\/wp.me\/p7NQjT-3Xn","jetpack-related-posts":[],"_links":{"self":[{"href":"https:\/\/przedszkole8.pl\/index.php?rest_route=\/wp\/v2\/posts\/15213","targetHints":{"allow":["GET"]}}],"collection":[{"href":"https:\/\/przedszkole8.pl\/index.php?rest_route=\/wp\/v2\/posts"}],"about":[{"href":"https:\/\/przedszkole8.pl\/index.php?rest_route=\/wp\/v2\/types\/post"}],"author":[{"embeddable":true,"href":"https:\/\/przedszkole8.pl\/index.php?rest_route=\/wp\/v2\/users\/1"}],"replies":[{"embeddable":true,"href":"https:\/\/przedszkole8.pl\/index.php?rest_route=%2Fwp%2Fv2%2Fcomments&post=15213"}],"version-history":[{"count":1,"href":"https:\/\/przedszkole8.pl\/index.php?rest_route=\/wp\/v2\/posts\/15213\/revisions"}],"predecessor-version":[{"id":15214,"href":"https:\/\/przedszkole8.pl\/index.php?rest_route=\/wp\/v2\/posts\/15213\/revisions\/15214"}],"wp:attachment":[{"href":"https:\/\/przedszkole8.pl\/index.php?rest_route=%2Fwp%2Fv2%2Fmedia&parent=15213"}],"wp:term":[{"taxonomy":"category","embeddable":true,"href":"https:\/\/przedszkole8.pl\/index.php?rest_route=%2Fwp%2Fv2%2Fcategories&post=15213"},{"taxonomy":"post_tag","embeddable":true,"href":"https:\/\/przedszkole8.pl\/index.php?rest_route=%2Fwp%2Fv2%2Ftags&post=15213"}],"curies":[{"name":"wp","href":"https:\/\/api.w.org\/{rel}","templated":true}]}}