{"id":15188,"date":"2025-01-20T07:31:33","date_gmt":"2025-01-20T07:31:33","guid":{"rendered":"https:\/\/przedszkole8.pl\/?p=15188"},"modified":"2025-01-20T07:31:34","modified_gmt":"2025-01-20T07:31:34","slug":"dzien-babci-i-dziadka-11","status":"publish","type":"post","link":"https:\/\/przedszkole8.pl\/?p=15188","title":{"rendered":"Dzie\u0144 Babci i Dziadka"},"content":{"rendered":"\n<p>Serdecznie zapraszamy Babcie i Dziadk\u00f3w naszych przedszkolak\u00f3w na uroczysto\u015bci przygotowane dla Nich w nast\u0119puj\u0105cych dniach:<\/p>\n\n\n\n<p>27.01.2025 r (poniedzia\u0142ek) grupa I &#8222;Puchatki&#8221;<\/p>\n\n\n\n<p>28.01.2025 r (wtorek) grupa II &#8222;Uszatki&#8221;<\/p>\n\n\n\n<p>29.01.2025 r (\u015broda) grupa IV &#8222;Gumisie&#8221;<\/p>\n\n\n\n<p>30.01.2025 r (czwartek) grupa V &#8222;Nied\u017awiadki&#8221;<\/p>\n\n\n\n<p>31.01.2025 r (pi\u0105tek) grupa III &#8222;Misie&#8221;<\/p>\n\n\n\n<p>Wszystkie uroczysto\u015bci rozpoczynaj\u0105 si\u0119 o godzinie 10:00.<\/p>\n","protected":false},"excerpt":{"rendered":"<p>Serdecznie zapraszamy Babcie i Dziadk\u00f3w naszych przedszkolak\u00f3w na uroczysto\u015bci przygotowane dla Nich w nast\u0119puj\u0105cych dniach: 27.01.2025 r (poniedzia\u0142ek) grupa I &#8222;Puchatki&#8221; 28.01.2025 r (wtorek) grupa II &#8222;Uszatki&#8221; 29.01.2025 r (\u015broda) grupa IV &#8222;Gumisie&#8221; 30.01.2025 r (czwartek) grupa V &#8222;Nied\u017awiadki&#8221; 31.01.2025 r (pi\u0105tek) grupa III &#8222;Misie&#8221; Wszystkie uroczysto\u015bci rozpoczynaj\u0105 si\u0119 o godzinie 10:00.<\/p>\n","protected":false},"author":1,"featured_media":0,"comment_status":"closed","ping_status":"closed","sticky":false,"template":"","format":"standard","meta":{"jetpack_post_was_ever_published":false,"_jetpack_newsletter_access":"","_jetpack_dont_email_post_to_subs":false,"_jetpack_newsletter_tier_id":0,"_jetpack_memberships_contains_paywalled_content":false,"_jetpack_memberships_contains_paid_content":false,"footnotes":"","jetpack_publicize_message":"","jetpack_publicize_feature_enabled":true,"jetpack_social_post_already_shared":true,"jetpack_social_options":{"image_generator_settings":{"template":"highway","default_image_id":0,"font":"","enabled":false},"version":2}},"categories":[16],"tags":[],"class_list":["post-15188","post","type-post","status-publish","format-standard","hentry","category-nowosci"],"jetpack_publicize_connections":[],"jetpack_featured_media_url":"","jetpack_sharing_enabled":true,"jetpack_shortlink":"https:\/\/wp.me\/p7NQjT-3WY","jetpack-related-posts":[],"_links":{"self":[{"href":"https:\/\/przedszkole8.pl\/index.php?rest_route=\/wp\/v2\/posts\/15188","targetHints":{"allow":["GET"]}}],"collection":[{"href":"https:\/\/przedszkole8.pl\/index.php?rest_route=\/wp\/v2\/posts"}],"about":[{"href":"https:\/\/przedszkole8.pl\/index.php?rest_route=\/wp\/v2\/types\/post"}],"author":[{"embeddable":true,"href":"https:\/\/przedszkole8.pl\/index.php?rest_route=\/wp\/v2\/users\/1"}],"replies":[{"embeddable":true,"href":"https:\/\/przedszkole8.pl\/index.php?rest_route=%2Fwp%2Fv2%2Fcomments&post=15188"}],"version-history":[{"count":2,"href":"https:\/\/przedszkole8.pl\/index.php?rest_route=\/wp\/v2\/posts\/15188\/revisions"}],"predecessor-version":[{"id":15190,"href":"https:\/\/przedszkole8.pl\/index.php?rest_route=\/wp\/v2\/posts\/15188\/revisions\/15190"}],"wp:attachment":[{"href":"https:\/\/przedszkole8.pl\/index.php?rest_route=%2Fwp%2Fv2%2Fmedia&parent=15188"}],"wp:term":[{"taxonomy":"category","embeddable":true,"href":"https:\/\/przedszkole8.pl\/index.php?rest_route=%2Fwp%2Fv2%2Fcategories&post=15188"},{"taxonomy":"post_tag","embeddable":true,"href":"https:\/\/przedszkole8.pl\/index.php?rest_route=%2Fwp%2Fv2%2Ftags&post=15188"}],"curies":[{"name":"wp","href":"https:\/\/api.w.org\/{rel}","templated":true}]}}