{"id":14983,"date":"2024-11-20T10:09:49","date_gmt":"2024-11-20T10:09:49","guid":{"rendered":"https:\/\/przedszkole8.pl\/?p=14983"},"modified":"2024-11-20T10:10:08","modified_gmt":"2024-11-20T10:10:08","slug":"podziekowanie-za-darowizne","status":"publish","type":"post","link":"https:\/\/przedszkole8.pl\/?p=14983","title":{"rendered":"Podzi\u0119kowanie za darowizn\u0119"},"content":{"rendered":"\n<p>Sk\u0142adamy ogromne podzi\u0119kowania Mamie Zosi z grupy II i \u0141ukasza z grupy I za wsparcie, kt\u00f3re umo\u017cliwi\u0142o otrzymanie darowizny finansowej od Darczy\u0144cy, kt\u00f3ry wyrazi\u0142 wol\u0119 pozostania anonimowym. Przelane \u015brodki zostan\u0105 wykorzystane na zakup pomocy dydaktycznych do przedszkola.<\/p>\n","protected":false},"excerpt":{"rendered":"<p>Sk\u0142adamy ogromne podzi\u0119kowania Mamie Zosi z grupy II i \u0141ukasza z grupy I za wsparcie, kt\u00f3re umo\u017cliwi\u0142o otrzymanie darowizny finansowej od Darczy\u0144cy, kt\u00f3ry wyrazi\u0142 wol\u0119 pozostania anonimowym. Przelane \u015brodki zostan\u0105 wykorzystane na zakup pomocy dydaktycznych do przedszkola.<\/p>\n","protected":false},"author":1,"featured_media":0,"comment_status":"closed","ping_status":"closed","sticky":false,"template":"","format":"standard","meta":{"jetpack_post_was_ever_published":false,"_jetpack_newsletter_access":"","_jetpack_dont_email_post_to_subs":false,"_jetpack_newsletter_tier_id":0,"_jetpack_memberships_contains_paywalled_content":false,"_jetpack_memberships_contains_paid_content":false,"footnotes":"","jetpack_publicize_message":"","jetpack_publicize_feature_enabled":true,"jetpack_social_post_already_shared":true,"jetpack_social_options":{"image_generator_settings":{"template":"highway","default_image_id":0,"font":"","enabled":false},"version":2}},"categories":[15],"tags":[],"class_list":["post-14983","post","type-post","status-publish","format-standard","hentry","category-z-zycia-przedszkola"],"jetpack_publicize_connections":[],"jetpack_featured_media_url":"","jetpack_sharing_enabled":true,"jetpack_shortlink":"https:\/\/wp.me\/p7NQjT-3TF","jetpack-related-posts":[],"_links":{"self":[{"href":"https:\/\/przedszkole8.pl\/index.php?rest_route=\/wp\/v2\/posts\/14983","targetHints":{"allow":["GET"]}}],"collection":[{"href":"https:\/\/przedszkole8.pl\/index.php?rest_route=\/wp\/v2\/posts"}],"about":[{"href":"https:\/\/przedszkole8.pl\/index.php?rest_route=\/wp\/v2\/types\/post"}],"author":[{"embeddable":true,"href":"https:\/\/przedszkole8.pl\/index.php?rest_route=\/wp\/v2\/users\/1"}],"replies":[{"embeddable":true,"href":"https:\/\/przedszkole8.pl\/index.php?rest_route=%2Fwp%2Fv2%2Fcomments&post=14983"}],"version-history":[{"count":3,"href":"https:\/\/przedszkole8.pl\/index.php?rest_route=\/wp\/v2\/posts\/14983\/revisions"}],"predecessor-version":[{"id":15003,"href":"https:\/\/przedszkole8.pl\/index.php?rest_route=\/wp\/v2\/posts\/14983\/revisions\/15003"}],"wp:attachment":[{"href":"https:\/\/przedszkole8.pl\/index.php?rest_route=%2Fwp%2Fv2%2Fmedia&parent=14983"}],"wp:term":[{"taxonomy":"category","embeddable":true,"href":"https:\/\/przedszkole8.pl\/index.php?rest_route=%2Fwp%2Fv2%2Fcategories&post=14983"},{"taxonomy":"post_tag","embeddable":true,"href":"https:\/\/przedszkole8.pl\/index.php?rest_route=%2Fwp%2Fv2%2Ftags&post=14983"}],"curies":[{"name":"wp","href":"https:\/\/api.w.org\/{rel}","templated":true}]}}