{"id":14778,"date":"2024-10-16T14:57:03","date_gmt":"2024-10-16T14:57:03","guid":{"rendered":"https:\/\/przedszkole8.pl\/?p=14778"},"modified":"2024-10-16T14:57:05","modified_gmt":"2024-10-16T14:57:05","slug":"spacer-do-lasu-7","status":"publish","type":"post","link":"https:\/\/przedszkole8.pl\/?p=14778","title":{"rendered":"Spacer do lasu"},"content":{"rendered":"\n<p>W \u015brod\u0119 2 pa\u017adziernika grupa misiak\u00f3w wybra\u0142a si\u0119 do pobliskiego lasu. Podczas spaceru obserwowali\u015bmy zmiany zachodz\u0105ce w przyrodzie oraz rozmawiali\u015bmy o tym jak powinno si\u0119 zachowywa\u0107 w lesie. Dzieci bardzo dobrze wiedzia\u0142y, czego kategorycznie robi\u0107 nie wolno. Ws\u0142uchiwali\u015bmy si\u0119 tak\u017ce w odg\u0142osy przyrody i pr\u00f3bowali\u015bmy wyr\u00f3\u017cni\u0107 niekt\u00f3re z nich np. \u015bpiew ptak\u00f3w.<\/p>\n\n\n\n<figure class=\"wp-block-image is-resized\"><img data-recalc-dims=\"1\" loading=\"lazy\" decoding=\"async\" width=\"550\" height=\"733\" data-attachment-id=\"14776\" data-permalink=\"https:\/\/przedszkole8.pl\/?attachment_id=14776\" data-orig-file=\"https:\/\/i0.wp.com\/przedszkole8.pl\/wp-content\/uploads\/2024\/10\/462692160_563735226331465_5329728537634653503_n.jpg?fit=1296%2C1728&amp;ssl=1\" data-orig-size=\"1296,1728\" data-comments-opened=\"0\" data-image-meta=\"{&quot;aperture&quot;:&quot;0&quot;,&quot;credit&quot;:&quot;&quot;,&quot;camera&quot;:&quot;&quot;,&quot;caption&quot;:&quot;&quot;,&quot;created_timestamp&quot;:&quot;0&quot;,&quot;copyright&quot;:&quot;&quot;,&quot;focal_length&quot;:&quot;0&quot;,&quot;iso&quot;:&quot;0&quot;,&quot;shutter_speed&quot;:&quot;0&quot;,&quot;title&quot;:&quot;&quot;,&quot;orientation&quot;:&quot;0&quot;}\" data-image-title=\"462692160_563735226331465_5329728537634653503_n\" data-image-description=\"\" data-image-caption=\"\" data-medium-file=\"https:\/\/i0.wp.com\/przedszkole8.pl\/wp-content\/uploads\/2024\/10\/462692160_563735226331465_5329728537634653503_n.jpg?fit=225%2C300&amp;ssl=1\" data-large-file=\"https:\/\/i0.wp.com\/przedszkole8.pl\/wp-content\/uploads\/2024\/10\/462692160_563735226331465_5329728537634653503_n.jpg?fit=550%2C733&amp;ssl=1\" src=\"https:\/\/i0.wp.com\/przedszkole8.pl\/wp-content\/uploads\/2024\/10\/462692160_563735226331465_5329728537634653503_n.jpg?resize=550%2C733&#038;ssl=1\" alt=\"\" class=\"wp-image-14776\" style=\"width:339px;height:auto\" srcset=\"https:\/\/i0.wp.com\/przedszkole8.pl\/wp-content\/uploads\/2024\/10\/462692160_563735226331465_5329728537634653503_n.jpg?w=1296&amp;ssl=1 1296w, https:\/\/i0.wp.com\/przedszkole8.pl\/wp-content\/uploads\/2024\/10\/462692160_563735226331465_5329728537634653503_n.jpg?resize=225%2C300&amp;ssl=1 225w, https:\/\/i0.wp.com\/przedszkole8.pl\/wp-content\/uploads\/2024\/10\/462692160_563735226331465_5329728537634653503_n.jpg?resize=768%2C1024&amp;ssl=1 768w, https:\/\/i0.wp.com\/przedszkole8.pl\/wp-content\/uploads\/2024\/10\/462692160_563735226331465_5329728537634653503_n.jpg?resize=1152%2C1536&amp;ssl=1 1152w, https:\/\/i0.wp.com\/przedszkole8.pl\/wp-content\/uploads\/2024\/10\/462692160_563735226331465_5329728537634653503_n.jpg?w=1100&amp;ssl=1 1100w\" sizes=\"auto, (max-width: 550px) 100vw, 550px\" \/><\/figure>\n","protected":false},"excerpt":{"rendered":"<p>W \u015brod\u0119 2 pa\u017adziernika grupa misiak\u00f3w wybra\u0142a si\u0119 do pobliskiego lasu. Podczas spaceru obserwowali\u015bmy zmiany zachodz\u0105ce w przyrodzie oraz rozmawiali\u015bmy o tym jak powinno si\u0119 zachowywa\u0107 w lesie. Dzieci bardzo dobrze wiedzia\u0142y, czego kategorycznie robi\u0107 nie wolno. Ws\u0142uchiwali\u015bmy si\u0119 tak\u017ce w odg\u0142osy przyrody i pr\u00f3bowali\u015bmy wyr\u00f3\u017cni\u0107 niekt\u00f3re z nich np. \u015bpiew ptak\u00f3w.<\/p>\n","protected":false},"author":28,"featured_media":0,"comment_status":"closed","ping_status":"closed","sticky":false,"template":"","format":"standard","meta":{"jetpack_post_was_ever_published":false,"_jetpack_newsletter_access":"","_jetpack_dont_email_post_to_subs":true,"_jetpack_newsletter_tier_id":0,"_jetpack_memberships_contains_paywalled_content":false,"_jetpack_memberships_contains_paid_content":false,"footnotes":"","jetpack_publicize_message":"","jetpack_publicize_feature_enabled":true,"jetpack_social_post_already_shared":true,"jetpack_social_options":{"image_generator_settings":{"template":"highway","enabled":false},"version":2}},"categories":[50],"tags":[],"class_list":["post-14778","post","type-post","status-publish","format-standard","hentry","category-misie-24-25"],"jetpack_publicize_connections":[],"jetpack_featured_media_url":"","jetpack_sharing_enabled":true,"jetpack_shortlink":"https:\/\/wp.me\/p7NQjT-3Qm","jetpack-related-posts":[],"_links":{"self":[{"href":"https:\/\/przedszkole8.pl\/index.php?rest_route=\/wp\/v2\/posts\/14778","targetHints":{"allow":["GET"]}}],"collection":[{"href":"https:\/\/przedszkole8.pl\/index.php?rest_route=\/wp\/v2\/posts"}],"about":[{"href":"https:\/\/przedszkole8.pl\/index.php?rest_route=\/wp\/v2\/types\/post"}],"author":[{"embeddable":true,"href":"https:\/\/przedszkole8.pl\/index.php?rest_route=\/wp\/v2\/users\/28"}],"replies":[{"embeddable":true,"href":"https:\/\/przedszkole8.pl\/index.php?rest_route=%2Fwp%2Fv2%2Fcomments&post=14778"}],"version-history":[{"count":1,"href":"https:\/\/przedszkole8.pl\/index.php?rest_route=\/wp\/v2\/posts\/14778\/revisions"}],"predecessor-version":[{"id":14779,"href":"https:\/\/przedszkole8.pl\/index.php?rest_route=\/wp\/v2\/posts\/14778\/revisions\/14779"}],"wp:attachment":[{"href":"https:\/\/przedszkole8.pl\/index.php?rest_route=%2Fwp%2Fv2%2Fmedia&parent=14778"}],"wp:term":[{"taxonomy":"category","embeddable":true,"href":"https:\/\/przedszkole8.pl\/index.php?rest_route=%2Fwp%2Fv2%2Fcategories&post=14778"},{"taxonomy":"post_tag","embeddable":true,"href":"https:\/\/przedszkole8.pl\/index.php?rest_route=%2Fwp%2Fv2%2Ftags&post=14778"}],"curies":[{"name":"wp","href":"https:\/\/api.w.org\/{rel}","templated":true}]}}