{"id":14741,"date":"2024-10-15T17:30:29","date_gmt":"2024-10-15T17:30:29","guid":{"rendered":"https:\/\/przedszkole8.pl\/?p=14741"},"modified":"2024-10-16T16:55:21","modified_gmt":"2024-10-16T16:55:21","slug":"marszewo","status":"publish","type":"post","link":"https:\/\/przedszkole8.pl\/?p=14741","title":{"rendered":"Marszewo"},"content":{"rendered":"<p>W poniedzia\u0142ek 14 pa\u017adziernika uczestniczyli\u015bmy w warsztatch pt. &#8222;Dotknij lasu&#8221; prowadzonych przez le\u015bnik\u00f3w z Ogrodu Botanicznego Marszewo. Pan le\u015bnik opowiedzia\u0142 nam wiele ciekawostek na temat lasu, a przede wszystkim pokaza\u0142 nam, \u017ce w lesie mo\u017cna \u015bwietnie sp\u0119dza\u0107 czas. W pi\u0119knym jesiennym w\u0105wozie zbudowali\u015bmy wi\u0119c domki dla le\u015bnych krasnali &#8211; u\u017cywaj\u0105c patyk\u00f3w, szyszek, li\u015bci, mchu i wszystkiego, czego jeszcze las nam dostarczy\u0142. Po wspania\u0142ej zabawie nie zapomnieli\u015bmy po sobie posprz\u0105ta\u0107 odk\u0142adaj\u0105c na miejsca wszystkie u\u017cyte materia\u0142y.\u00a0Odwiedzili\u015bmy tak\u017ce magiczny szlak Alicji, na kt\u00f3rym spotkali\u015bmy wielkie le\u015bne stworzenia, ro\u015bliny i grzyby. Wycieczka do lasu dostarczy\u0142a nam wielu przyjemnych wra\u017ce\u0144.\u00a0<\/p>\n\n\n<figure class=\"wp-block-gallery has-nested-images columns-default is-cropped wp-block-gallery-1 is-layout-flex wp-block-gallery-is-layout-flex\">\n<figure class=\"wp-block-image size-large\"><a href=\"https:\/\/i0.wp.com\/przedszkole8.pl\/wp-content\/uploads\/2024\/10\/IMG_0956-scaled.jpg?ssl=1\"><img data-recalc-dims=\"1\" loading=\"lazy\" decoding=\"async\" width=\"550\" height=\"733\" data-attachment-id=\"14786\" data-permalink=\"https:\/\/przedszkole8.pl\/?attachment_id=14786\" data-orig-file=\"https:\/\/i0.wp.com\/przedszkole8.pl\/wp-content\/uploads\/2024\/10\/IMG_0956-scaled.jpg?fit=1920%2C2560&amp;ssl=1\" data-orig-size=\"1920,2560\" data-comments-opened=\"0\" data-image-meta=\"{&quot;aperture&quot;:&quot;3.2&quot;,&quot;credit&quot;:&quot;&quot;,&quot;camera&quot;:&quot;Canon IXUS 150&quot;,&quot;caption&quot;:&quot;&quot;,&quot;created_timestamp&quot;:&quot;1728903354&quot;,&quot;copyright&quot;:&quot;&quot;,&quot;focal_length&quot;:&quot;5&quot;,&quot;iso&quot;:&quot;100&quot;,&quot;shutter_speed&quot;:&quot;0.016666666666667&quot;,&quot;title&quot;:&quot;&quot;,&quot;orientation&quot;:&quot;1&quot;}\" data-image-title=\"IMG_0956\" data-image-description=\"\" data-image-caption=\"&lt;p&gt;Szlak Wiewi\u00f3rki&lt;\/p&gt;\n\" data-medium-file=\"https:\/\/i0.wp.com\/przedszkole8.pl\/wp-content\/uploads\/2024\/10\/IMG_0956-scaled.jpg?fit=225%2C300&amp;ssl=1\" data-large-file=\"https:\/\/i0.wp.com\/przedszkole8.pl\/wp-content\/uploads\/2024\/10\/IMG_0956-scaled.jpg?fit=550%2C733&amp;ssl=1\" data-id=\"14786\" src=\"https:\/\/i0.wp.com\/przedszkole8.pl\/wp-content\/uploads\/2024\/10\/IMG_0956.jpg?resize=550%2C733&#038;ssl=1\" alt=\"\" class=\"wp-image-14786\" srcset=\"https:\/\/i0.wp.com\/przedszkole8.pl\/wp-content\/uploads\/2024\/10\/IMG_0956-scaled.jpg?resize=768%2C1024&amp;ssl=1 768w, https:\/\/i0.wp.com\/przedszkole8.pl\/wp-content\/uploads\/2024\/10\/IMG_0956-scaled.jpg?resize=225%2C300&amp;ssl=1 225w, https:\/\/i0.wp.com\/przedszkole8.pl\/wp-content\/uploads\/2024\/10\/IMG_0956-scaled.jpg?resize=1152%2C1536&amp;ssl=1 1152w, https:\/\/i0.wp.com\/przedszkole8.pl\/wp-content\/uploads\/2024\/10\/IMG_0956-scaled.jpg?resize=1536%2C2048&amp;ssl=1 1536w, https:\/\/i0.wp.com\/przedszkole8.pl\/wp-content\/uploads\/2024\/10\/IMG_0956-scaled.jpg?w=1920&amp;ssl=1 1920w, https:\/\/i0.wp.com\/przedszkole8.pl\/wp-content\/uploads\/2024\/10\/IMG_0956-scaled.jpg?w=1100&amp;ssl=1 1100w, https:\/\/i0.wp.com\/przedszkole8.pl\/wp-content\/uploads\/2024\/10\/IMG_0956-scaled.jpg?w=1650&amp;ssl=1 1650w\" sizes=\"auto, (max-width: 550px) 100vw, 550px\" \/><\/a><figcaption class=\"wp-element-caption\">Szlak Wiewi\u00f3rki<\/figcaption><\/figure>\n\n\n\n<figure class=\"wp-block-image size-large\"><a href=\"https:\/\/i0.wp.com\/przedszkole8.pl\/wp-content\/uploads\/2024\/10\/IMG_0951-scaled.jpg?ssl=1\"><img data-recalc-dims=\"1\" loading=\"lazy\" decoding=\"async\" width=\"550\" height=\"413\" data-attachment-id=\"14785\" data-permalink=\"https:\/\/przedszkole8.pl\/?attachment_id=14785\" data-orig-file=\"https:\/\/i0.wp.com\/przedszkole8.pl\/wp-content\/uploads\/2024\/10\/IMG_0951-scaled.jpg?fit=2560%2C1920&amp;ssl=1\" data-orig-size=\"2560,1920\" data-comments-opened=\"0\" data-image-meta=\"{&quot;aperture&quot;:&quot;3.2&quot;,&quot;credit&quot;:&quot;&quot;,&quot;camera&quot;:&quot;Canon IXUS 150&quot;,&quot;caption&quot;:&quot;&quot;,&quot;created_timestamp&quot;:&quot;1728902914&quot;,&quot;copyright&quot;:&quot;&quot;,&quot;focal_length&quot;:&quot;5&quot;,&quot;iso&quot;:&quot;160&quot;,&quot;shutter_speed&quot;:&quot;0.033333333333333&quot;,&quot;title&quot;:&quot;&quot;,&quot;orientation&quot;:&quot;1&quot;}\" data-image-title=\"IMG_0951\" data-image-description=\"\" data-image-caption=\"&lt;p&gt;Marszewo&lt;\/p&gt;\n\" data-medium-file=\"https:\/\/i0.wp.com\/przedszkole8.pl\/wp-content\/uploads\/2024\/10\/IMG_0951-scaled.jpg?fit=300%2C225&amp;ssl=1\" data-large-file=\"https:\/\/i0.wp.com\/przedszkole8.pl\/wp-content\/uploads\/2024\/10\/IMG_0951-scaled.jpg?fit=550%2C413&amp;ssl=1\" data-id=\"14785\" src=\"https:\/\/i0.wp.com\/przedszkole8.pl\/wp-content\/uploads\/2024\/10\/IMG_0951.jpg?resize=550%2C413&#038;ssl=1\" alt=\"\" class=\"wp-image-14785\" srcset=\"https:\/\/i0.wp.com\/przedszkole8.pl\/wp-content\/uploads\/2024\/10\/IMG_0951-scaled.jpg?resize=1024%2C768&amp;ssl=1 1024w, https:\/\/i0.wp.com\/przedszkole8.pl\/wp-content\/uploads\/2024\/10\/IMG_0951-scaled.jpg?resize=300%2C225&amp;ssl=1 300w, https:\/\/i0.wp.com\/przedszkole8.pl\/wp-content\/uploads\/2024\/10\/IMG_0951-scaled.jpg?resize=768%2C576&amp;ssl=1 768w, https:\/\/i0.wp.com\/przedszkole8.pl\/wp-content\/uploads\/2024\/10\/IMG_0951-scaled.jpg?resize=1536%2C1152&amp;ssl=1 1536w, https:\/\/i0.wp.com\/przedszkole8.pl\/wp-content\/uploads\/2024\/10\/IMG_0951-scaled.jpg?resize=2048%2C1536&amp;ssl=1 2048w, https:\/\/i0.wp.com\/przedszkole8.pl\/wp-content\/uploads\/2024\/10\/IMG_0951-scaled.jpg?w=1100&amp;ssl=1 1100w, https:\/\/i0.wp.com\/przedszkole8.pl\/wp-content\/uploads\/2024\/10\/IMG_0951-scaled.jpg?w=1650&amp;ssl=1 1650w\" sizes=\"auto, (max-width: 550px) 100vw, 550px\" \/><\/a><figcaption class=\"wp-element-caption\">Marszewo<\/figcaption><\/figure>\n\n\n\n<figure class=\"wp-block-image size-large\"><a href=\"https:\/\/i0.wp.com\/przedszkole8.pl\/wp-content\/uploads\/2024\/10\/20241014_110920-scaled.jpg?ssl=1\"><img data-recalc-dims=\"1\" loading=\"lazy\" decoding=\"async\" width=\"550\" height=\"309\" data-attachment-id=\"14742\" data-permalink=\"https:\/\/przedszkole8.pl\/?attachment_id=14742\" data-orig-file=\"https:\/\/i0.wp.com\/przedszkole8.pl\/wp-content\/uploads\/2024\/10\/20241014_110920-scaled.jpg?fit=2560%2C1440&amp;ssl=1\" data-orig-size=\"2560,1440\" data-comments-opened=\"0\" data-image-meta=\"{&quot;aperture&quot;:&quot;1.7&quot;,&quot;credit&quot;:&quot;&quot;,&quot;camera&quot;:&quot;SM-A405FN&quot;,&quot;caption&quot;:&quot;&quot;,&quot;created_timestamp&quot;:&quot;1728904160&quot;,&quot;copyright&quot;:&quot;&quot;,&quot;focal_length&quot;:&quot;3.92&quot;,&quot;iso&quot;:&quot;40&quot;,&quot;shutter_speed&quot;:&quot;0.0054054054054054&quot;,&quot;title&quot;:&quot;&quot;,&quot;orientation&quot;:&quot;1&quot;}\" data-image-title=\"20241014_110920\" data-image-description=\"\" data-image-caption=\"&lt;p&gt;Szlak Wiewi\u00f3rki&lt;\/p&gt;\n\" data-medium-file=\"https:\/\/i0.wp.com\/przedszkole8.pl\/wp-content\/uploads\/2024\/10\/20241014_110920-scaled.jpg?fit=300%2C169&amp;ssl=1\" data-large-file=\"https:\/\/i0.wp.com\/przedszkole8.pl\/wp-content\/uploads\/2024\/10\/20241014_110920-scaled.jpg?fit=550%2C309&amp;ssl=1\" data-id=\"14742\" src=\"https:\/\/i0.wp.com\/przedszkole8.pl\/wp-content\/uploads\/2024\/10\/20241014_110920.jpg?resize=550%2C309&#038;ssl=1\" alt=\"\" class=\"wp-image-14742\" srcset=\"https:\/\/i0.wp.com\/przedszkole8.pl\/wp-content\/uploads\/2024\/10\/20241014_110920-scaled.jpg?resize=1024%2C576&amp;ssl=1 1024w, https:\/\/i0.wp.com\/przedszkole8.pl\/wp-content\/uploads\/2024\/10\/20241014_110920-scaled.jpg?resize=300%2C169&amp;ssl=1 300w, https:\/\/i0.wp.com\/przedszkole8.pl\/wp-content\/uploads\/2024\/10\/20241014_110920-scaled.jpg?resize=768%2C432&amp;ssl=1 768w, https:\/\/i0.wp.com\/przedszkole8.pl\/wp-content\/uploads\/2024\/10\/20241014_110920-scaled.jpg?resize=1536%2C864&amp;ssl=1 1536w, https:\/\/i0.wp.com\/przedszkole8.pl\/wp-content\/uploads\/2024\/10\/20241014_110920-scaled.jpg?resize=2048%2C1152&amp;ssl=1 2048w, https:\/\/i0.wp.com\/przedszkole8.pl\/wp-content\/uploads\/2024\/10\/20241014_110920-scaled.jpg?w=1100&amp;ssl=1 1100w, https:\/\/i0.wp.com\/przedszkole8.pl\/wp-content\/uploads\/2024\/10\/20241014_110920-scaled.jpg?w=1650&amp;ssl=1 1650w\" sizes=\"auto, (max-width: 550px) 100vw, 550px\" \/><\/a><figcaption class=\"wp-element-caption\">Szlak Wiewi\u00f3rki<\/figcaption><\/figure>\n<\/figure>\n","protected":false},"excerpt":{"rendered":"<p>W poniedzia\u0142ek 14 pa\u017adziernika uczestniczyli\u015bmy w warsztatch pt. &#8222;Dotknij lasu&#8221; prowadzonych przez le\u015bnik\u00f3w z Ogrodu Botanicznego Marszewo. Pan le\u015bnik opowiedzia\u0142 nam wiele ciekawostek na temat lasu, a przede wszystkim pokaza\u0142 nam, \u017ce w lesie mo\u017cna \u015bwietnie sp\u0119dza\u0107 czas. W pi\u0119knym jesiennym w\u0105wozie zbudowali\u015bmy wi\u0119c domki dla le\u015bnych krasnali &#8211; u\u017cywaj\u0105c patyk\u00f3w, szyszek, li\u015bci, mchu i<\/p>\n","protected":false},"author":24,"featured_media":0,"comment_status":"closed","ping_status":"closed","sticky":false,"template":"","format":"standard","meta":{"jetpack_post_was_ever_published":false,"_jetpack_newsletter_access":"","_jetpack_dont_email_post_to_subs":false,"_jetpack_newsletter_tier_id":0,"_jetpack_memberships_contains_paywalled_content":false,"_jetpack_memberships_contains_paid_content":false,"footnotes":"","jetpack_publicize_message":"","jetpack_publicize_feature_enabled":true,"jetpack_social_post_already_shared":true,"jetpack_social_options":{"image_generator_settings":{"template":"highway","default_image_id":0,"font":"","enabled":false},"version":2}},"categories":[52],"tags":[],"class_list":["post-14741","post","type-post","status-publish","format-standard","hentry","category-niedzwiadki-24-25"],"jetpack_publicize_connections":[],"jetpack_featured_media_url":"","jetpack_sharing_enabled":true,"jetpack_shortlink":"https:\/\/wp.me\/s7NQjT-marszewo","jetpack-related-posts":[],"_links":{"self":[{"href":"https:\/\/przedszkole8.pl\/index.php?rest_route=\/wp\/v2\/posts\/14741","targetHints":{"allow":["GET"]}}],"collection":[{"href":"https:\/\/przedszkole8.pl\/index.php?rest_route=\/wp\/v2\/posts"}],"about":[{"href":"https:\/\/przedszkole8.pl\/index.php?rest_route=\/wp\/v2\/types\/post"}],"author":[{"embeddable":true,"href":"https:\/\/przedszkole8.pl\/index.php?rest_route=\/wp\/v2\/users\/24"}],"replies":[{"embeddable":true,"href":"https:\/\/przedszkole8.pl\/index.php?rest_route=%2Fwp%2Fv2%2Fcomments&post=14741"}],"version-history":[{"count":2,"href":"https:\/\/przedszkole8.pl\/index.php?rest_route=\/wp\/v2\/posts\/14741\/revisions"}],"predecessor-version":[{"id":14788,"href":"https:\/\/przedszkole8.pl\/index.php?rest_route=\/wp\/v2\/posts\/14741\/revisions\/14788"}],"wp:attachment":[{"href":"https:\/\/przedszkole8.pl\/index.php?rest_route=%2Fwp%2Fv2%2Fmedia&parent=14741"}],"wp:term":[{"taxonomy":"category","embeddable":true,"href":"https:\/\/przedszkole8.pl\/index.php?rest_route=%2Fwp%2Fv2%2Fcategories&post=14741"},{"taxonomy":"post_tag","embeddable":true,"href":"https:\/\/przedszkole8.pl\/index.php?rest_route=%2Fwp%2Fv2%2Ftags&post=14741"}],"curies":[{"name":"wp","href":"https:\/\/api.w.org\/{rel}","templated":true}]}}