{"id":14739,"date":"2024-10-08T15:18:47","date_gmt":"2024-10-08T15:18:47","guid":{"rendered":"https:\/\/przedszkole8.pl\/?p=14739"},"modified":"2024-10-08T15:18:49","modified_gmt":"2024-10-08T15:18:49","slug":"spacer-do-lasu-6","status":"publish","type":"post","link":"https:\/\/przedszkole8.pl\/?p=14739","title":{"rendered":"Spacer do lasu"},"content":{"rendered":"<p>We wtorek 8 pa\u017adziernika wybrali\u015bmy si\u0119 na spacer do pobliskiego lasu. Dzie\u0144 nie by\u0142 przypadkowy &#8211; w tym tygodniu rozmawiamy o drzewach i lesie, a w czwartek 10.10. przypada Dzie\u0144 Drzewa. Podczas wyj\u015bcia wypatrywali\u015bmy oznak jesieni &#8211; uda\u0142o nam si\u0119 znale\u017a\u0107 kolorowe li\u015bcie, \u017co\u0142\u0119dzie i grzyby. W czasie spaceru zadbali\u015bmy o las i pozbierali\u015bmy \u015bmieci, kt\u00f3re le\u017ca\u0142y na \u015bcie\u017cce. Wspieli\u015bmy si\u0119 tak\u017ce na wysok\u0105 g\u00f3r\u0119, z kt\u00f3rej podziwiali\u015bmy widok na miasto. Odr\u00f3\u017cniali\u015bmy tak\u017ce drzewa li\u015bciaste od iglastych i starali\u015bmy si\u0119 nazywa\u0107 poszczeg\u00f3lne gatunki tych ro\u015blin.\u00a0<\/p>\n\n\n<figure class=\"wp-block-image size-large\"><a href=\"https:\/\/i0.wp.com\/przedszkole8.pl\/wp-content\/uploads\/2024\/10\/20241008_113830-scaled.jpg?ssl=1\"><img data-recalc-dims=\"1\" loading=\"lazy\" decoding=\"async\" width=\"550\" height=\"309\" data-attachment-id=\"14738\" data-permalink=\"https:\/\/przedszkole8.pl\/?attachment_id=14738\" data-orig-file=\"https:\/\/i0.wp.com\/przedszkole8.pl\/wp-content\/uploads\/2024\/10\/20241008_113830-scaled.jpg?fit=2560%2C1440&amp;ssl=1\" data-orig-size=\"2560,1440\" data-comments-opened=\"0\" data-image-meta=\"{&quot;aperture&quot;:&quot;1.7&quot;,&quot;credit&quot;:&quot;&quot;,&quot;camera&quot;:&quot;SM-A405FN&quot;,&quot;caption&quot;:&quot;&quot;,&quot;created_timestamp&quot;:&quot;1728387509&quot;,&quot;copyright&quot;:&quot;&quot;,&quot;focal_length&quot;:&quot;3.92&quot;,&quot;iso&quot;:&quot;40&quot;,&quot;shutter_speed&quot;:&quot;0.008&quot;,&quot;title&quot;:&quot;&quot;,&quot;orientation&quot;:&quot;1&quot;}\" data-image-title=\"20241008_113830\" data-image-description=\"\" data-image-caption=\"\" data-medium-file=\"https:\/\/i0.wp.com\/przedszkole8.pl\/wp-content\/uploads\/2024\/10\/20241008_113830-scaled.jpg?fit=300%2C169&amp;ssl=1\" data-large-file=\"https:\/\/i0.wp.com\/przedszkole8.pl\/wp-content\/uploads\/2024\/10\/20241008_113830-scaled.jpg?fit=550%2C309&amp;ssl=1\" src=\"https:\/\/i0.wp.com\/przedszkole8.pl\/wp-content\/uploads\/2024\/10\/20241008_113830.jpg?resize=550%2C309&#038;ssl=1\" alt=\"\" class=\"wp-image-14738\" srcset=\"https:\/\/i0.wp.com\/przedszkole8.pl\/wp-content\/uploads\/2024\/10\/20241008_113830-scaled.jpg?resize=1024%2C576&amp;ssl=1 1024w, https:\/\/i0.wp.com\/przedszkole8.pl\/wp-content\/uploads\/2024\/10\/20241008_113830-scaled.jpg?resize=300%2C169&amp;ssl=1 300w, https:\/\/i0.wp.com\/przedszkole8.pl\/wp-content\/uploads\/2024\/10\/20241008_113830-scaled.jpg?resize=768%2C432&amp;ssl=1 768w, https:\/\/i0.wp.com\/przedszkole8.pl\/wp-content\/uploads\/2024\/10\/20241008_113830-scaled.jpg?resize=1536%2C864&amp;ssl=1 1536w, https:\/\/i0.wp.com\/przedszkole8.pl\/wp-content\/uploads\/2024\/10\/20241008_113830-scaled.jpg?resize=2048%2C1152&amp;ssl=1 2048w, https:\/\/i0.wp.com\/przedszkole8.pl\/wp-content\/uploads\/2024\/10\/20241008_113830-scaled.jpg?w=1100&amp;ssl=1 1100w, https:\/\/i0.wp.com\/przedszkole8.pl\/wp-content\/uploads\/2024\/10\/20241008_113830-scaled.jpg?w=1650&amp;ssl=1 1650w\" sizes=\"auto, (max-width: 550px) 100vw, 550px\" \/><\/a><\/figure>\n","protected":false},"excerpt":{"rendered":"<p>We wtorek 8 pa\u017adziernika wybrali\u015bmy si\u0119 na spacer do pobliskiego lasu. Dzie\u0144 nie by\u0142 przypadkowy &#8211; w tym tygodniu rozmawiamy o drzewach i lesie, a w czwartek 10.10. przypada Dzie\u0144 Drzewa. Podczas wyj\u015bcia wypatrywali\u015bmy oznak jesieni &#8211; uda\u0142o nam si\u0119 znale\u017a\u0107 kolorowe li\u015bcie, \u017co\u0142\u0119dzie i grzyby. W czasie spaceru zadbali\u015bmy o las i pozbierali\u015bmy \u015bmieci,<\/p>\n","protected":false},"author":24,"featured_media":0,"comment_status":"closed","ping_status":"closed","sticky":false,"template":"","format":"standard","meta":{"jetpack_post_was_ever_published":false,"_jetpack_newsletter_access":"","_jetpack_dont_email_post_to_subs":false,"_jetpack_newsletter_tier_id":0,"_jetpack_memberships_contains_paywalled_content":false,"_jetpack_memberships_contains_paid_content":false,"footnotes":"","jetpack_publicize_message":"","jetpack_publicize_feature_enabled":true,"jetpack_social_post_already_shared":true,"jetpack_social_options":{"image_generator_settings":{"template":"highway","default_image_id":0,"font":"","enabled":false},"version":2}},"categories":[52],"tags":[],"class_list":["post-14739","post","type-post","status-publish","format-standard","hentry","category-niedzwiadki-24-25"],"jetpack_publicize_connections":[],"jetpack_featured_media_url":"","jetpack_sharing_enabled":true,"jetpack_shortlink":"https:\/\/wp.me\/p7NQjT-3PJ","jetpack-related-posts":[],"_links":{"self":[{"href":"https:\/\/przedszkole8.pl\/index.php?rest_route=\/wp\/v2\/posts\/14739","targetHints":{"allow":["GET"]}}],"collection":[{"href":"https:\/\/przedszkole8.pl\/index.php?rest_route=\/wp\/v2\/posts"}],"about":[{"href":"https:\/\/przedszkole8.pl\/index.php?rest_route=\/wp\/v2\/types\/post"}],"author":[{"embeddable":true,"href":"https:\/\/przedszkole8.pl\/index.php?rest_route=\/wp\/v2\/users\/24"}],"replies":[{"embeddable":true,"href":"https:\/\/przedszkole8.pl\/index.php?rest_route=%2Fwp%2Fv2%2Fcomments&post=14739"}],"version-history":[{"count":1,"href":"https:\/\/przedszkole8.pl\/index.php?rest_route=\/wp\/v2\/posts\/14739\/revisions"}],"predecessor-version":[{"id":14740,"href":"https:\/\/przedszkole8.pl\/index.php?rest_route=\/wp\/v2\/posts\/14739\/revisions\/14740"}],"wp:attachment":[{"href":"https:\/\/przedszkole8.pl\/index.php?rest_route=%2Fwp%2Fv2%2Fmedia&parent=14739"}],"wp:term":[{"taxonomy":"category","embeddable":true,"href":"https:\/\/przedszkole8.pl\/index.php?rest_route=%2Fwp%2Fv2%2Fcategories&post=14739"},{"taxonomy":"post_tag","embeddable":true,"href":"https:\/\/przedszkole8.pl\/index.php?rest_route=%2Fwp%2Fv2%2Ftags&post=14739"}],"curies":[{"name":"wp","href":"https:\/\/api.w.org\/{rel}","templated":true}]}}