{"id":14443,"date":"2024-05-26T19:20:07","date_gmt":"2024-05-26T19:20:07","guid":{"rendered":"http:\/\/przedszkole8.pl\/?p=14443"},"modified":"2024-05-26T19:20:07","modified_gmt":"2024-05-26T19:20:07","slug":"urodzinki-majowych-jubilatow","status":"publish","type":"post","link":"https:\/\/przedszkole8.pl\/?p=14443","title":{"rendered":"Urodzinki majowych Jubilat\u00f3w"},"content":{"rendered":"<p>W \u015brod\u0119 22 maja obchodzili\u015bmy w naszej grupie urodziny Hani, Miko\u0142aja, Kajetana i Leona. Wyr\u00f3\u017cnili\u015bmy ich motylami na opaskach, bo maj kojarzy si\u0119 nam z motylami. Tradycyjnie za\u015bpiewali\u015bmy piosenk\u0119 i z\u0142o\u017cyli\u015bmy Jubilatom \u017cyczenia. Potem ucztowali\u015bmy przy stole z naszymi ulubionymi smako\u0142ykami. Hania i ch\u0142opcy z wielkim wysi\u0142kiem dobrali si\u0119 do cukierk\u00f3w z piniaty. Potem odby\u0142y si\u0119 konkursy, ta\u0144ce i zabawy. Rodzicom Jubilat\u00f3w dzi\u0119kujemy za dekoracje, piniat\u0119, napoje, owoce i inne pyszno\u015bci.<\/p>\n","protected":false},"excerpt":{"rendered":"<p>W \u015brod\u0119 22 maja obchodzili\u015bmy w naszej grupie urodziny Hani, Miko\u0142aja, Kajetana i Leona. Wyr\u00f3\u017cnili\u015bmy ich motylami na opaskach, bo maj kojarzy si\u0119 nam z motylami. Tradycyjnie za\u015bpiewali\u015bmy piosenk\u0119 i z\u0142o\u017cyli\u015bmy Jubilatom \u017cyczenia. Potem ucztowali\u015bmy przy stole z naszymi ulubionymi smako\u0142ykami. Hania i ch\u0142opcy z wielkim wysi\u0142kiem dobrali si\u0119 do cukierk\u00f3w z piniaty. Potem odby\u0142y<\/p>\n","protected":false},"author":20,"featured_media":0,"comment_status":"closed","ping_status":"closed","sticky":false,"template":"","format":"standard","meta":{"jetpack_post_was_ever_published":false,"_jetpack_newsletter_access":"","_jetpack_dont_email_post_to_subs":false,"_jetpack_newsletter_tier_id":0,"_jetpack_memberships_contains_paywalled_content":false,"_jetpack_memberships_contains_paid_content":false,"footnotes":"","jetpack_publicize_message":"","jetpack_publicize_feature_enabled":true,"jetpack_social_post_already_shared":true,"jetpack_social_options":{"image_generator_settings":{"template":"highway","default_image_id":0,"font":"","enabled":false},"version":2}},"categories":[46],"tags":[],"class_list":["post-14443","post","type-post","status-publish","format-standard","hentry","category-niedzwiadki-2023-2024"],"jetpack_publicize_connections":[],"jetpack_featured_media_url":"","jetpack_sharing_enabled":true,"jetpack_shortlink":"https:\/\/wp.me\/p7NQjT-3KX","jetpack-related-posts":[],"_links":{"self":[{"href":"https:\/\/przedszkole8.pl\/index.php?rest_route=\/wp\/v2\/posts\/14443","targetHints":{"allow":["GET"]}}],"collection":[{"href":"https:\/\/przedszkole8.pl\/index.php?rest_route=\/wp\/v2\/posts"}],"about":[{"href":"https:\/\/przedszkole8.pl\/index.php?rest_route=\/wp\/v2\/types\/post"}],"author":[{"embeddable":true,"href":"https:\/\/przedszkole8.pl\/index.php?rest_route=\/wp\/v2\/users\/20"}],"replies":[{"embeddable":true,"href":"https:\/\/przedszkole8.pl\/index.php?rest_route=%2Fwp%2Fv2%2Fcomments&post=14443"}],"version-history":[{"count":1,"href":"https:\/\/przedszkole8.pl\/index.php?rest_route=\/wp\/v2\/posts\/14443\/revisions"}],"predecessor-version":[{"id":14444,"href":"https:\/\/przedszkole8.pl\/index.php?rest_route=\/wp\/v2\/posts\/14443\/revisions\/14444"}],"wp:attachment":[{"href":"https:\/\/przedszkole8.pl\/index.php?rest_route=%2Fwp%2Fv2%2Fmedia&parent=14443"}],"wp:term":[{"taxonomy":"category","embeddable":true,"href":"https:\/\/przedszkole8.pl\/index.php?rest_route=%2Fwp%2Fv2%2Fcategories&post=14443"},{"taxonomy":"post_tag","embeddable":true,"href":"https:\/\/przedszkole8.pl\/index.php?rest_route=%2Fwp%2Fv2%2Ftags&post=14443"}],"curies":[{"name":"wp","href":"https:\/\/api.w.org\/{rel}","templated":true}]}}